[{"id":1244,"date":"2024-08-28T22:04:37","date_gmt":"2024-08-29T03:04:37","guid":{"rendered":"https:\/\/r9.ieee.org\/peru-ras\/?p=1244"},"modified":"2024-08-28T22:04:37","modified_gmt":"2024-08-29T03:04:37","slug":"finalizo-el-humanoid-robotics-festival-2024","status":"publish","type":"post","link":"https:\/\/r9.ieee.org\/peru-ras\/noticias\/finalizo-el-humanoid-robotics-festival-2024\/","title":{"rendered":"Finaliz\u00f3 el Humanoid Robotics Festival 2024"},"content":{"rendered":"<p>Despu\u00e9s de tres d\u00edas intensos y llenos de trabajo en la organizaci\u00f3n, podemos decir con orgullo que, \u00a1frente a todas las adversidades, lo logramos! Logramos crear un evento \u00fanico que impuls\u00f3 el campo de la rob\u00f3tica humanoide en Per\u00fa. Aquellos que no estaban familiarizados con el tema tuvieron la oportunidad de sentirse parte del ecosistema tecnol\u00f3gico, generando reflexiones y nuevas perspectivas.<\/p>\n<p>La organizaci\u00f3n del Humanoid Robotics Festival 2024 fue una tarea desafiante, pero llena de aprendizajes valiosos para mejorar en futuras ediciones. Queremos expresar nuestro profundo agradecimiento a todas las organizaciones que se sumaron a esta iniciativa, incluyendo al Colegio de Ingenieros del Per\u00fa-CN, la Universidad Nacional Mayor de San Marcos, especialmente la Escuela de Ingenier\u00eda Electr\u00f3nica e Industrial, y a RoboticsLab, con un reconocimiento especial a los equipos de RoboticsLab UNMSM, RoboticsLab UNT, RoboticsLab UCSM y RoboticsLab UNAC, que pusieron todo su esfuerzo en los torneos preliminares.<\/p>\n<p>Nuestro m\u00e1s sincero agradecimiento tambi\u00e9n va dirigido a los jurados, Carlos Otiniano, Nestor Cencho, Benjamin Tello, y a todos los competidores que se sumaron y formaron parte de esta gran iniciativa. Tambi\u00e9n agradecemos a los panelistas que participaron activamente en el evento.<\/p>\n<p>No podemos dejar de mencionar a los colaboradores que difundieron el evento en redes sociales, a las bandas y elencos art\u00edsticos, especialmente al elenco de la UNAC, que, a pesar de todas las dificultades, logr\u00f3 estar presente. Agradecemos tambi\u00e9n al Dr. Ra\u00fal Benites y al Dr. \u00d3scar Tinoco por su participaci\u00f3n activa, y al Dr. Dar\u00edo Utrilla por su constante disposici\u00f3n. Asimismo, agradecemos a los profesores que se sumaron para apoyar, como el Prof. Moscoso y el Prof. Hinojosa, as\u00ed como al Dr. Daniel Chirinos y al Ing. Mart\u00edn Ortiz de La Cantuta, quienes aportaron con 225 gaseosas sin que se les pidiera, siempre ofreciendo su ayuda cuando m\u00e1s se necesitaba. Estos gestos merecen todo nuestro reconocimiento.<\/p>\n<p>Finalmente, agradecemos a todos los asistentes: estudiantes, profesionales y administrativos que fueron parte de esta incre\u00edble iniciativa.<\/p>\n<p>El Humanoid Robotics Festival 2024 no es el fin, sino el medio para lograr algo m\u00e1s grande. Este es solo el primer paso hacia un futuro lleno de innovaci\u00f3n y desarrollo en el campo de la rob\u00f3tica humanoide. Gracias a todos los que nos acompa\u00f1aron en esta emocionante aventura.<\/p>\n<p>Queremos cerrar este evento con un mensaje de inspiraci\u00f3n para toda nuestra comunidad RAS en Per\u00fa. El \u00e9xito del Humanoid Robotics Festival 2024 no solo marca un hito en la historia de la rob\u00f3tica en nuestro pa\u00eds, sino que tambi\u00e9n demuestra lo que podemos lograr cuando trabajamos juntos con pasi\u00f3n y determinaci\u00f3n.<\/p>\n<p>Este festival es solo el comienzo. Nos muestra que el camino de la innovaci\u00f3n y el desarrollo est\u00e1 lleno de desaf\u00edos, pero tambi\u00e9n de grandes recompensas. Cada idea, cada proyecto y cada esfuerzo que se materializa en eventos como este, nos acerca un paso m\u00e1s a un futuro donde la rob\u00f3tica no solo es una realidad, sino una fuerza transformadora en la sociedad.<\/p>\n<p>Les animamos a seguir so\u00f1ando en grande, a colaborar, a compartir conocimientos y a ser agentes de cambio en sus comunidades. Nuestra misi\u00f3n como IEEE RAS PER\u00da es continuar impulsando el crecimiento de la rob\u00f3tica en el pa\u00eds, y para ello necesitamos la energ\u00eda y el compromiso de cada uno de ustedes.<\/p>\n<p>Sigamos avanzando juntos, construyendo un Per\u00fa m\u00e1s tecnol\u00f3gico, m\u00e1s innovador, y sobre todo, m\u00e1s unido. Este es solo el primer cap\u00edtulo de una historia que estamos escribiendo juntos. \u00a1Adelante, comunidad RAS Per\u00fa! El futuro est\u00e1 en nuestras manos.<\/p>\n<p>&nbsp;<\/p>\n<p><img decoding=\"async\" src=\"https:\/\/scontent.flim38-1.fna.fbcdn.net\/v\/t39.30808-6\/455832054_1042919917837181_6136441158624394273_n.jpg?_nc_cat=103&amp;ccb=1-7&amp;_nc_sid=cc71e4&amp;_nc_eui2=AeE0LlRa5x1pxu4_E5Z2ziUDKgI80iySuMoqAjzSLJK4yvQ4iy8Iakevsm0UXiqAWOhtuaTmHN6cEfEVm4ugIUwU&amp;_nc_ohc=w0ay0-X9-gYQ7kNvgG98-gu&amp;_nc_ht=scontent.flim38-1.fna&amp;oh=00_AYAaccY90psaddyfQtkOcClwC4jroPV1ljyo0Nn0OK0V2A&amp;oe=66D5D019\" alt=\"Puede ser una imagen de 3 personas y clarinete\" \/><\/p>\n","protected":false},"excerpt":{"rendered":"<p>Despu\u00e9s de tres d\u00edas intensos y llenos de trabajo en la organizaci\u00f3n, podemos decir con orgullo que, \u00a1frente a todas las adversidades, lo logramos! Logramos crear un evento \u00fanico que [&hellip;]<\/p>\n","protected":false},"author":272,"featured_media":1245,"comment_status":"closed","ping_status":"closed","sticky":false,"template":"","format":"standard","meta":{"footnotes":""},"categories":[8],"tags":[60,25,64,17],"class_list":["post-1244","post","type-post","status-publish","format-standard","hentry","category-noticias","tag-hrfest2024","tag-humanoide","tag-noticias","tag-robotica"],"yoast_head":"<!-- This site is optimized with the Yoast SEO plugin v27.5 - https:\/\/yoast.com\/product\/yoast-seo-wordpress\/ -->\n<title>Finaliz\u00f3 el Humanoid Robotics Festival 2024 - RAS PER\u00da<\/title>\n<meta name=\"robots\" content=\"index, follow, max-snippet:-1, max-image-preview:large, max-video-preview:-1\" \/>\n<link rel=\"canonical\" href=\"https:\/\/r9.ieee.org\/peru-ras\/noticias\/finalizo-el-humanoid-robotics-festival-2024\/\" \/>\n<meta property=\"og:locale\" content=\"es_ES\" \/>\n<meta property=\"og:type\" content=\"article\" \/>\n<meta property=\"og:title\" content=\"Finaliz\u00f3 el Humanoid Robotics Festival 2024 - RAS PER\u00da\" \/>\n<meta property=\"og:description\" content=\"Despu\u00e9s de tres d\u00edas intensos y llenos de trabajo en la organizaci\u00f3n, podemos decir con orgullo que, \u00a1frente a todas las adversidades, lo logramos! Logramos crear un evento \u00fanico que [&hellip;]\" \/>\n<meta property=\"og:url\" content=\"https:\/\/r9.ieee.org\/peru-ras\/noticias\/finalizo-el-humanoid-robotics-festival-2024\/\" \/>\n<meta property=\"og:site_name\" content=\"RAS PER\u00da\" \/>\n<meta property=\"article:publisher\" content=\"https:\/\/www.facebook.com\/ieeerasperu\/\" \/>\n<meta property=\"article:published_time\" content=\"2024-08-29T03:04:37+00:00\" \/>\n<meta property=\"og:image\" content=\"https:\/\/r9.ieee.org\/peru-ras\/wp-content\/uploads\/sites\/81\/455832054_1042919917837181_6136441158624394273_n.jpg\" \/>\n\t<meta property=\"og:image:width\" content=\"2048\" \/>\n\t<meta property=\"og:image:height\" content=\"1363\" \/>\n\t<meta property=\"og:image:type\" content=\"image\/jpeg\" \/>\n<meta name=\"author\" content=\"Autor RAS Per\u00fa\" \/>\n<meta name=\"twitter:card\" content=\"summary_large_image\" \/>\n<meta name=\"twitter:label1\" content=\"Escrito por\" \/>\n\t<meta name=\"twitter:data1\" content=\"Autor RAS Per\u00fa\" \/>\n\t<meta name=\"twitter:label2\" content=\"Tiempo de lectura\" \/>\n\t<meta name=\"twitter:data2\" content=\"4 minutos\" \/>\n<script type=\"application\/ld+json\" class=\"yoast-schema-graph\">{\"@context\":\"https:\\\/\\\/schema.org\",\"@graph\":[{\"@type\":\"Article\",\"@id\":\"https:\\\/\\\/r9.ieee.org\\\/peru-ras\\\/noticias\\\/finalizo-el-humanoid-robotics-festival-2024\\\/#article\",\"isPartOf\":{\"@id\":\"https:\\\/\\\/r9.ieee.org\\\/peru-ras\\\/noticias\\\/finalizo-el-humanoid-robotics-festival-2024\\\/\"},\"author\":{\"name\":\"Autor RAS Per\u00fa\",\"@id\":\"https:\\\/\\\/r9.ieee.org\\\/peru-ras\\\/#\\\/schema\\\/person\\\/c3963e965cb563f4ffdfc1b47d04f5d1\"},\"headline\":\"Finaliz\u00f3 el Humanoid Robotics Festival 2024\",\"datePublished\":\"2024-08-29T03:04:37+00:00\",\"mainEntityOfPage\":{\"@id\":\"https:\\\/\\\/r9.ieee.org\\\/peru-ras\\\/noticias\\\/finalizo-el-humanoid-robotics-festival-2024\\\/\"},\"wordCount\":626,\"publisher\":{\"@id\":\"https:\\\/\\\/r9.ieee.org\\\/peru-ras\\\/#organization\"},\"image\":{\"@id\":\"https:\\\/\\\/r9.ieee.org\\\/peru-ras\\\/noticias\\\/finalizo-el-humanoid-robotics-festival-2024\\\/#primaryimage\"},\"thumbnailUrl\":\"https:\\\/\\\/r9.ieee.org\\\/peru-ras\\\/wp-content\\\/uploads\\\/sites\\\/81\\\/455832054_1042919917837181_6136441158624394273_n.jpg\",\"keywords\":[\"hrfest2024\",\"humanoide\",\"noticias\",\"robotica\"],\"articleSection\":[\"Noticias\"],\"inLanguage\":\"es\"},{\"@type\":\"WebPage\",\"@id\":\"https:\\\/\\\/r9.ieee.org\\\/peru-ras\\\/noticias\\\/finalizo-el-humanoid-robotics-festival-2024\\\/\",\"url\":\"https:\\\/\\\/r9.ieee.org\\\/peru-ras\\\/noticias\\\/finalizo-el-humanoid-robotics-festival-2024\\\/\",\"name\":\"Finaliz\u00f3 el Humanoid Robotics Festival 2024 - RAS PER\u00da\",\"isPartOf\":{\"@id\":\"https:\\\/\\\/r9.ieee.org\\\/peru-ras\\\/#website\"},\"primaryImageOfPage\":{\"@id\":\"https:\\\/\\\/r9.ieee.org\\\/peru-ras\\\/noticias\\\/finalizo-el-humanoid-robotics-festival-2024\\\/#primaryimage\"},\"image\":{\"@id\":\"https:\\\/\\\/r9.ieee.org\\\/peru-ras\\\/noticias\\\/finalizo-el-humanoid-robotics-festival-2024\\\/#primaryimage\"},\"thumbnailUrl\":\"https:\\\/\\\/r9.ieee.org\\\/peru-ras\\\/wp-content\\\/uploads\\\/sites\\\/81\\\/455832054_1042919917837181_6136441158624394273_n.jpg\",\"datePublished\":\"2024-08-29T03:04:37+00:00\",\"breadcrumb\":{\"@id\":\"https:\\\/\\\/r9.ieee.org\\\/peru-ras\\\/noticias\\\/finalizo-el-humanoid-robotics-festival-2024\\\/#breadcrumb\"},\"inLanguage\":\"es\",\"potentialAction\":[{\"@type\":\"ReadAction\",\"target\":[\"https:\\\/\\\/r9.ieee.org\\\/peru-ras\\\/noticias\\\/finalizo-el-humanoid-robotics-festival-2024\\\/\"]}]},{\"@type\":\"ImageObject\",\"inLanguage\":\"es\",\"@id\":\"https:\\\/\\\/r9.ieee.org\\\/peru-ras\\\/noticias\\\/finalizo-el-humanoid-robotics-festival-2024\\\/#primaryimage\",\"url\":\"https:\\\/\\\/r9.ieee.org\\\/peru-ras\\\/wp-content\\\/uploads\\\/sites\\\/81\\\/455832054_1042919917837181_6136441158624394273_n.jpg\",\"contentUrl\":\"https:\\\/\\\/r9.ieee.org\\\/peru-ras\\\/wp-content\\\/uploads\\\/sites\\\/81\\\/455832054_1042919917837181_6136441158624394273_n.jpg\",\"width\":2048,\"height\":1363},{\"@type\":\"BreadcrumbList\",\"@id\":\"https:\\\/\\\/r9.ieee.org\\\/peru-ras\\\/noticias\\\/finalizo-el-humanoid-robotics-festival-2024\\\/#breadcrumb\",\"itemListElement\":[{\"@type\":\"ListItem\",\"position\":1,\"name\":\"Home\",\"item\":\"https:\\\/\\\/r9.ieee.org\\\/peru-ras\\\/\"},{\"@type\":\"ListItem\",\"position\":2,\"name\":\"Finaliz\u00f3 el Humanoid Robotics Festival 2024\"}]},{\"@type\":\"WebSite\",\"@id\":\"https:\\\/\\\/r9.ieee.org\\\/peru-ras\\\/#website\",\"url\":\"https:\\\/\\\/r9.ieee.org\\\/peru-ras\\\/\",\"name\":\"RAS PER\u00da\",\"description\":\"\",\"publisher\":{\"@id\":\"https:\\\/\\\/r9.ieee.org\\\/peru-ras\\\/#organization\"},\"potentialAction\":[{\"@type\":\"SearchAction\",\"target\":{\"@type\":\"EntryPoint\",\"urlTemplate\":\"https:\\\/\\\/r9.ieee.org\\\/peru-ras\\\/?s={search_term_string}\"},\"query-input\":{\"@type\":\"PropertyValueSpecification\",\"valueRequired\":true,\"valueName\":\"search_term_string\"}}],\"inLanguage\":\"es\"},{\"@type\":\"Organization\",\"@id\":\"https:\\\/\\\/r9.ieee.org\\\/peru-ras\\\/#organization\",\"name\":\"RAS PER\u00da\",\"url\":\"https:\\\/\\\/r9.ieee.org\\\/peru-ras\\\/\",\"logo\":{\"@type\":\"ImageObject\",\"inLanguage\":\"es\",\"@id\":\"https:\\\/\\\/r9.ieee.org\\\/peru-ras\\\/#\\\/schema\\\/logo\\\/image\\\/\",\"url\":\"https:\\\/\\\/r9.ieee.org\\\/peru-ras\\\/wp-content\\\/uploads\\\/sites\\\/81\\\/FUENTE_RAS.png\",\"contentUrl\":\"https:\\\/\\\/r9.ieee.org\\\/peru-ras\\\/wp-content\\\/uploads\\\/sites\\\/81\\\/FUENTE_RAS.png\",\"width\":1488,\"height\":290,\"caption\":\"RAS PER\u00da\"},\"image\":{\"@id\":\"https:\\\/\\\/r9.ieee.org\\\/peru-ras\\\/#\\\/schema\\\/logo\\\/image\\\/\"},\"sameAs\":[\"https:\\\/\\\/www.facebook.com\\\/ieeerasperu\\\/\",\"https:\\\/\\\/instagram.com\\\/ieee.ras.peru\"]},{\"@type\":\"Person\",\"@id\":\"https:\\\/\\\/r9.ieee.org\\\/peru-ras\\\/#\\\/schema\\\/person\\\/c3963e965cb563f4ffdfc1b47d04f5d1\",\"name\":\"Autor RAS Per\u00fa\",\"image\":{\"@type\":\"ImageObject\",\"inLanguage\":\"es\",\"@id\":\"https:\\\/\\\/secure.gravatar.com\\\/avatar\\\/e4c13654602fa6e1a5084d649ad109b6b93fd387cfcb11d62db4f5f1a74e17b3?s=96&d=mm&r=g\",\"url\":\"https:\\\/\\\/secure.gravatar.com\\\/avatar\\\/e4c13654602fa6e1a5084d649ad109b6b93fd387cfcb11d62db4f5f1a74e17b3?s=96&d=mm&r=g\",\"contentUrl\":\"https:\\\/\\\/secure.gravatar.com\\\/avatar\\\/e4c13654602fa6e1a5084d649ad109b6b93fd387cfcb11d62db4f5f1a74e17b3?s=96&d=mm&r=g\",\"caption\":\"Autor RAS Per\u00fa\"},\"url\":\"https:\\\/\\\/r9.ieee.org\\\/peru-ras\\\/author\\\/rrodrigorimac\\\/\"}]}<\/script>\n<!-- \/ Yoast SEO plugin. -->","yoast_head_json":{"title":"Finaliz\u00f3 el Humanoid Robotics Festival 2024 - RAS PER\u00da","robots":{"index":"index","follow":"follow","max-snippet":"max-snippet:-1","max-image-preview":"max-image-preview:large","max-video-preview":"max-video-preview:-1"},"canonical":"https:\/\/r9.ieee.org\/peru-ras\/noticias\/finalizo-el-humanoid-robotics-festival-2024\/","og_locale":"es_ES","og_type":"article","og_title":"Finaliz\u00f3 el Humanoid Robotics Festival 2024 - RAS PER\u00da","og_description":"Despu\u00e9s de tres d\u00edas intensos y llenos de trabajo en la organizaci\u00f3n, podemos decir con orgullo que, \u00a1frente a todas las adversidades, lo logramos! Logramos crear un evento \u00fanico que [&hellip;]","og_url":"https:\/\/r9.ieee.org\/peru-ras\/noticias\/finalizo-el-humanoid-robotics-festival-2024\/","og_site_name":"RAS PER\u00da","article_publisher":"https:\/\/www.facebook.com\/ieeerasperu\/","article_published_time":"2024-08-29T03:04:37+00:00","og_image":[{"width":2048,"height":1363,"url":"https:\/\/r9.ieee.org\/peru-ras\/wp-content\/uploads\/sites\/81\/455832054_1042919917837181_6136441158624394273_n.jpg","type":"image\/jpeg"}],"author":"Autor RAS Per\u00fa","twitter_card":"summary_large_image","twitter_misc":{"Escrito por":"Autor RAS Per\u00fa","Tiempo de lectura":"4 minutos"},"schema":{"@context":"https:\/\/schema.org","@graph":[{"@type":"Article","@id":"https:\/\/r9.ieee.org\/peru-ras\/noticias\/finalizo-el-humanoid-robotics-festival-2024\/#article","isPartOf":{"@id":"https:\/\/r9.ieee.org\/peru-ras\/noticias\/finalizo-el-humanoid-robotics-festival-2024\/"},"author":{"name":"Autor RAS Per\u00fa","@id":"https:\/\/r9.ieee.org\/peru-ras\/#\/schema\/person\/c3963e965cb563f4ffdfc1b47d04f5d1"},"headline":"Finaliz\u00f3 el Humanoid Robotics Festival 2024","datePublished":"2024-08-29T03:04:37+00:00","mainEntityOfPage":{"@id":"https:\/\/r9.ieee.org\/peru-ras\/noticias\/finalizo-el-humanoid-robotics-festival-2024\/"},"wordCount":626,"publisher":{"@id":"https:\/\/r9.ieee.org\/peru-ras\/#organization"},"image":{"@id":"https:\/\/r9.ieee.org\/peru-ras\/noticias\/finalizo-el-humanoid-robotics-festival-2024\/#primaryimage"},"thumbnailUrl":"https:\/\/r9.ieee.org\/peru-ras\/wp-content\/uploads\/sites\/81\/455832054_1042919917837181_6136441158624394273_n.jpg","keywords":["hrfest2024","humanoide","noticias","robotica"],"articleSection":["Noticias"],"inLanguage":"es"},{"@type":"WebPage","@id":"https:\/\/r9.ieee.org\/peru-ras\/noticias\/finalizo-el-humanoid-robotics-festival-2024\/","url":"https:\/\/r9.ieee.org\/peru-ras\/noticias\/finalizo-el-humanoid-robotics-festival-2024\/","name":"Finaliz\u00f3 el Humanoid Robotics Festival 2024 - RAS PER\u00da","isPartOf":{"@id":"https:\/\/r9.ieee.org\/peru-ras\/#website"},"primaryImageOfPage":{"@id":"https:\/\/r9.ieee.org\/peru-ras\/noticias\/finalizo-el-humanoid-robotics-festival-2024\/#primaryimage"},"image":{"@id":"https:\/\/r9.ieee.org\/peru-ras\/noticias\/finalizo-el-humanoid-robotics-festival-2024\/#primaryimage"},"thumbnailUrl":"https:\/\/r9.ieee.org\/peru-ras\/wp-content\/uploads\/sites\/81\/455832054_1042919917837181_6136441158624394273_n.jpg","datePublished":"2024-08-29T03:04:37+00:00","breadcrumb":{"@id":"https:\/\/r9.ieee.org\/peru-ras\/noticias\/finalizo-el-humanoid-robotics-festival-2024\/#breadcrumb"},"inLanguage":"es","potentialAction":[{"@type":"ReadAction","target":["https:\/\/r9.ieee.org\/peru-ras\/noticias\/finalizo-el-humanoid-robotics-festival-2024\/"]}]},{"@type":"ImageObject","inLanguage":"es","@id":"https:\/\/r9.ieee.org\/peru-ras\/noticias\/finalizo-el-humanoid-robotics-festival-2024\/#primaryimage","url":"https:\/\/r9.ieee.org\/peru-ras\/wp-content\/uploads\/sites\/81\/455832054_1042919917837181_6136441158624394273_n.jpg","contentUrl":"https:\/\/r9.ieee.org\/peru-ras\/wp-content\/uploads\/sites\/81\/455832054_1042919917837181_6136441158624394273_n.jpg","width":2048,"height":1363},{"@type":"BreadcrumbList","@id":"https:\/\/r9.ieee.org\/peru-ras\/noticias\/finalizo-el-humanoid-robotics-festival-2024\/#breadcrumb","itemListElement":[{"@type":"ListItem","position":1,"name":"Home","item":"https:\/\/r9.ieee.org\/peru-ras\/"},{"@type":"ListItem","position":2,"name":"Finaliz\u00f3 el Humanoid Robotics Festival 2024"}]},{"@type":"WebSite","@id":"https:\/\/r9.ieee.org\/peru-ras\/#website","url":"https:\/\/r9.ieee.org\/peru-ras\/","name":"RAS PER\u00da","description":"","publisher":{"@id":"https:\/\/r9.ieee.org\/peru-ras\/#organization"},"potentialAction":[{"@type":"SearchAction","target":{"@type":"EntryPoint","urlTemplate":"https:\/\/r9.ieee.org\/peru-ras\/?s={search_term_string}"},"query-input":{"@type":"PropertyValueSpecification","valueRequired":true,"valueName":"search_term_string"}}],"inLanguage":"es"},{"@type":"Organization","@id":"https:\/\/r9.ieee.org\/peru-ras\/#organization","name":"RAS PER\u00da","url":"https:\/\/r9.ieee.org\/peru-ras\/","logo":{"@type":"ImageObject","inLanguage":"es","@id":"https:\/\/r9.ieee.org\/peru-ras\/#\/schema\/logo\/image\/","url":"https:\/\/r9.ieee.org\/peru-ras\/wp-content\/uploads\/sites\/81\/FUENTE_RAS.png","contentUrl":"https:\/\/r9.ieee.org\/peru-ras\/wp-content\/uploads\/sites\/81\/FUENTE_RAS.png","width":1488,"height":290,"caption":"RAS PER\u00da"},"image":{"@id":"https:\/\/r9.ieee.org\/peru-ras\/#\/schema\/logo\/image\/"},"sameAs":["https:\/\/www.facebook.com\/ieeerasperu\/","https:\/\/instagram.com\/ieee.ras.peru"]},{"@type":"Person","@id":"https:\/\/r9.ieee.org\/peru-ras\/#\/schema\/person\/c3963e965cb563f4ffdfc1b47d04f5d1","name":"Autor RAS Per\u00fa","image":{"@type":"ImageObject","inLanguage":"es","@id":"https:\/\/secure.gravatar.com\/avatar\/e4c13654602fa6e1a5084d649ad109b6b93fd387cfcb11d62db4f5f1a74e17b3?s=96&d=mm&r=g","url":"https:\/\/secure.gravatar.com\/avatar\/e4c13654602fa6e1a5084d649ad109b6b93fd387cfcb11d62db4f5f1a74e17b3?s=96&d=mm&r=g","contentUrl":"https:\/\/secure.gravatar.com\/avatar\/e4c13654602fa6e1a5084d649ad109b6b93fd387cfcb11d62db4f5f1a74e17b3?s=96&d=mm&r=g","caption":"Autor RAS Per\u00fa"},"url":"https:\/\/r9.ieee.org\/peru-ras\/author\/rrodrigorimac\/"}]}},"_links":{"self":[{"href":"https:\/\/r9.ieee.org\/peru-ras\/wp-json\/wp\/v2\/posts\/1244","targetHints":{"allow":["GET"]}}],"collection":[{"href":"https:\/\/r9.ieee.org\/peru-ras\/wp-json\/wp\/v2\/posts"}],"about":[{"href":"https:\/\/r9.ieee.org\/peru-ras\/wp-json\/wp\/v2\/types\/post"}],"author":[{"embeddable":true,"href":"https:\/\/r9.ieee.org\/peru-ras\/wp-json\/wp\/v2\/users\/272"}],"replies":[{"embeddable":true,"href":"https:\/\/r9.ieee.org\/peru-ras\/wp-json\/wp\/v2\/comments?post=1244"}],"version-history":[{"count":0,"href":"https:\/\/r9.ieee.org\/peru-ras\/wp-json\/wp\/v2\/posts\/1244\/revisions"}],"wp:featuredmedia":[{"embeddable":true,"href":"https:\/\/r9.ieee.org\/peru-ras\/wp-json\/wp\/v2\/media\/1245"}],"wp:attachment":[{"href":"https:\/\/r9.ieee.org\/peru-ras\/wp-json\/wp\/v2\/media?parent=1244"}],"wp:term":[{"taxonomy":"category","embeddable":true,"href":"https:\/\/r9.ieee.org\/peru-ras\/wp-json\/wp\/v2\/categories?post=1244"},{"taxonomy":"post_tag","embeddable":true,"href":"https:\/\/r9.ieee.org\/peru-ras\/wp-json\/wp\/v2\/tags?post=1244"}],"curies":[{"name":"wp","href":"https:\/\/api.w.org\/{rel}","templated":true}]}},{"id":1018,"date":"2023-12-30T13:24:45","date_gmt":"2023-12-30T18:24:45","guid":{"rendered":"https:\/\/r9.ieee.org\/peru-ras\/?p=1018"},"modified":"2023-12-30T14:38:29","modified_gmt":"2023-12-30T19:38:29","slug":"ganadores-ras-week-2023","status":"publish","type":"post","link":"https:\/\/r9.ieee.org\/peru-ras\/noticias\/ganadores-ras-week-2023\/","title":{"rendered":"Ganadores RAS Week 2023!"},"content":{"rendered":"<div dir=\"auto\">\n<div dir=\"auto\"><span class=\"x3nfvp2 x1j61x8r x1fcty0u xdj266r xhhsvwb xat24cr xgzva0m xxymvpz xlup9mm x1kky2od\"><img loading=\"lazy\" decoding=\"async\" class=\"xz74otr\" src=\"https:\/\/static.xx.fbcdn.net\/images\/emoji.php\/v9\/t92\/1.5\/16\/1f4e2.png\" alt=\"\ud83d\udce2\" width=\"16\" height=\"16\" \/><\/span>Buenas Comunidad RAS PER\u00da<\/div>\n<div dir=\"auto\"><span class=\"x3nfvp2 x1j61x8r x1fcty0u xdj266r xhhsvwb xat24cr xgzva0m xxymvpz xlup9mm x1kky2od\"><img loading=\"lazy\" decoding=\"async\" class=\"xz74otr\" src=\"https:\/\/static.xx.fbcdn.net\/images\/emoji.php\/v9\/t9e\/1.5\/16\/1f6a8.png\" alt=\"\ud83d\udea8\" width=\"16\" height=\"16\" \/><\/span>\u00a1Ganadores RAS Week 2023!<span class=\"x3nfvp2 x1j61x8r x1fcty0u xdj266r xhhsvwb xat24cr xgzva0m xxymvpz xlup9mm x1kky2od\"><img loading=\"lazy\" decoding=\"async\" class=\"xz74otr\" src=\"https:\/\/static.xx.fbcdn.net\/images\/emoji.php\/v9\/t9e\/1.5\/16\/1f6a8.png\" alt=\"\ud83d\udea8\" width=\"16\" height=\"16\" \/><\/span><\/div>\n<div dir=\"auto\"><span class=\"x3nfvp2 x1j61x8r x1fcty0u xdj266r xhhsvwb xat24cr xgzva0m xxymvpz xlup9mm x1kky2od\"><img loading=\"lazy\" decoding=\"async\" class=\"xz74otr\" src=\"https:\/\/static.xx.fbcdn.net\/images\/emoji.php\/v9\/t17\/1.5\/16\/1f3c6.png\" alt=\"\ud83c\udfc6\" width=\"16\" height=\"16\" \/><\/span>Anunciamos a los ganadores del concurso: Automatizaci\u00f3n de PLC<span class=\"x3nfvp2 x1j61x8r x1fcty0u xdj266r xhhsvwb xat24cr xgzva0m xxymvpz xlup9mm x1kky2od\"><img loading=\"lazy\" decoding=\"async\" class=\"xz74otr\" src=\"https:\/\/static.xx.fbcdn.net\/images\/emoji.php\/v9\/ted\/1.5\/16\/1f947.png\" alt=\"\ud83e\udd47\" width=\"16\" height=\"16\" \/><\/span><span class=\"x3nfvp2 x1j61x8r x1fcty0u xdj266r xhhsvwb xat24cr xgzva0m xxymvpz xlup9mm x1kky2od\"><img loading=\"lazy\" decoding=\"async\" class=\"xz74otr\" src=\"https:\/\/static.xx.fbcdn.net\/images\/emoji.php\/v9\/t6e\/1.5\/16\/1f948.png\" alt=\"\ud83e\udd48\" width=\"16\" height=\"16\" \/><\/span><span class=\"x3nfvp2 x1j61x8r x1fcty0u xdj266r xhhsvwb xat24cr xgzva0m xxymvpz xlup9mm x1kky2od\"><img loading=\"lazy\" decoding=\"async\" class=\"xz74otr\" src=\"https:\/\/static.xx.fbcdn.net\/images\/emoji.php\/v9\/tef\/1.5\/16\/1f949.png\" alt=\"\ud83e\udd49\" width=\"16\" height=\"16\" \/><\/span><\/div>\n<div dir=\"auto\"><strong><span class=\"OYPEnA text-decoration-none text-strikethrough-none\">CONCURSO: AUTOMATIZACI\u00d3N DE PLC<\/span><\/strong><\/div>\n<div dir=\"auto\"><strong>1\u00b0<\/strong> TECSUP: Equipo Technocracia<\/div>\n<ul>\n<li dir=\"auto\">Bryam Javier Soto Meza<\/li>\n<li dir=\"auto\">Andi Jarold Quispe Atahuaman<\/li>\n<\/ul>\n<div dir=\"auto\">\n<div dir=\"auto\"><strong>2\u00b0<\/strong> UPC: Equipo Mecatrones<\/div>\n<ul>\n<li dir=\"auto\">Carlos Alberto Sotacora Asto<\/li>\n<li dir=\"auto\">Kenny Einstein Farf\u00e1n Olivares<\/li>\n<li dir=\"auto\">Patrick Kenet Pineda Diaz<\/li>\n<\/ul>\n<\/div>\n<div dir=\"auto\">\n<div dir=\"auto\"><strong>3\u00b0<\/strong> UNAC: Equipo Team IO<\/div>\n<ul>\n<li dir=\"auto\">Jhon Carlos Jim\u00e9nez Pulce<\/li>\n<li dir=\"auto\">Luis Hianpool Hidalgo De La Cruz<\/li>\n<li dir=\"auto\">Juan Fransisco Acosta Yanac<\/li>\n<\/ul>\n<\/div>\n<\/div>\n<div dir=\"auto\">\n<div dir=\"auto\"><span style=\"color: #ffffff\">|<\/span><\/div>\n<div dir=\"auto\">Ganadores RAS Week 2023 Automatizaci\u00f3n de PLC<\/div>\n<div dir=\"auto\">\n<div dir=\"auto\"><span style=\"color: #ffffff\"><img loading=\"lazy\" decoding=\"async\" class=\"aligncenter size-full wp-image-1020\" src=\"https:\/\/r9.ieee.org\/peru-ras\/wp-content\/uploads\/sites\/81\/1.png\" alt=\"\" width=\"1080\" height=\"1080\" srcset=\"https:\/\/r9.ieee.org\/peru-ras\/wp-content\/uploads\/sites\/81\/\/1.png 1080w, https:\/\/r9.ieee.org\/peru-ras\/wp-content\/uploads\/sites\/81\/\/1-278x278.png 278w, https:\/\/r9.ieee.org\/peru-ras\/wp-content\/uploads\/sites\/81\/\/1-1024x1024.png 1024w, https:\/\/r9.ieee.org\/peru-ras\/wp-content\/uploads\/sites\/81\/\/1-150x150.png 150w, https:\/\/r9.ieee.org\/peru-ras\/wp-content\/uploads\/sites\/81\/\/1-768x768.png 768w\" sizes=\"auto, (max-width: 1080px) 100vw, 1080px\" \/>|<\/span><\/div>\n<\/div>\n<\/div>\n<div dir=\"auto\">\n<div dir=\"auto\"><span style=\"color: #ffffff\">|<\/span><\/div>\n<div dir=\"auto\"><span class=\"x3nfvp2 x1j61x8r x1fcty0u xdj266r xhhsvwb xat24cr xgzva0m xxymvpz xlup9mm x1kky2od\"><img loading=\"lazy\" decoding=\"async\" class=\"xz74otr\" src=\"https:\/\/static.xx.fbcdn.net\/images\/emoji.php\/v9\/t17\/1.5\/16\/1f3c6.png\" alt=\"\ud83c\udfc6\" width=\"16\" height=\"16\" \/><\/span>Anunciamos a los ganadores del concurso: Rob\u00f3tica MiniHumanoide<span class=\"x3nfvp2 x1j61x8r x1fcty0u xdj266r xhhsvwb xat24cr xgzva0m xxymvpz xlup9mm x1kky2od\"><img loading=\"lazy\" decoding=\"async\" class=\"xz74otr\" src=\"https:\/\/static.xx.fbcdn.net\/images\/emoji.php\/v9\/ted\/1.5\/16\/1f947.png\" alt=\"\ud83e\udd47\" width=\"16\" height=\"16\" \/><\/span><span class=\"x3nfvp2 x1j61x8r x1fcty0u xdj266r xhhsvwb xat24cr xgzva0m xxymvpz xlup9mm x1kky2od\"><img loading=\"lazy\" decoding=\"async\" class=\"xz74otr\" src=\"https:\/\/static.xx.fbcdn.net\/images\/emoji.php\/v9\/t6e\/1.5\/16\/1f948.png\" alt=\"\ud83e\udd48\" width=\"16\" height=\"16\" \/><\/span><span class=\"x3nfvp2 x1j61x8r x1fcty0u xdj266r xhhsvwb xat24cr xgzva0m xxymvpz xlup9mm x1kky2od\"><img loading=\"lazy\" decoding=\"async\" class=\"xz74otr\" src=\"https:\/\/static.xx.fbcdn.net\/images\/emoji.php\/v9\/tef\/1.5\/16\/1f949.png\" alt=\"\ud83e\udd49\" width=\"16\" height=\"16\" \/><\/span><\/div>\n<div dir=\"auto\">\n<div dir=\"auto\"><strong><span class=\"OYPEnA text-decoration-none text-strikethrough-none\">CONCURSO: ROB\u00d3TICA MINIHUMANOIDE<\/span><\/strong><\/div>\n<div dir=\"auto\"><strong>1\u00b0<\/strong> UNSA: Equipo HackerSpace Arequipa<\/div>\n<div dir=\"auto\">Robot: Lava y Fuego 2.0<\/div>\n<ul>\n<li dir=\"auto\">Edwin Gutierrez Linares<\/li>\n<\/ul>\n<div dir=\"auto\">\n<div dir=\"auto\"><strong>2\u00b0<\/strong> EDUBOT: Equipo Edubot<\/div>\n<div dir=\"auto\">Robot: Snaper<\/div>\n<ul>\n<li dir=\"auto\">Jamerson Justo Vilcahapaza<\/li>\n<\/ul>\n<\/div>\n<div dir=\"auto\">\n<div dir=\"auto\"><strong>3\u00b0<\/strong> UPC: Equipo Steel Royal UPC<\/div>\n<div dir=\"auto\">Robot: Bonnie<\/div>\n<ul>\n<li dir=\"auto\">Johan Julian Huanca Nina<\/li>\n<\/ul>\n<\/div>\n<\/div>\n<div dir=\"auto\">\n<div dir=\"auto\"><span style=\"color: #ffffff\">|<\/span><\/div>\n<div dir=\"auto\">Ganadores RAS Week 2023 Rob\u00f3tica MiniHumanoide<\/div>\n<\/div>\n<\/div>\n<div dir=\"auto\">\n<div dir=\"auto\"><span style=\"color: #ffffff\"><img loading=\"lazy\" decoding=\"async\" class=\"aligncenter size-full wp-image-1023\" src=\"https:\/\/r9.ieee.org\/peru-ras\/wp-content\/uploads\/sites\/81\/2.png\" alt=\"\" width=\"1080\" height=\"1080\" srcset=\"https:\/\/r9.ieee.org\/peru-ras\/wp-content\/uploads\/sites\/81\/\/2.png 1080w, https:\/\/r9.ieee.org\/peru-ras\/wp-content\/uploads\/sites\/81\/\/2-278x278.png 278w, https:\/\/r9.ieee.org\/peru-ras\/wp-content\/uploads\/sites\/81\/\/2-1024x1024.png 1024w, https:\/\/r9.ieee.org\/peru-ras\/wp-content\/uploads\/sites\/81\/\/2-150x150.png 150w, https:\/\/r9.ieee.org\/peru-ras\/wp-content\/uploads\/sites\/81\/\/2-768x768.png 768w\" sizes=\"auto, (max-width: 1080px) 100vw, 1080px\" \/>|<\/span><\/div>\n<\/div>\n<div dir=\"auto\">#ieeerasperu #rasperu #rasweek2023 #IEEE<\/div>\n<div dir=\"auto\"><\/div>\n<div dir=\"auto\"><\/div>\n","protected":false},"excerpt":{"rendered":"<p>Buenas Comunidad RAS PER\u00da \u00a1Ganadores RAS Week 2023! Anunciamos a los ganadores del concurso: Automatizaci\u00f3n de PLC CONCURSO: AUTOMATIZACI\u00d3N DE PLC 1\u00b0 TECSUP: Equipo Technocracia Bryam Javier Soto Meza Andi [&hellip;]<\/p>\n","protected":false},"author":163,"featured_media":0,"comment_status":"closed","ping_status":"closed","sticky":false,"template":"","format":"standard","meta":{"footnotes":""},"categories":[8],"tags":[33,57,58,54],"class_list":["post-1018","post","type-post","status-publish","format-standard","hentry","category-noticias","tag-33","tag-diciembre","tag-ganadores","tag-rasweek2023"],"yoast_head":"<!-- This site is optimized with the Yoast SEO plugin v27.5 - https:\/\/yoast.com\/product\/yoast-seo-wordpress\/ -->\n<title>Ganadores RAS Week 2023! - RAS PER\u00da<\/title>\n<meta name=\"robots\" content=\"index, follow, max-snippet:-1, max-image-preview:large, max-video-preview:-1\" \/>\n<link rel=\"canonical\" href=\"https:\/\/r9.ieee.org\/peru-ras\/noticias\/ganadores-ras-week-2023\/\" \/>\n<meta property=\"og:locale\" content=\"es_ES\" \/>\n<meta property=\"og:type\" content=\"article\" \/>\n<meta property=\"og:title\" content=\"Ganadores RAS Week 2023! - RAS PER\u00da\" \/>\n<meta property=\"og:description\" content=\"Buenas Comunidad RAS PER\u00da \u00a1Ganadores RAS Week 2023! Anunciamos a los ganadores del concurso: Automatizaci\u00f3n de PLC CONCURSO: AUTOMATIZACI\u00d3N DE PLC 1\u00b0 TECSUP: Equipo Technocracia Bryam Javier Soto Meza Andi [&hellip;]\" \/>\n<meta property=\"og:url\" content=\"https:\/\/r9.ieee.org\/peru-ras\/noticias\/ganadores-ras-week-2023\/\" \/>\n<meta property=\"og:site_name\" content=\"RAS PER\u00da\" \/>\n<meta property=\"article:publisher\" content=\"https:\/\/www.facebook.com\/ieeerasperu\/\" \/>\n<meta property=\"article:published_time\" content=\"2023-12-30T18:24:45+00:00\" \/>\n<meta property=\"article:modified_time\" content=\"2023-12-30T19:38:29+00:00\" \/>\n<meta property=\"og:image\" content=\"https:\/\/static.xx.fbcdn.net\/images\/emoji.php\/v9\/t92\/1.5\/16\/1f4e2.png\" \/>\n<meta name=\"author\" content=\"Admin\" \/>\n<meta name=\"twitter:card\" content=\"summary_large_image\" \/>\n<meta name=\"twitter:label1\" content=\"Escrito por\" \/>\n\t<meta name=\"twitter:data1\" content=\"Admin\" \/>\n\t<meta name=\"twitter:label2\" content=\"Tiempo de lectura\" \/>\n\t<meta name=\"twitter:data2\" content=\"4 minutos\" \/>\n<script type=\"application\/ld+json\" class=\"yoast-schema-graph\">{\"@context\":\"https:\\\/\\\/schema.org\",\"@graph\":[{\"@type\":\"Article\",\"@id\":\"https:\\\/\\\/r9.ieee.org\\\/peru-ras\\\/noticias\\\/ganadores-ras-week-2023\\\/#article\",\"isPartOf\":{\"@id\":\"https:\\\/\\\/r9.ieee.org\\\/peru-ras\\\/noticias\\\/ganadores-ras-week-2023\\\/\"},\"author\":{\"name\":\"Admin\",\"@id\":\"https:\\\/\\\/r9.ieee.org\\\/peru-ras\\\/#\\\/schema\\\/person\\\/fc0f0f20ae1e64c90b20597e37c85068\"},\"headline\":\"Ganadores RAS Week 2023!\",\"datePublished\":\"2023-12-30T18:24:45+00:00\",\"dateModified\":\"2023-12-30T19:38:29+00:00\",\"mainEntityOfPage\":{\"@id\":\"https:\\\/\\\/r9.ieee.org\\\/peru-ras\\\/noticias\\\/ganadores-ras-week-2023\\\/\"},\"wordCount\":131,\"publisher\":{\"@id\":\"https:\\\/\\\/r9.ieee.org\\\/peru-ras\\\/#organization\"},\"image\":{\"@id\":\"https:\\\/\\\/r9.ieee.org\\\/peru-ras\\\/noticias\\\/ganadores-ras-week-2023\\\/#primaryimage\"},\"thumbnailUrl\":\"https:\\\/\\\/static.xx.fbcdn.net\\\/images\\\/emoji.php\\\/v9\\\/t92\\\/1.5\\\/16\\\/1f4e2.png\",\"keywords\":[\"2023\",\"diciembre\",\"Ganadores\",\"RASWeek2023\"],\"articleSection\":[\"Noticias\"],\"inLanguage\":\"es\"},{\"@type\":\"WebPage\",\"@id\":\"https:\\\/\\\/r9.ieee.org\\\/peru-ras\\\/noticias\\\/ganadores-ras-week-2023\\\/\",\"url\":\"https:\\\/\\\/r9.ieee.org\\\/peru-ras\\\/noticias\\\/ganadores-ras-week-2023\\\/\",\"name\":\"Ganadores RAS Week 2023! - RAS PER\u00da\",\"isPartOf\":{\"@id\":\"https:\\\/\\\/r9.ieee.org\\\/peru-ras\\\/#website\"},\"primaryImageOfPage\":{\"@id\":\"https:\\\/\\\/r9.ieee.org\\\/peru-ras\\\/noticias\\\/ganadores-ras-week-2023\\\/#primaryimage\"},\"image\":{\"@id\":\"https:\\\/\\\/r9.ieee.org\\\/peru-ras\\\/noticias\\\/ganadores-ras-week-2023\\\/#primaryimage\"},\"thumbnailUrl\":\"https:\\\/\\\/static.xx.fbcdn.net\\\/images\\\/emoji.php\\\/v9\\\/t92\\\/1.5\\\/16\\\/1f4e2.png\",\"datePublished\":\"2023-12-30T18:24:45+00:00\",\"dateModified\":\"2023-12-30T19:38:29+00:00\",\"breadcrumb\":{\"@id\":\"https:\\\/\\\/r9.ieee.org\\\/peru-ras\\\/noticias\\\/ganadores-ras-week-2023\\\/#breadcrumb\"},\"inLanguage\":\"es\",\"potentialAction\":[{\"@type\":\"ReadAction\",\"target\":[\"https:\\\/\\\/r9.ieee.org\\\/peru-ras\\\/noticias\\\/ganadores-ras-week-2023\\\/\"]}]},{\"@type\":\"ImageObject\",\"inLanguage\":\"es\",\"@id\":\"https:\\\/\\\/r9.ieee.org\\\/peru-ras\\\/noticias\\\/ganadores-ras-week-2023\\\/#primaryimage\",\"url\":\"https:\\\/\\\/static.xx.fbcdn.net\\\/images\\\/emoji.php\\\/v9\\\/t92\\\/1.5\\\/16\\\/1f4e2.png\",\"contentUrl\":\"https:\\\/\\\/static.xx.fbcdn.net\\\/images\\\/emoji.php\\\/v9\\\/t92\\\/1.5\\\/16\\\/1f4e2.png\"},{\"@type\":\"BreadcrumbList\",\"@id\":\"https:\\\/\\\/r9.ieee.org\\\/peru-ras\\\/noticias\\\/ganadores-ras-week-2023\\\/#breadcrumb\",\"itemListElement\":[{\"@type\":\"ListItem\",\"position\":1,\"name\":\"Home\",\"item\":\"https:\\\/\\\/r9.ieee.org\\\/peru-ras\\\/\"},{\"@type\":\"ListItem\",\"position\":2,\"name\":\"Ganadores RAS Week 2023!\"}]},{\"@type\":\"WebSite\",\"@id\":\"https:\\\/\\\/r9.ieee.org\\\/peru-ras\\\/#website\",\"url\":\"https:\\\/\\\/r9.ieee.org\\\/peru-ras\\\/\",\"name\":\"RAS PER\u00da\",\"description\":\"\",\"publisher\":{\"@id\":\"https:\\\/\\\/r9.ieee.org\\\/peru-ras\\\/#organization\"},\"potentialAction\":[{\"@type\":\"SearchAction\",\"target\":{\"@type\":\"EntryPoint\",\"urlTemplate\":\"https:\\\/\\\/r9.ieee.org\\\/peru-ras\\\/?s={search_term_string}\"},\"query-input\":{\"@type\":\"PropertyValueSpecification\",\"valueRequired\":true,\"valueName\":\"search_term_string\"}}],\"inLanguage\":\"es\"},{\"@type\":\"Organization\",\"@id\":\"https:\\\/\\\/r9.ieee.org\\\/peru-ras\\\/#organization\",\"name\":\"RAS PER\u00da\",\"url\":\"https:\\\/\\\/r9.ieee.org\\\/peru-ras\\\/\",\"logo\":{\"@type\":\"ImageObject\",\"inLanguage\":\"es\",\"@id\":\"https:\\\/\\\/r9.ieee.org\\\/peru-ras\\\/#\\\/schema\\\/logo\\\/image\\\/\",\"url\":\"https:\\\/\\\/r9.ieee.org\\\/peru-ras\\\/wp-content\\\/uploads\\\/sites\\\/81\\\/FUENTE_RAS.png\",\"contentUrl\":\"https:\\\/\\\/r9.ieee.org\\\/peru-ras\\\/wp-content\\\/uploads\\\/sites\\\/81\\\/FUENTE_RAS.png\",\"width\":1488,\"height\":290,\"caption\":\"RAS PER\u00da\"},\"image\":{\"@id\":\"https:\\\/\\\/r9.ieee.org\\\/peru-ras\\\/#\\\/schema\\\/logo\\\/image\\\/\"},\"sameAs\":[\"https:\\\/\\\/www.facebook.com\\\/ieeerasperu\\\/\",\"https:\\\/\\\/instagram.com\\\/ieee.ras.peru\"]},{\"@type\":\"Person\",\"@id\":\"https:\\\/\\\/r9.ieee.org\\\/peru-ras\\\/#\\\/schema\\\/person\\\/fc0f0f20ae1e64c90b20597e37c85068\",\"name\":\"Admin\",\"image\":{\"@type\":\"ImageObject\",\"inLanguage\":\"es\",\"@id\":\"https:\\\/\\\/secure.gravatar.com\\\/avatar\\\/08f98506609de4e7274325db0c096a81263ba063b38c74adde9599b6e4965750?s=96&d=mm&r=g\",\"url\":\"https:\\\/\\\/secure.gravatar.com\\\/avatar\\\/08f98506609de4e7274325db0c096a81263ba063b38c74adde9599b6e4965750?s=96&d=mm&r=g\",\"contentUrl\":\"https:\\\/\\\/secure.gravatar.com\\\/avatar\\\/08f98506609de4e7274325db0c096a81263ba063b38c74adde9599b6e4965750?s=96&d=mm&r=g\",\"caption\":\"Admin\"},\"url\":\"https:\\\/\\\/r9.ieee.org\\\/peru-ras\\\/author\\\/carlosninaochoa\\\/\"}]}<\/script>\n<!-- \/ Yoast SEO plugin. -->","yoast_head_json":{"title":"Ganadores RAS Week 2023! - RAS PER\u00da","robots":{"index":"index","follow":"follow","max-snippet":"max-snippet:-1","max-image-preview":"max-image-preview:large","max-video-preview":"max-video-preview:-1"},"canonical":"https:\/\/r9.ieee.org\/peru-ras\/noticias\/ganadores-ras-week-2023\/","og_locale":"es_ES","og_type":"article","og_title":"Ganadores RAS Week 2023! - RAS PER\u00da","og_description":"Buenas Comunidad RAS PER\u00da \u00a1Ganadores RAS Week 2023! Anunciamos a los ganadores del concurso: Automatizaci\u00f3n de PLC CONCURSO: AUTOMATIZACI\u00d3N DE PLC 1\u00b0 TECSUP: Equipo Technocracia Bryam Javier Soto Meza Andi [&hellip;]","og_url":"https:\/\/r9.ieee.org\/peru-ras\/noticias\/ganadores-ras-week-2023\/","og_site_name":"RAS PER\u00da","article_publisher":"https:\/\/www.facebook.com\/ieeerasperu\/","article_published_time":"2023-12-30T18:24:45+00:00","article_modified_time":"2023-12-30T19:38:29+00:00","og_image":[{"url":"https:\/\/static.xx.fbcdn.net\/images\/emoji.php\/v9\/t92\/1.5\/16\/1f4e2.png","type":"","width":"","height":""}],"author":"Admin","twitter_card":"summary_large_image","twitter_misc":{"Escrito por":"Admin","Tiempo de lectura":"4 minutos"},"schema":{"@context":"https:\/\/schema.org","@graph":[{"@type":"Article","@id":"https:\/\/r9.ieee.org\/peru-ras\/noticias\/ganadores-ras-week-2023\/#article","isPartOf":{"@id":"https:\/\/r9.ieee.org\/peru-ras\/noticias\/ganadores-ras-week-2023\/"},"author":{"name":"Admin","@id":"https:\/\/r9.ieee.org\/peru-ras\/#\/schema\/person\/fc0f0f20ae1e64c90b20597e37c85068"},"headline":"Ganadores RAS Week 2023!","datePublished":"2023-12-30T18:24:45+00:00","dateModified":"2023-12-30T19:38:29+00:00","mainEntityOfPage":{"@id":"https:\/\/r9.ieee.org\/peru-ras\/noticias\/ganadores-ras-week-2023\/"},"wordCount":131,"publisher":{"@id":"https:\/\/r9.ieee.org\/peru-ras\/#organization"},"image":{"@id":"https:\/\/r9.ieee.org\/peru-ras\/noticias\/ganadores-ras-week-2023\/#primaryimage"},"thumbnailUrl":"https:\/\/static.xx.fbcdn.net\/images\/emoji.php\/v9\/t92\/1.5\/16\/1f4e2.png","keywords":["2023","diciembre","Ganadores","RASWeek2023"],"articleSection":["Noticias"],"inLanguage":"es"},{"@type":"WebPage","@id":"https:\/\/r9.ieee.org\/peru-ras\/noticias\/ganadores-ras-week-2023\/","url":"https:\/\/r9.ieee.org\/peru-ras\/noticias\/ganadores-ras-week-2023\/","name":"Ganadores RAS Week 2023! - RAS PER\u00da","isPartOf":{"@id":"https:\/\/r9.ieee.org\/peru-ras\/#website"},"primaryImageOfPage":{"@id":"https:\/\/r9.ieee.org\/peru-ras\/noticias\/ganadores-ras-week-2023\/#primaryimage"},"image":{"@id":"https:\/\/r9.ieee.org\/peru-ras\/noticias\/ganadores-ras-week-2023\/#primaryimage"},"thumbnailUrl":"https:\/\/static.xx.fbcdn.net\/images\/emoji.php\/v9\/t92\/1.5\/16\/1f4e2.png","datePublished":"2023-12-30T18:24:45+00:00","dateModified":"2023-12-30T19:38:29+00:00","breadcrumb":{"@id":"https:\/\/r9.ieee.org\/peru-ras\/noticias\/ganadores-ras-week-2023\/#breadcrumb"},"inLanguage":"es","potentialAction":[{"@type":"ReadAction","target":["https:\/\/r9.ieee.org\/peru-ras\/noticias\/ganadores-ras-week-2023\/"]}]},{"@type":"ImageObject","inLanguage":"es","@id":"https:\/\/r9.ieee.org\/peru-ras\/noticias\/ganadores-ras-week-2023\/#primaryimage","url":"https:\/\/static.xx.fbcdn.net\/images\/emoji.php\/v9\/t92\/1.5\/16\/1f4e2.png","contentUrl":"https:\/\/static.xx.fbcdn.net\/images\/emoji.php\/v9\/t92\/1.5\/16\/1f4e2.png"},{"@type":"BreadcrumbList","@id":"https:\/\/r9.ieee.org\/peru-ras\/noticias\/ganadores-ras-week-2023\/#breadcrumb","itemListElement":[{"@type":"ListItem","position":1,"name":"Home","item":"https:\/\/r9.ieee.org\/peru-ras\/"},{"@type":"ListItem","position":2,"name":"Ganadores RAS Week 2023!"}]},{"@type":"WebSite","@id":"https:\/\/r9.ieee.org\/peru-ras\/#website","url":"https:\/\/r9.ieee.org\/peru-ras\/","name":"RAS PER\u00da","description":"","publisher":{"@id":"https:\/\/r9.ieee.org\/peru-ras\/#organization"},"potentialAction":[{"@type":"SearchAction","target":{"@type":"EntryPoint","urlTemplate":"https:\/\/r9.ieee.org\/peru-ras\/?s={search_term_string}"},"query-input":{"@type":"PropertyValueSpecification","valueRequired":true,"valueName":"search_term_string"}}],"inLanguage":"es"},{"@type":"Organization","@id":"https:\/\/r9.ieee.org\/peru-ras\/#organization","name":"RAS PER\u00da","url":"https:\/\/r9.ieee.org\/peru-ras\/","logo":{"@type":"ImageObject","inLanguage":"es","@id":"https:\/\/r9.ieee.org\/peru-ras\/#\/schema\/logo\/image\/","url":"https:\/\/r9.ieee.org\/peru-ras\/wp-content\/uploads\/sites\/81\/FUENTE_RAS.png","contentUrl":"https:\/\/r9.ieee.org\/peru-ras\/wp-content\/uploads\/sites\/81\/FUENTE_RAS.png","width":1488,"height":290,"caption":"RAS PER\u00da"},"image":{"@id":"https:\/\/r9.ieee.org\/peru-ras\/#\/schema\/logo\/image\/"},"sameAs":["https:\/\/www.facebook.com\/ieeerasperu\/","https:\/\/instagram.com\/ieee.ras.peru"]},{"@type":"Person","@id":"https:\/\/r9.ieee.org\/peru-ras\/#\/schema\/person\/fc0f0f20ae1e64c90b20597e37c85068","name":"Admin","image":{"@type":"ImageObject","inLanguage":"es","@id":"https:\/\/secure.gravatar.com\/avatar\/08f98506609de4e7274325db0c096a81263ba063b38c74adde9599b6e4965750?s=96&d=mm&r=g","url":"https:\/\/secure.gravatar.com\/avatar\/08f98506609de4e7274325db0c096a81263ba063b38c74adde9599b6e4965750?s=96&d=mm&r=g","contentUrl":"https:\/\/secure.gravatar.com\/avatar\/08f98506609de4e7274325db0c096a81263ba063b38c74adde9599b6e4965750?s=96&d=mm&r=g","caption":"Admin"},"url":"https:\/\/r9.ieee.org\/peru-ras\/author\/carlosninaochoa\/"}]}},"_links":{"self":[{"href":"https:\/\/r9.ieee.org\/peru-ras\/wp-json\/wp\/v2\/posts\/1018","targetHints":{"allow":["GET"]}}],"collection":[{"href":"https:\/\/r9.ieee.org\/peru-ras\/wp-json\/wp\/v2\/posts"}],"about":[{"href":"https:\/\/r9.ieee.org\/peru-ras\/wp-json\/wp\/v2\/types\/post"}],"author":[{"embeddable":true,"href":"https:\/\/r9.ieee.org\/peru-ras\/wp-json\/wp\/v2\/users\/163"}],"replies":[{"embeddable":true,"href":"https:\/\/r9.ieee.org\/peru-ras\/wp-json\/wp\/v2\/comments?post=1018"}],"version-history":[{"count":0,"href":"https:\/\/r9.ieee.org\/peru-ras\/wp-json\/wp\/v2\/posts\/1018\/revisions"}],"wp:attachment":[{"href":"https:\/\/r9.ieee.org\/peru-ras\/wp-json\/wp\/v2\/media?parent=1018"}],"wp:term":[{"taxonomy":"category","embeddable":true,"href":"https:\/\/r9.ieee.org\/peru-ras\/wp-json\/wp\/v2\/categories?post=1018"},{"taxonomy":"post_tag","embeddable":true,"href":"https:\/\/r9.ieee.org\/peru-ras\/wp-json\/wp\/v2\/tags?post=1018"}],"curies":[{"name":"wp","href":"https:\/\/api.w.org\/{rel}","templated":true}]}},{"id":889,"date":"2023-11-17T23:35:27","date_gmt":"2023-11-18T04:35:27","guid":{"rendered":"https:\/\/r9.ieee.org\/peru-ras\/?p=889"},"modified":"2023-11-19T02:34:44","modified_gmt":"2023-11-19T07:34:44","slug":"participacion-de-ieee-ras-peru-en-el-elecon-2023","status":"publish","type":"post","link":"https:\/\/r9.ieee.org\/peru-ras\/noticias\/participacion-de-ieee-ras-peru-en-el-elecon-2023\/","title":{"rendered":"Participaci\u00f3n de IEEE RAS PER\u00da en el ELECON 2023"},"content":{"rendered":"<div dir=\"auto\">Por parte de la directiva nacional de la RAS, apoyamos en el <strong>ELECON<\/strong> 2023 mediante una ponencia magistral garantizando la calidad y profesionalismo. Tambi\u00e9n se apoy\u00f3 en la competencia de robots mini humanoides.<\/div>\n<div dir=\"auto\">\n<div dir=\"auto\"><span style=\"color: #ffffff\">|<\/span><\/div>\n<div dir=\"auto\">\n<div dir=\"auto\"><span class=\"x3nfvp2 x1j61x8r x1fcty0u xdj266r xhhsvwb xat24cr xgzva0m xxymvpz xlup9mm x1kky2od\"><img loading=\"lazy\" decoding=\"async\" class=\"xz74otr\" src=\"https:\/\/static.xx.fbcdn.net\/images\/emoji.php\/v9\/tba\/1.5\/16\/2705.png\" alt=\"\u2705\" width=\"16\" height=\"16\" \/><\/span> Workshop: Challenge in Automation with Industrial Robots in Peru<\/div>\n<div dir=\"auto\">Ponente: MSc. <span class=\"tmm_fname\">Nicol\u00e1s<\/span>\u00a0<span class=\"tmm_lname\">Figueroa Mosquera<\/span><\/div>\n<\/div>\n<div dir=\"auto\"><img decoding=\"async\" class=\"emoji\" role=\"img\" src=\"https:\/\/s.w.org\/images\/core\/emoji\/14.0.0\/svg\/1f5d3.svg\" alt=\"\ud83d\uddd3\ufe0f\" \/> Fecha: 13\/11\/23<br \/>\n<img decoding=\"async\" class=\"emoji\" role=\"img\" src=\"https:\/\/s.w.org\/images\/core\/emoji\/14.0.0\/svg\/23f1.svg\" alt=\"\u23f1\" \/> Hora: 11:30 (GMT-5)<\/div>\n<div dir=\"auto\"><span class=\"x3nfvp2 x1j61x8r x1fcty0u xdj266r xhhsvwb xat24cr xgzva0m xxymvpz xlup9mm x1kky2od\"><img loading=\"lazy\" decoding=\"async\" class=\"xz74otr\" src=\"https:\/\/static.xx.fbcdn.net\/images\/emoji.php\/v9\/t86\/1.5\/16\/1f4cd.png\" alt=\"\ud83d\udccd\" width=\"16\" height=\"16\" \/><\/span> Lugar: Universidad San Antonio de Abad del Cusco<\/div>\n<div dir=\"auto\"><span style=\"color: #ffffff\">|<\/span><\/div>\n<\/div>\n<div dir=\"auto\"><span style=\"color: #333399\">#ieeerasperu #ras #elecon2023 #competition #minihumanoide<\/span><\/div>\n<div dir=\"auto\"><span style=\"color: #ffffff\">|<\/span><\/div>\n<div dir=\"auto\">Foto: Ponencia \u00abChallenge in Automation with Industrial Robots in Peru\u00bb del Chair IEEE RAS PER\u00da, Msc. <span class=\"tmm_fname\">Nicol\u00e1s<\/span>\u00a0<span class=\"tmm_lname\">Figueroa Mosquera<\/span><\/div>\n<div dir=\"auto\">\n<div dir=\"auto\"><span style=\"color: #ffffff\"><img loading=\"lazy\" decoding=\"async\" class=\"aligncenter size-full wp-image-909\" src=\"https:\/\/r9.ieee.org\/peru-ras\/wp-content\/uploads\/sites\/81\/ELECON-2023.jpg\" alt=\"\" width=\"958\" height=\"958\" srcset=\"https:\/\/r9.ieee.org\/peru-ras\/wp-content\/uploads\/sites\/81\/\/ELECON-2023.jpg 958w, https:\/\/r9.ieee.org\/peru-ras\/wp-content\/uploads\/sites\/81\/\/ELECON-2023-278x278.jpg 278w, https:\/\/r9.ieee.org\/peru-ras\/wp-content\/uploads\/sites\/81\/\/ELECON-2023-150x150.jpg 150w, https:\/\/r9.ieee.org\/peru-ras\/wp-content\/uploads\/sites\/81\/\/ELECON-2023-768x768.jpg 768w\" sizes=\"auto, (max-width: 958px) 100vw, 958px\" \/><\/span><\/div>\n<div dir=\"auto\"><span style=\"color: #ffffff\">|<\/span><\/div>\n<div dir=\"auto\">\n<div dir=\"auto\">Foto: Ponencia del lunes 13 de noviembre a las 11:30am de manera presencial en el congreso ELECON 2023, realizado en la Universidad San Antonio de Abad del Cusco.<\/div>\n<\/div>\n<div dir=\"auto\"><span style=\"color: #ffffff\"><img loading=\"lazy\" decoding=\"async\" class=\"aligncenter size-full wp-image-922\" src=\"https:\/\/r9.ieee.org\/peru-ras\/wp-content\/uploads\/sites\/81\/ELECON-2023_1.jpg\" alt=\"\" width=\"1600\" height=\"1200\" srcset=\"https:\/\/r9.ieee.org\/peru-ras\/wp-content\/uploads\/sites\/81\/\/ELECON-2023_1.jpg 1600w, https:\/\/r9.ieee.org\/peru-ras\/wp-content\/uploads\/sites\/81\/\/ELECON-2023_1-370x278.jpg 370w, https:\/\/r9.ieee.org\/peru-ras\/wp-content\/uploads\/sites\/81\/\/ELECON-2023_1-1024x768.jpg 1024w, https:\/\/r9.ieee.org\/peru-ras\/wp-content\/uploads\/sites\/81\/\/ELECON-2023_1-768x576.jpg 768w, https:\/\/r9.ieee.org\/peru-ras\/wp-content\/uploads\/sites\/81\/\/ELECON-2023_1-1536x1152.jpg 1536w\" sizes=\"auto, (max-width: 1600px) 100vw, 1600px\" \/>|<\/span><\/div>\n<div dir=\"auto\"><span style=\"color: #ffffff\"><img loading=\"lazy\" decoding=\"async\" class=\"aligncenter size-full wp-image-923\" src=\"https:\/\/r9.ieee.org\/peru-ras\/wp-content\/uploads\/sites\/81\/ELECON-2023_2.jpg\" alt=\"\" width=\"2048\" height=\"1536\" srcset=\"https:\/\/r9.ieee.org\/peru-ras\/wp-content\/uploads\/sites\/81\/\/ELECON-2023_2.jpg 2048w, https:\/\/r9.ieee.org\/peru-ras\/wp-content\/uploads\/sites\/81\/\/ELECON-2023_2-370x278.jpg 370w, https:\/\/r9.ieee.org\/peru-ras\/wp-content\/uploads\/sites\/81\/\/ELECON-2023_2-1024x768.jpg 1024w, https:\/\/r9.ieee.org\/peru-ras\/wp-content\/uploads\/sites\/81\/\/ELECON-2023_2-768x576.jpg 768w, https:\/\/r9.ieee.org\/peru-ras\/wp-content\/uploads\/sites\/81\/\/ELECON-2023_2-1536x1152.jpg 1536w\" sizes=\"auto, (max-width: 2048px) 100vw, 2048px\" \/>|<\/span><\/div>\n<\/div>\n","protected":false},"excerpt":{"rendered":"<p>Por parte de la directiva nacional de la RAS, apoyamos en el ELECON 2023 mediante una ponencia magistral garantizando la calidad y profesionalismo. Tambi\u00e9n se apoy\u00f3 en la competencia de [&hellip;]<\/p>\n","protected":false},"author":163,"featured_media":922,"comment_status":"closed","ping_status":"closed","sticky":false,"template":"","format":"standard","meta":{"footnotes":""},"categories":[8],"tags":[33,53,52],"class_list":["post-889","post","type-post","status-publish","format-standard","hentry","category-noticias","tag-33","tag-elecon","tag-noviembre"],"yoast_head":"<!-- This site is optimized with the Yoast SEO plugin v27.5 - https:\/\/yoast.com\/product\/yoast-seo-wordpress\/ -->\n<title>Participaci\u00f3n de IEEE RAS PER\u00da en el ELECON 2023 - RAS PER\u00da<\/title>\n<meta name=\"robots\" content=\"index, follow, max-snippet:-1, max-image-preview:large, max-video-preview:-1\" \/>\n<link rel=\"canonical\" href=\"https:\/\/r9.ieee.org\/peru-ras\/noticias\/participacion-de-ieee-ras-peru-en-el-elecon-2023\/\" \/>\n<meta property=\"og:locale\" content=\"es_ES\" \/>\n<meta property=\"og:type\" content=\"article\" \/>\n<meta property=\"og:title\" content=\"Participaci\u00f3n de IEEE RAS PER\u00da en el ELECON 2023 - RAS PER\u00da\" \/>\n<meta property=\"og:description\" content=\"Por parte de la directiva nacional de la RAS, apoyamos en el ELECON 2023 mediante una ponencia magistral garantizando la calidad y profesionalismo. Tambi\u00e9n se apoy\u00f3 en la competencia de [&hellip;]\" \/>\n<meta property=\"og:url\" content=\"https:\/\/r9.ieee.org\/peru-ras\/noticias\/participacion-de-ieee-ras-peru-en-el-elecon-2023\/\" \/>\n<meta property=\"og:site_name\" content=\"RAS PER\u00da\" \/>\n<meta property=\"article:publisher\" content=\"https:\/\/www.facebook.com\/ieeerasperu\/\" \/>\n<meta property=\"article:published_time\" content=\"2023-11-18T04:35:27+00:00\" \/>\n<meta property=\"article:modified_time\" content=\"2023-11-19T07:34:44+00:00\" \/>\n<meta property=\"og:image\" content=\"https:\/\/r9.ieee.org\/peru-ras\/wp-content\/uploads\/sites\/81\/ELECON-2023_1.jpg\" \/>\n\t<meta property=\"og:image:width\" content=\"1600\" \/>\n\t<meta property=\"og:image:height\" content=\"1200\" \/>\n\t<meta property=\"og:image:type\" content=\"image\/jpeg\" \/>\n<meta name=\"author\" content=\"Admin\" \/>\n<meta name=\"twitter:card\" content=\"summary_large_image\" \/>\n<meta name=\"twitter:label1\" content=\"Escrito por\" \/>\n\t<meta name=\"twitter:data1\" content=\"Admin\" \/>\n\t<meta name=\"twitter:label2\" content=\"Tiempo de lectura\" \/>\n\t<meta name=\"twitter:data2\" content=\"2 minutos\" \/>\n<script type=\"application\/ld+json\" class=\"yoast-schema-graph\">{\"@context\":\"https:\\\/\\\/schema.org\",\"@graph\":[{\"@type\":\"Article\",\"@id\":\"https:\\\/\\\/r9.ieee.org\\\/peru-ras\\\/noticias\\\/participacion-de-ieee-ras-peru-en-el-elecon-2023\\\/#article\",\"isPartOf\":{\"@id\":\"https:\\\/\\\/r9.ieee.org\\\/peru-ras\\\/noticias\\\/participacion-de-ieee-ras-peru-en-el-elecon-2023\\\/\"},\"author\":{\"name\":\"Admin\",\"@id\":\"https:\\\/\\\/r9.ieee.org\\\/peru-ras\\\/#\\\/schema\\\/person\\\/fc0f0f20ae1e64c90b20597e37c85068\"},\"headline\":\"Participaci\u00f3n de IEEE RAS PER\u00da en el ELECON 2023\",\"datePublished\":\"2023-11-18T04:35:27+00:00\",\"dateModified\":\"2023-11-19T07:34:44+00:00\",\"mainEntityOfPage\":{\"@id\":\"https:\\\/\\\/r9.ieee.org\\\/peru-ras\\\/noticias\\\/participacion-de-ieee-ras-peru-en-el-elecon-2023\\\/\"},\"wordCount\":119,\"publisher\":{\"@id\":\"https:\\\/\\\/r9.ieee.org\\\/peru-ras\\\/#organization\"},\"image\":{\"@id\":\"https:\\\/\\\/r9.ieee.org\\\/peru-ras\\\/noticias\\\/participacion-de-ieee-ras-peru-en-el-elecon-2023\\\/#primaryimage\"},\"thumbnailUrl\":\"https:\\\/\\\/r9.ieee.org\\\/peru-ras\\\/wp-content\\\/uploads\\\/sites\\\/81\\\/ELECON-2023_1.jpg\",\"keywords\":[\"2023\",\"ELECON\",\"noviembre\"],\"articleSection\":[\"Noticias\"],\"inLanguage\":\"es\"},{\"@type\":\"WebPage\",\"@id\":\"https:\\\/\\\/r9.ieee.org\\\/peru-ras\\\/noticias\\\/participacion-de-ieee-ras-peru-en-el-elecon-2023\\\/\",\"url\":\"https:\\\/\\\/r9.ieee.org\\\/peru-ras\\\/noticias\\\/participacion-de-ieee-ras-peru-en-el-elecon-2023\\\/\",\"name\":\"Participaci\u00f3n de IEEE RAS PER\u00da en el ELECON 2023 - RAS PER\u00da\",\"isPartOf\":{\"@id\":\"https:\\\/\\\/r9.ieee.org\\\/peru-ras\\\/#website\"},\"primaryImageOfPage\":{\"@id\":\"https:\\\/\\\/r9.ieee.org\\\/peru-ras\\\/noticias\\\/participacion-de-ieee-ras-peru-en-el-elecon-2023\\\/#primaryimage\"},\"image\":{\"@id\":\"https:\\\/\\\/r9.ieee.org\\\/peru-ras\\\/noticias\\\/participacion-de-ieee-ras-peru-en-el-elecon-2023\\\/#primaryimage\"},\"thumbnailUrl\":\"https:\\\/\\\/r9.ieee.org\\\/peru-ras\\\/wp-content\\\/uploads\\\/sites\\\/81\\\/ELECON-2023_1.jpg\",\"datePublished\":\"2023-11-18T04:35:27+00:00\",\"dateModified\":\"2023-11-19T07:34:44+00:00\",\"breadcrumb\":{\"@id\":\"https:\\\/\\\/r9.ieee.org\\\/peru-ras\\\/noticias\\\/participacion-de-ieee-ras-peru-en-el-elecon-2023\\\/#breadcrumb\"},\"inLanguage\":\"es\",\"potentialAction\":[{\"@type\":\"ReadAction\",\"target\":[\"https:\\\/\\\/r9.ieee.org\\\/peru-ras\\\/noticias\\\/participacion-de-ieee-ras-peru-en-el-elecon-2023\\\/\"]}]},{\"@type\":\"ImageObject\",\"inLanguage\":\"es\",\"@id\":\"https:\\\/\\\/r9.ieee.org\\\/peru-ras\\\/noticias\\\/participacion-de-ieee-ras-peru-en-el-elecon-2023\\\/#primaryimage\",\"url\":\"https:\\\/\\\/r9.ieee.org\\\/peru-ras\\\/wp-content\\\/uploads\\\/sites\\\/81\\\/ELECON-2023_1.jpg\",\"contentUrl\":\"https:\\\/\\\/r9.ieee.org\\\/peru-ras\\\/wp-content\\\/uploads\\\/sites\\\/81\\\/ELECON-2023_1.jpg\",\"width\":1600,\"height\":1200},{\"@type\":\"BreadcrumbList\",\"@id\":\"https:\\\/\\\/r9.ieee.org\\\/peru-ras\\\/noticias\\\/participacion-de-ieee-ras-peru-en-el-elecon-2023\\\/#breadcrumb\",\"itemListElement\":[{\"@type\":\"ListItem\",\"position\":1,\"name\":\"Home\",\"item\":\"https:\\\/\\\/r9.ieee.org\\\/peru-ras\\\/\"},{\"@type\":\"ListItem\",\"position\":2,\"name\":\"Participaci\u00f3n de IEEE RAS PER\u00da en el ELECON 2023\"}]},{\"@type\":\"WebSite\",\"@id\":\"https:\\\/\\\/r9.ieee.org\\\/peru-ras\\\/#website\",\"url\":\"https:\\\/\\\/r9.ieee.org\\\/peru-ras\\\/\",\"name\":\"RAS PER\u00da\",\"description\":\"\",\"publisher\":{\"@id\":\"https:\\\/\\\/r9.ieee.org\\\/peru-ras\\\/#organization\"},\"potentialAction\":[{\"@type\":\"SearchAction\",\"target\":{\"@type\":\"EntryPoint\",\"urlTemplate\":\"https:\\\/\\\/r9.ieee.org\\\/peru-ras\\\/?s={search_term_string}\"},\"query-input\":{\"@type\":\"PropertyValueSpecification\",\"valueRequired\":true,\"valueName\":\"search_term_string\"}}],\"inLanguage\":\"es\"},{\"@type\":\"Organization\",\"@id\":\"https:\\\/\\\/r9.ieee.org\\\/peru-ras\\\/#organization\",\"name\":\"RAS PER\u00da\",\"url\":\"https:\\\/\\\/r9.ieee.org\\\/peru-ras\\\/\",\"logo\":{\"@type\":\"ImageObject\",\"inLanguage\":\"es\",\"@id\":\"https:\\\/\\\/r9.ieee.org\\\/peru-ras\\\/#\\\/schema\\\/logo\\\/image\\\/\",\"url\":\"https:\\\/\\\/r9.ieee.org\\\/peru-ras\\\/wp-content\\\/uploads\\\/sites\\\/81\\\/FUENTE_RAS.png\",\"contentUrl\":\"https:\\\/\\\/r9.ieee.org\\\/peru-ras\\\/wp-content\\\/uploads\\\/sites\\\/81\\\/FUENTE_RAS.png\",\"width\":1488,\"height\":290,\"caption\":\"RAS PER\u00da\"},\"image\":{\"@id\":\"https:\\\/\\\/r9.ieee.org\\\/peru-ras\\\/#\\\/schema\\\/logo\\\/image\\\/\"},\"sameAs\":[\"https:\\\/\\\/www.facebook.com\\\/ieeerasperu\\\/\",\"https:\\\/\\\/instagram.com\\\/ieee.ras.peru\"]},{\"@type\":\"Person\",\"@id\":\"https:\\\/\\\/r9.ieee.org\\\/peru-ras\\\/#\\\/schema\\\/person\\\/fc0f0f20ae1e64c90b20597e37c85068\",\"name\":\"Admin\",\"image\":{\"@type\":\"ImageObject\",\"inLanguage\":\"es\",\"@id\":\"https:\\\/\\\/secure.gravatar.com\\\/avatar\\\/08f98506609de4e7274325db0c096a81263ba063b38c74adde9599b6e4965750?s=96&d=mm&r=g\",\"url\":\"https:\\\/\\\/secure.gravatar.com\\\/avatar\\\/08f98506609de4e7274325db0c096a81263ba063b38c74adde9599b6e4965750?s=96&d=mm&r=g\",\"contentUrl\":\"https:\\\/\\\/secure.gravatar.com\\\/avatar\\\/08f98506609de4e7274325db0c096a81263ba063b38c74adde9599b6e4965750?s=96&d=mm&r=g\",\"caption\":\"Admin\"},\"url\":\"https:\\\/\\\/r9.ieee.org\\\/peru-ras\\\/author\\\/carlosninaochoa\\\/\"}]}<\/script>\n<!-- \/ Yoast SEO plugin. -->","yoast_head_json":{"title":"Participaci\u00f3n de IEEE RAS PER\u00da en el ELECON 2023 - RAS PER\u00da","robots":{"index":"index","follow":"follow","max-snippet":"max-snippet:-1","max-image-preview":"max-image-preview:large","max-video-preview":"max-video-preview:-1"},"canonical":"https:\/\/r9.ieee.org\/peru-ras\/noticias\/participacion-de-ieee-ras-peru-en-el-elecon-2023\/","og_locale":"es_ES","og_type":"article","og_title":"Participaci\u00f3n de IEEE RAS PER\u00da en el ELECON 2023 - RAS PER\u00da","og_description":"Por parte de la directiva nacional de la RAS, apoyamos en el ELECON 2023 mediante una ponencia magistral garantizando la calidad y profesionalismo. Tambi\u00e9n se apoy\u00f3 en la competencia de [&hellip;]","og_url":"https:\/\/r9.ieee.org\/peru-ras\/noticias\/participacion-de-ieee-ras-peru-en-el-elecon-2023\/","og_site_name":"RAS PER\u00da","article_publisher":"https:\/\/www.facebook.com\/ieeerasperu\/","article_published_time":"2023-11-18T04:35:27+00:00","article_modified_time":"2023-11-19T07:34:44+00:00","og_image":[{"width":1600,"height":1200,"url":"https:\/\/r9.ieee.org\/peru-ras\/wp-content\/uploads\/sites\/81\/ELECON-2023_1.jpg","type":"image\/jpeg"}],"author":"Admin","twitter_card":"summary_large_image","twitter_misc":{"Escrito por":"Admin","Tiempo de lectura":"2 minutos"},"schema":{"@context":"https:\/\/schema.org","@graph":[{"@type":"Article","@id":"https:\/\/r9.ieee.org\/peru-ras\/noticias\/participacion-de-ieee-ras-peru-en-el-elecon-2023\/#article","isPartOf":{"@id":"https:\/\/r9.ieee.org\/peru-ras\/noticias\/participacion-de-ieee-ras-peru-en-el-elecon-2023\/"},"author":{"name":"Admin","@id":"https:\/\/r9.ieee.org\/peru-ras\/#\/schema\/person\/fc0f0f20ae1e64c90b20597e37c85068"},"headline":"Participaci\u00f3n de IEEE RAS PER\u00da en el ELECON 2023","datePublished":"2023-11-18T04:35:27+00:00","dateModified":"2023-11-19T07:34:44+00:00","mainEntityOfPage":{"@id":"https:\/\/r9.ieee.org\/peru-ras\/noticias\/participacion-de-ieee-ras-peru-en-el-elecon-2023\/"},"wordCount":119,"publisher":{"@id":"https:\/\/r9.ieee.org\/peru-ras\/#organization"},"image":{"@id":"https:\/\/r9.ieee.org\/peru-ras\/noticias\/participacion-de-ieee-ras-peru-en-el-elecon-2023\/#primaryimage"},"thumbnailUrl":"https:\/\/r9.ieee.org\/peru-ras\/wp-content\/uploads\/sites\/81\/ELECON-2023_1.jpg","keywords":["2023","ELECON","noviembre"],"articleSection":["Noticias"],"inLanguage":"es"},{"@type":"WebPage","@id":"https:\/\/r9.ieee.org\/peru-ras\/noticias\/participacion-de-ieee-ras-peru-en-el-elecon-2023\/","url":"https:\/\/r9.ieee.org\/peru-ras\/noticias\/participacion-de-ieee-ras-peru-en-el-elecon-2023\/","name":"Participaci\u00f3n de IEEE RAS PER\u00da en el ELECON 2023 - RAS PER\u00da","isPartOf":{"@id":"https:\/\/r9.ieee.org\/peru-ras\/#website"},"primaryImageOfPage":{"@id":"https:\/\/r9.ieee.org\/peru-ras\/noticias\/participacion-de-ieee-ras-peru-en-el-elecon-2023\/#primaryimage"},"image":{"@id":"https:\/\/r9.ieee.org\/peru-ras\/noticias\/participacion-de-ieee-ras-peru-en-el-elecon-2023\/#primaryimage"},"thumbnailUrl":"https:\/\/r9.ieee.org\/peru-ras\/wp-content\/uploads\/sites\/81\/ELECON-2023_1.jpg","datePublished":"2023-11-18T04:35:27+00:00","dateModified":"2023-11-19T07:34:44+00:00","breadcrumb":{"@id":"https:\/\/r9.ieee.org\/peru-ras\/noticias\/participacion-de-ieee-ras-peru-en-el-elecon-2023\/#breadcrumb"},"inLanguage":"es","potentialAction":[{"@type":"ReadAction","target":["https:\/\/r9.ieee.org\/peru-ras\/noticias\/participacion-de-ieee-ras-peru-en-el-elecon-2023\/"]}]},{"@type":"ImageObject","inLanguage":"es","@id":"https:\/\/r9.ieee.org\/peru-ras\/noticias\/participacion-de-ieee-ras-peru-en-el-elecon-2023\/#primaryimage","url":"https:\/\/r9.ieee.org\/peru-ras\/wp-content\/uploads\/sites\/81\/ELECON-2023_1.jpg","contentUrl":"https:\/\/r9.ieee.org\/peru-ras\/wp-content\/uploads\/sites\/81\/ELECON-2023_1.jpg","width":1600,"height":1200},{"@type":"BreadcrumbList","@id":"https:\/\/r9.ieee.org\/peru-ras\/noticias\/participacion-de-ieee-ras-peru-en-el-elecon-2023\/#breadcrumb","itemListElement":[{"@type":"ListItem","position":1,"name":"Home","item":"https:\/\/r9.ieee.org\/peru-ras\/"},{"@type":"ListItem","position":2,"name":"Participaci\u00f3n de IEEE RAS PER\u00da en el ELECON 2023"}]},{"@type":"WebSite","@id":"https:\/\/r9.ieee.org\/peru-ras\/#website","url":"https:\/\/r9.ieee.org\/peru-ras\/","name":"RAS PER\u00da","description":"","publisher":{"@id":"https:\/\/r9.ieee.org\/peru-ras\/#organization"},"potentialAction":[{"@type":"SearchAction","target":{"@type":"EntryPoint","urlTemplate":"https:\/\/r9.ieee.org\/peru-ras\/?s={search_term_string}"},"query-input":{"@type":"PropertyValueSpecification","valueRequired":true,"valueName":"search_term_string"}}],"inLanguage":"es"},{"@type":"Organization","@id":"https:\/\/r9.ieee.org\/peru-ras\/#organization","name":"RAS PER\u00da","url":"https:\/\/r9.ieee.org\/peru-ras\/","logo":{"@type":"ImageObject","inLanguage":"es","@id":"https:\/\/r9.ieee.org\/peru-ras\/#\/schema\/logo\/image\/","url":"https:\/\/r9.ieee.org\/peru-ras\/wp-content\/uploads\/sites\/81\/FUENTE_RAS.png","contentUrl":"https:\/\/r9.ieee.org\/peru-ras\/wp-content\/uploads\/sites\/81\/FUENTE_RAS.png","width":1488,"height":290,"caption":"RAS PER\u00da"},"image":{"@id":"https:\/\/r9.ieee.org\/peru-ras\/#\/schema\/logo\/image\/"},"sameAs":["https:\/\/www.facebook.com\/ieeerasperu\/","https:\/\/instagram.com\/ieee.ras.peru"]},{"@type":"Person","@id":"https:\/\/r9.ieee.org\/peru-ras\/#\/schema\/person\/fc0f0f20ae1e64c90b20597e37c85068","name":"Admin","image":{"@type":"ImageObject","inLanguage":"es","@id":"https:\/\/secure.gravatar.com\/avatar\/08f98506609de4e7274325db0c096a81263ba063b38c74adde9599b6e4965750?s=96&d=mm&r=g","url":"https:\/\/secure.gravatar.com\/avatar\/08f98506609de4e7274325db0c096a81263ba063b38c74adde9599b6e4965750?s=96&d=mm&r=g","contentUrl":"https:\/\/secure.gravatar.com\/avatar\/08f98506609de4e7274325db0c096a81263ba063b38c74adde9599b6e4965750?s=96&d=mm&r=g","caption":"Admin"},"url":"https:\/\/r9.ieee.org\/peru-ras\/author\/carlosninaochoa\/"}]}},"_links":{"self":[{"href":"https:\/\/r9.ieee.org\/peru-ras\/wp-json\/wp\/v2\/posts\/889","targetHints":{"allow":["GET"]}}],"collection":[{"href":"https:\/\/r9.ieee.org\/peru-ras\/wp-json\/wp\/v2\/posts"}],"about":[{"href":"https:\/\/r9.ieee.org\/peru-ras\/wp-json\/wp\/v2\/types\/post"}],"author":[{"embeddable":true,"href":"https:\/\/r9.ieee.org\/peru-ras\/wp-json\/wp\/v2\/users\/163"}],"replies":[{"embeddable":true,"href":"https:\/\/r9.ieee.org\/peru-ras\/wp-json\/wp\/v2\/comments?post=889"}],"version-history":[{"count":0,"href":"https:\/\/r9.ieee.org\/peru-ras\/wp-json\/wp\/v2\/posts\/889\/revisions"}],"wp:featuredmedia":[{"embeddable":true,"href":"https:\/\/r9.ieee.org\/peru-ras\/wp-json\/wp\/v2\/media\/922"}],"wp:attachment":[{"href":"https:\/\/r9.ieee.org\/peru-ras\/wp-json\/wp\/v2\/media?parent=889"}],"wp:term":[{"taxonomy":"category","embeddable":true,"href":"https:\/\/r9.ieee.org\/peru-ras\/wp-json\/wp\/v2\/categories?post=889"},{"taxonomy":"post_tag","embeddable":true,"href":"https:\/\/r9.ieee.org\/peru-ras\/wp-json\/wp\/v2\/tags?post=889"}],"curies":[{"name":"wp","href":"https:\/\/api.w.org\/{rel}","templated":true}]}},{"id":887,"date":"2023-11-06T23:35:03","date_gmt":"2023-11-07T04:35:03","guid":{"rendered":"https:\/\/r9.ieee.org\/peru-ras\/?p=887"},"modified":"2023-11-19T02:34:38","modified_gmt":"2023-11-19T07:34:38","slug":"participacion-de-ieee-ras-peru-en-el-intercon-2023","status":"publish","type":"post","link":"https:\/\/r9.ieee.org\/peru-ras\/noticias\/participacion-de-ieee-ras-peru-en-el-intercon-2023\/","title":{"rendered":"Participaci\u00f3n de IEEE RAS PER\u00da en el INTERCON 2023"},"content":{"rendered":"<div dir=\"auto\">Por parte de la directiva nacional de la RAS, apoyamos al <span class=\"xt0psk2\"><strong>INTERCON<\/strong> 2023<\/span> mediante dos ponencias magistrales y el brindar a los jurados en la competencia de rob\u00f3tica minihumanoide garantizando la calidad y profesionalismo durante el desarrollo de la competencia, logramos 32 equipos inscritos.<\/div>\n<div dir=\"auto\"><span style=\"color: #ffffff\">|<\/span><\/div>\n<div dir=\"auto\">\n<div dir=\"auto\"><span class=\"x3nfvp2 x1j61x8r x1fcty0u xdj266r xhhsvwb xat24cr xgzva0m xxymvpz xlup9mm x1kky2od\"><img loading=\"lazy\" decoding=\"async\" class=\"xz74otr\" src=\"https:\/\/static.xx.fbcdn.net\/images\/emoji.php\/v9\/tba\/1.5\/16\/2705.png\" alt=\"\u2705\" width=\"16\" height=\"16\" \/><\/span> Workshop 1: Introduction to Humanoid Robotics<\/div>\n<div dir=\"auto\">Ponente: MSc. <span class=\"tmm_fname\">Nicol\u00e1s<\/span>\u00a0<span class=\"tmm_lname\">Figueroa Mosquera<\/span><\/div>\n<\/div>\n<div dir=\"auto\"><img decoding=\"async\" class=\"emoji\" role=\"img\" src=\"https:\/\/s.w.org\/images\/core\/emoji\/14.0.0\/svg\/1f5d3.svg\" alt=\"\ud83d\uddd3\ufe0f\" \/> Fecha: 04\/11\/23<br \/>\n<img decoding=\"async\" class=\"emoji\" role=\"img\" src=\"https:\/\/s.w.org\/images\/core\/emoji\/14.0.0\/svg\/23f1.svg\" alt=\"\u23f1\" \/> Hora: 15:00 (GMT-5)<\/div>\n<div dir=\"auto\"><span class=\"x3nfvp2 x1j61x8r x1fcty0u xdj266r xhhsvwb xat24cr xgzva0m xxymvpz xlup9mm x1kky2od\"><img loading=\"lazy\" decoding=\"async\" class=\"xz74otr\" src=\"https:\/\/static.xx.fbcdn.net\/images\/emoji.php\/v9\/t86\/1.5\/16\/1f4cd.png\" alt=\"\ud83d\udccd\" width=\"16\" height=\"16\" \/><\/span> Modalidad Presencial<\/div>\n<div dir=\"auto\"><span style=\"color: #ffffff\">|<\/span><\/div>\n<div dir=\"auto\">\n<div dir=\"auto\"><span class=\"x3nfvp2 x1j61x8r x1fcty0u xdj266r xhhsvwb xat24cr xgzva0m xxymvpz xlup9mm x1kky2od\"><img loading=\"lazy\" decoding=\"async\" class=\"xz74otr\" src=\"https:\/\/static.xx.fbcdn.net\/images\/emoji.php\/v9\/tba\/1.5\/16\/2705.png\" alt=\"\u2705\" width=\"16\" height=\"16\" \/><\/span> Workshop 2: Challenges for The Consolidation of a Peruvian Robotics Federation<\/div>\n<div dir=\"auto\">Ponente: <span class=\"tmm_fname\">Carlos<\/span>\u00a0<span class=\"tmm_lname\">Otiniano No\u00e9<\/span><\/div>\n<\/div>\n<div dir=\"auto\"><img decoding=\"async\" class=\"emoji\" role=\"img\" src=\"https:\/\/s.w.org\/images\/core\/emoji\/14.0.0\/svg\/1f5d3.svg\" alt=\"\ud83d\uddd3\ufe0f\" \/> Fecha: 04\/11\/23<br \/>\n<img decoding=\"async\" class=\"emoji\" role=\"img\" src=\"https:\/\/s.w.org\/images\/core\/emoji\/14.0.0\/svg\/23f1.svg\" alt=\"\u23f1\" \/> Hora: 17:00 (GMT-5)<\/div>\n<div dir=\"auto\"><span class=\"x3nfvp2 x1j61x8r x1fcty0u xdj266r xhhsvwb xat24cr xgzva0m xxymvpz xlup9mm x1kky2od\"><img loading=\"lazy\" decoding=\"async\" class=\"xz74otr\" src=\"https:\/\/static.xx.fbcdn.net\/images\/emoji.php\/v9\/t86\/1.5\/16\/1f4cd.png\" alt=\"\ud83d\udccd\" width=\"16\" height=\"16\" \/><\/span> Modalidad Presencial<\/div>\n<div dir=\"auto\"><span style=\"color: #ffffff\">|<\/span><\/div>\n<div dir=\"auto\"><span style=\"color: #333399\">#ieeerasperu #ras #intercon2023 #speakers #competition #minihumanoide<\/span><\/div>\n<div dir=\"auto\"><span style=\"color: #ffffff\">|<\/span><\/div>\n<div dir=\"auto\">Foto: Final de las actividades de la competencia en el INTERCON 2023<\/div>\n<div dir=\"auto\"><img loading=\"lazy\" decoding=\"async\" class=\"aligncenter size-full wp-image-896\" src=\"https:\/\/r9.ieee.org\/peru-ras\/wp-content\/uploads\/sites\/81\/INTERCON-2023_1.jpg\" alt=\"\" width=\"1600\" height=\"1200\" srcset=\"https:\/\/r9.ieee.org\/peru-ras\/wp-content\/uploads\/sites\/81\/\/INTERCON-2023_1.jpg 1600w, https:\/\/r9.ieee.org\/peru-ras\/wp-content\/uploads\/sites\/81\/\/INTERCON-2023_1-370x278.jpg 370w, https:\/\/r9.ieee.org\/peru-ras\/wp-content\/uploads\/sites\/81\/\/INTERCON-2023_1-1024x768.jpg 1024w, https:\/\/r9.ieee.org\/peru-ras\/wp-content\/uploads\/sites\/81\/\/INTERCON-2023_1-768x576.jpg 768w, https:\/\/r9.ieee.org\/peru-ras\/wp-content\/uploads\/sites\/81\/\/INTERCON-2023_1-1536x1152.jpg 1536w\" sizes=\"auto, (max-width: 1600px) 100vw, 1600px\" \/><\/div>\n<div dir=\"auto\"><span style=\"color: #ffffff\">|<\/span><\/div>\n<div dir=\"auto\">Foto: Ponencia \u00abIntroduction to Humanoid Robotics\u00bb del Chair IEEE RAS PER\u00da, Msc. <span class=\"tmm_fname\">Nicol\u00e1s<\/span>\u00a0<span class=\"tmm_lname\">Figueroa Mosquera<\/span><\/div>\n<div dir=\"auto\"><img loading=\"lazy\" decoding=\"async\" class=\"aligncenter size-full wp-image-895\" src=\"https:\/\/r9.ieee.org\/peru-ras\/wp-content\/uploads\/sites\/81\/INTERCON-2023_2.jpg\" alt=\"\" width=\"1600\" height=\"1600\" srcset=\"https:\/\/r9.ieee.org\/peru-ras\/wp-content\/uploads\/sites\/81\/\/INTERCON-2023_2.jpg 1600w, https:\/\/r9.ieee.org\/peru-ras\/wp-content\/uploads\/sites\/81\/\/INTERCON-2023_2-278x278.jpg 278w, https:\/\/r9.ieee.org\/peru-ras\/wp-content\/uploads\/sites\/81\/\/INTERCON-2023_2-1024x1024.jpg 1024w, https:\/\/r9.ieee.org\/peru-ras\/wp-content\/uploads\/sites\/81\/\/INTERCON-2023_2-150x150.jpg 150w, https:\/\/r9.ieee.org\/peru-ras\/wp-content\/uploads\/sites\/81\/\/INTERCON-2023_2-768x768.jpg 768w, https:\/\/r9.ieee.org\/peru-ras\/wp-content\/uploads\/sites\/81\/\/INTERCON-2023_2-1536x1536.jpg 1536w\" sizes=\"auto, (max-width: 1600px) 100vw, 1600px\" \/><\/div>\n<div dir=\"auto\"><span style=\"color: #ffffff\">|<\/span><\/div>\n<div dir=\"auto\">Foto: Certificado de la Ponencia \u00abIntroduction to Humanoid Robotics\u00bb<\/div>\n<div dir=\"auto\">\n<div dir=\"auto\"><img loading=\"lazy\" decoding=\"async\" class=\"aligncenter size-full wp-image-898\" src=\"https:\/\/r9.ieee.org\/peru-ras\/wp-content\/uploads\/sites\/81\/INTERCON-2023_3.jpg\" alt=\"\" width=\"1200\" height=\"1600\" srcset=\"https:\/\/r9.ieee.org\/peru-ras\/wp-content\/uploads\/sites\/81\/\/INTERCON-2023_3.jpg 1200w, https:\/\/r9.ieee.org\/peru-ras\/wp-content\/uploads\/sites\/81\/\/INTERCON-2023_3-209x278.jpg 209w, https:\/\/r9.ieee.org\/peru-ras\/wp-content\/uploads\/sites\/81\/\/INTERCON-2023_3-768x1024.jpg 768w, https:\/\/r9.ieee.org\/peru-ras\/wp-content\/uploads\/sites\/81\/\/INTERCON-2023_3-1152x1536.jpg 1152w\" sizes=\"auto, (max-width: 1200px) 100vw, 1200px\" \/><\/div>\n<div dir=\"auto\"><span style=\"color: #ffffff\">|<\/span><\/div>\n<div dir=\"auto\">Foto: Ponencia \u00abChallenges for The Consolidation of a Peruvian Robotics Federation\u00bb del Secretary IEEE RAS PER\u00da, <span class=\"tmm_fname\">Carlos<\/span>\u00a0<span class=\"tmm_lname\">Otiniano No\u00e9<\/span><\/div>\n<\/div>\n<div dir=\"auto\"><img loading=\"lazy\" decoding=\"async\" class=\"aligncenter size-full wp-image-899\" src=\"https:\/\/r9.ieee.org\/peru-ras\/wp-content\/uploads\/sites\/81\/INTERCON-2023_4.jpg\" alt=\"\" width=\"1080\" height=\"1080\" srcset=\"https:\/\/r9.ieee.org\/peru-ras\/wp-content\/uploads\/sites\/81\/\/INTERCON-2023_4.jpg 1080w, https:\/\/r9.ieee.org\/peru-ras\/wp-content\/uploads\/sites\/81\/\/INTERCON-2023_4-278x278.jpg 278w, https:\/\/r9.ieee.org\/peru-ras\/wp-content\/uploads\/sites\/81\/\/INTERCON-2023_4-1024x1024.jpg 1024w, https:\/\/r9.ieee.org\/peru-ras\/wp-content\/uploads\/sites\/81\/\/INTERCON-2023_4-150x150.jpg 150w, https:\/\/r9.ieee.org\/peru-ras\/wp-content\/uploads\/sites\/81\/\/INTERCON-2023_4-768x768.jpg 768w\" sizes=\"auto, (max-width: 1080px) 100vw, 1080px\" \/><\/div>\n<div dir=\"auto\"><span style=\"color: #ffffff\">|<\/span><\/div>\n<div dir=\"auto\">Foto: Certificado de la Ponencia \u00abChallenges for The Consolidation of a Peruvian Robotics Federation\u00bb<\/div>\n<div dir=\"auto\"><\/div>\n<div dir=\"auto\"><img loading=\"lazy\" decoding=\"async\" class=\"aligncenter size-full wp-image-900\" src=\"https:\/\/r9.ieee.org\/peru-ras\/wp-content\/uploads\/sites\/81\/INTERCON-2023_5.jpg\" alt=\"\" width=\"1600\" height=\"1200\" srcset=\"https:\/\/r9.ieee.org\/peru-ras\/wp-content\/uploads\/sites\/81\/\/INTERCON-2023_5.jpg 1600w, https:\/\/r9.ieee.org\/peru-ras\/wp-content\/uploads\/sites\/81\/\/INTERCON-2023_5-370x278.jpg 370w, https:\/\/r9.ieee.org\/peru-ras\/wp-content\/uploads\/sites\/81\/\/INTERCON-2023_5-1024x768.jpg 1024w, https:\/\/r9.ieee.org\/peru-ras\/wp-content\/uploads\/sites\/81\/\/INTERCON-2023_5-768x576.jpg 768w, https:\/\/r9.ieee.org\/peru-ras\/wp-content\/uploads\/sites\/81\/\/INTERCON-2023_5-1536x1152.jpg 1536w\" sizes=\"auto, (max-width: 1600px) 100vw, 1600px\" \/><\/div>\n<div dir=\"auto\"><span style=\"color: #ffffff\">|<\/span><\/div>\n<div dir=\"auto\"><span style=\"color: #ffffff\">|<\/span><\/div>\n","protected":false},"excerpt":{"rendered":"<p>Por parte de la directiva nacional de la RAS, apoyamos al INTERCON 2023 mediante dos ponencias magistrales y el brindar a los jurados en la competencia de rob\u00f3tica minihumanoide garantizando [&hellip;]<\/p>\n","protected":false},"author":163,"featured_media":896,"comment_status":"closed","ping_status":"closed","sticky":false,"template":"","format":"standard","meta":{"footnotes":""},"categories":[8],"tags":[33,30,52],"class_list":["post-887","post","type-post","status-publish","format-standard","hentry","category-noticias","tag-33","tag-intercon","tag-noviembre"],"yoast_head":"<!-- This site is optimized with the Yoast SEO plugin v27.5 - https:\/\/yoast.com\/product\/yoast-seo-wordpress\/ -->\n<title>Participaci\u00f3n de IEEE RAS PER\u00da en el INTERCON 2023 - RAS PER\u00da<\/title>\n<meta name=\"robots\" content=\"index, follow, max-snippet:-1, max-image-preview:large, max-video-preview:-1\" \/>\n<link rel=\"canonical\" href=\"https:\/\/r9.ieee.org\/peru-ras\/noticias\/participacion-de-ieee-ras-peru-en-el-intercon-2023\/\" \/>\n<meta property=\"og:locale\" content=\"es_ES\" \/>\n<meta property=\"og:type\" content=\"article\" \/>\n<meta property=\"og:title\" content=\"Participaci\u00f3n de IEEE RAS PER\u00da en el INTERCON 2023 - RAS PER\u00da\" \/>\n<meta property=\"og:description\" content=\"Por parte de la directiva nacional de la RAS, apoyamos al INTERCON 2023 mediante dos ponencias magistrales y el brindar a los jurados en la competencia de rob\u00f3tica minihumanoide garantizando [&hellip;]\" \/>\n<meta property=\"og:url\" content=\"https:\/\/r9.ieee.org\/peru-ras\/noticias\/participacion-de-ieee-ras-peru-en-el-intercon-2023\/\" \/>\n<meta property=\"og:site_name\" content=\"RAS PER\u00da\" \/>\n<meta property=\"article:publisher\" content=\"https:\/\/www.facebook.com\/ieeerasperu\/\" \/>\n<meta property=\"article:published_time\" content=\"2023-11-07T04:35:03+00:00\" \/>\n<meta property=\"article:modified_time\" content=\"2023-11-19T07:34:38+00:00\" \/>\n<meta property=\"og:image\" content=\"https:\/\/r9.ieee.org\/peru-ras\/wp-content\/uploads\/sites\/81\/INTERCON-2023_1.jpg\" \/>\n\t<meta property=\"og:image:width\" content=\"1600\" \/>\n\t<meta property=\"og:image:height\" content=\"1200\" \/>\n\t<meta property=\"og:image:type\" content=\"image\/jpeg\" \/>\n<meta name=\"author\" content=\"Admin\" \/>\n<meta name=\"twitter:card\" content=\"summary_large_image\" \/>\n<meta name=\"twitter:label1\" content=\"Escrito por\" \/>\n\t<meta name=\"twitter:data1\" content=\"Admin\" \/>\n\t<meta name=\"twitter:label2\" content=\"Tiempo de lectura\" \/>\n\t<meta name=\"twitter:data2\" content=\"4 minutos\" \/>\n<script type=\"application\/ld+json\" class=\"yoast-schema-graph\">{\"@context\":\"https:\\\/\\\/schema.org\",\"@graph\":[{\"@type\":\"Article\",\"@id\":\"https:\\\/\\\/r9.ieee.org\\\/peru-ras\\\/noticias\\\/participacion-de-ieee-ras-peru-en-el-intercon-2023\\\/#article\",\"isPartOf\":{\"@id\":\"https:\\\/\\\/r9.ieee.org\\\/peru-ras\\\/noticias\\\/participacion-de-ieee-ras-peru-en-el-intercon-2023\\\/\"},\"author\":{\"name\":\"Admin\",\"@id\":\"https:\\\/\\\/r9.ieee.org\\\/peru-ras\\\/#\\\/schema\\\/person\\\/fc0f0f20ae1e64c90b20597e37c85068\"},\"headline\":\"Participaci\u00f3n de IEEE RAS PER\u00da en el INTERCON 2023\",\"datePublished\":\"2023-11-07T04:35:03+00:00\",\"dateModified\":\"2023-11-19T07:34:38+00:00\",\"mainEntityOfPage\":{\"@id\":\"https:\\\/\\\/r9.ieee.org\\\/peru-ras\\\/noticias\\\/participacion-de-ieee-ras-peru-en-el-intercon-2023\\\/\"},\"wordCount\":162,\"publisher\":{\"@id\":\"https:\\\/\\\/r9.ieee.org\\\/peru-ras\\\/#organization\"},\"image\":{\"@id\":\"https:\\\/\\\/r9.ieee.org\\\/peru-ras\\\/noticias\\\/participacion-de-ieee-ras-peru-en-el-intercon-2023\\\/#primaryimage\"},\"thumbnailUrl\":\"https:\\\/\\\/r9.ieee.org\\\/peru-ras\\\/wp-content\\\/uploads\\\/sites\\\/81\\\/INTERCON-2023_1.jpg\",\"keywords\":[\"2023\",\"INTERCON\",\"noviembre\"],\"articleSection\":[\"Noticias\"],\"inLanguage\":\"es\"},{\"@type\":\"WebPage\",\"@id\":\"https:\\\/\\\/r9.ieee.org\\\/peru-ras\\\/noticias\\\/participacion-de-ieee-ras-peru-en-el-intercon-2023\\\/\",\"url\":\"https:\\\/\\\/r9.ieee.org\\\/peru-ras\\\/noticias\\\/participacion-de-ieee-ras-peru-en-el-intercon-2023\\\/\",\"name\":\"Participaci\u00f3n de IEEE RAS PER\u00da en el INTERCON 2023 - RAS PER\u00da\",\"isPartOf\":{\"@id\":\"https:\\\/\\\/r9.ieee.org\\\/peru-ras\\\/#website\"},\"primaryImageOfPage\":{\"@id\":\"https:\\\/\\\/r9.ieee.org\\\/peru-ras\\\/noticias\\\/participacion-de-ieee-ras-peru-en-el-intercon-2023\\\/#primaryimage\"},\"image\":{\"@id\":\"https:\\\/\\\/r9.ieee.org\\\/peru-ras\\\/noticias\\\/participacion-de-ieee-ras-peru-en-el-intercon-2023\\\/#primaryimage\"},\"thumbnailUrl\":\"https:\\\/\\\/r9.ieee.org\\\/peru-ras\\\/wp-content\\\/uploads\\\/sites\\\/81\\\/INTERCON-2023_1.jpg\",\"datePublished\":\"2023-11-07T04:35:03+00:00\",\"dateModified\":\"2023-11-19T07:34:38+00:00\",\"breadcrumb\":{\"@id\":\"https:\\\/\\\/r9.ieee.org\\\/peru-ras\\\/noticias\\\/participacion-de-ieee-ras-peru-en-el-intercon-2023\\\/#breadcrumb\"},\"inLanguage\":\"es\",\"potentialAction\":[{\"@type\":\"ReadAction\",\"target\":[\"https:\\\/\\\/r9.ieee.org\\\/peru-ras\\\/noticias\\\/participacion-de-ieee-ras-peru-en-el-intercon-2023\\\/\"]}]},{\"@type\":\"ImageObject\",\"inLanguage\":\"es\",\"@id\":\"https:\\\/\\\/r9.ieee.org\\\/peru-ras\\\/noticias\\\/participacion-de-ieee-ras-peru-en-el-intercon-2023\\\/#primaryimage\",\"url\":\"https:\\\/\\\/r9.ieee.org\\\/peru-ras\\\/wp-content\\\/uploads\\\/sites\\\/81\\\/INTERCON-2023_1.jpg\",\"contentUrl\":\"https:\\\/\\\/r9.ieee.org\\\/peru-ras\\\/wp-content\\\/uploads\\\/sites\\\/81\\\/INTERCON-2023_1.jpg\",\"width\":1600,\"height\":1200},{\"@type\":\"BreadcrumbList\",\"@id\":\"https:\\\/\\\/r9.ieee.org\\\/peru-ras\\\/noticias\\\/participacion-de-ieee-ras-peru-en-el-intercon-2023\\\/#breadcrumb\",\"itemListElement\":[{\"@type\":\"ListItem\",\"position\":1,\"name\":\"Home\",\"item\":\"https:\\\/\\\/r9.ieee.org\\\/peru-ras\\\/\"},{\"@type\":\"ListItem\",\"position\":2,\"name\":\"Participaci\u00f3n de IEEE RAS PER\u00da en el INTERCON 2023\"}]},{\"@type\":\"WebSite\",\"@id\":\"https:\\\/\\\/r9.ieee.org\\\/peru-ras\\\/#website\",\"url\":\"https:\\\/\\\/r9.ieee.org\\\/peru-ras\\\/\",\"name\":\"RAS PER\u00da\",\"description\":\"\",\"publisher\":{\"@id\":\"https:\\\/\\\/r9.ieee.org\\\/peru-ras\\\/#organization\"},\"potentialAction\":[{\"@type\":\"SearchAction\",\"target\":{\"@type\":\"EntryPoint\",\"urlTemplate\":\"https:\\\/\\\/r9.ieee.org\\\/peru-ras\\\/?s={search_term_string}\"},\"query-input\":{\"@type\":\"PropertyValueSpecification\",\"valueRequired\":true,\"valueName\":\"search_term_string\"}}],\"inLanguage\":\"es\"},{\"@type\":\"Organization\",\"@id\":\"https:\\\/\\\/r9.ieee.org\\\/peru-ras\\\/#organization\",\"name\":\"RAS PER\u00da\",\"url\":\"https:\\\/\\\/r9.ieee.org\\\/peru-ras\\\/\",\"logo\":{\"@type\":\"ImageObject\",\"inLanguage\":\"es\",\"@id\":\"https:\\\/\\\/r9.ieee.org\\\/peru-ras\\\/#\\\/schema\\\/logo\\\/image\\\/\",\"url\":\"https:\\\/\\\/r9.ieee.org\\\/peru-ras\\\/wp-content\\\/uploads\\\/sites\\\/81\\\/FUENTE_RAS.png\",\"contentUrl\":\"https:\\\/\\\/r9.ieee.org\\\/peru-ras\\\/wp-content\\\/uploads\\\/sites\\\/81\\\/FUENTE_RAS.png\",\"width\":1488,\"height\":290,\"caption\":\"RAS PER\u00da\"},\"image\":{\"@id\":\"https:\\\/\\\/r9.ieee.org\\\/peru-ras\\\/#\\\/schema\\\/logo\\\/image\\\/\"},\"sameAs\":[\"https:\\\/\\\/www.facebook.com\\\/ieeerasperu\\\/\",\"https:\\\/\\\/instagram.com\\\/ieee.ras.peru\"]},{\"@type\":\"Person\",\"@id\":\"https:\\\/\\\/r9.ieee.org\\\/peru-ras\\\/#\\\/schema\\\/person\\\/fc0f0f20ae1e64c90b20597e37c85068\",\"name\":\"Admin\",\"image\":{\"@type\":\"ImageObject\",\"inLanguage\":\"es\",\"@id\":\"https:\\\/\\\/secure.gravatar.com\\\/avatar\\\/08f98506609de4e7274325db0c096a81263ba063b38c74adde9599b6e4965750?s=96&d=mm&r=g\",\"url\":\"https:\\\/\\\/secure.gravatar.com\\\/avatar\\\/08f98506609de4e7274325db0c096a81263ba063b38c74adde9599b6e4965750?s=96&d=mm&r=g\",\"contentUrl\":\"https:\\\/\\\/secure.gravatar.com\\\/avatar\\\/08f98506609de4e7274325db0c096a81263ba063b38c74adde9599b6e4965750?s=96&d=mm&r=g\",\"caption\":\"Admin\"},\"url\":\"https:\\\/\\\/r9.ieee.org\\\/peru-ras\\\/author\\\/carlosninaochoa\\\/\"}]}<\/script>\n<!-- \/ Yoast SEO plugin. -->","yoast_head_json":{"title":"Participaci\u00f3n de IEEE RAS PER\u00da en el INTERCON 2023 - RAS PER\u00da","robots":{"index":"index","follow":"follow","max-snippet":"max-snippet:-1","max-image-preview":"max-image-preview:large","max-video-preview":"max-video-preview:-1"},"canonical":"https:\/\/r9.ieee.org\/peru-ras\/noticias\/participacion-de-ieee-ras-peru-en-el-intercon-2023\/","og_locale":"es_ES","og_type":"article","og_title":"Participaci\u00f3n de IEEE RAS PER\u00da en el INTERCON 2023 - RAS PER\u00da","og_description":"Por parte de la directiva nacional de la RAS, apoyamos al INTERCON 2023 mediante dos ponencias magistrales y el brindar a los jurados en la competencia de rob\u00f3tica minihumanoide garantizando [&hellip;]","og_url":"https:\/\/r9.ieee.org\/peru-ras\/noticias\/participacion-de-ieee-ras-peru-en-el-intercon-2023\/","og_site_name":"RAS PER\u00da","article_publisher":"https:\/\/www.facebook.com\/ieeerasperu\/","article_published_time":"2023-11-07T04:35:03+00:00","article_modified_time":"2023-11-19T07:34:38+00:00","og_image":[{"width":1600,"height":1200,"url":"https:\/\/r9.ieee.org\/peru-ras\/wp-content\/uploads\/sites\/81\/INTERCON-2023_1.jpg","type":"image\/jpeg"}],"author":"Admin","twitter_card":"summary_large_image","twitter_misc":{"Escrito por":"Admin","Tiempo de lectura":"4 minutos"},"schema":{"@context":"https:\/\/schema.org","@graph":[{"@type":"Article","@id":"https:\/\/r9.ieee.org\/peru-ras\/noticias\/participacion-de-ieee-ras-peru-en-el-intercon-2023\/#article","isPartOf":{"@id":"https:\/\/r9.ieee.org\/peru-ras\/noticias\/participacion-de-ieee-ras-peru-en-el-intercon-2023\/"},"author":{"name":"Admin","@id":"https:\/\/r9.ieee.org\/peru-ras\/#\/schema\/person\/fc0f0f20ae1e64c90b20597e37c85068"},"headline":"Participaci\u00f3n de IEEE RAS PER\u00da en el INTERCON 2023","datePublished":"2023-11-07T04:35:03+00:00","dateModified":"2023-11-19T07:34:38+00:00","mainEntityOfPage":{"@id":"https:\/\/r9.ieee.org\/peru-ras\/noticias\/participacion-de-ieee-ras-peru-en-el-intercon-2023\/"},"wordCount":162,"publisher":{"@id":"https:\/\/r9.ieee.org\/peru-ras\/#organization"},"image":{"@id":"https:\/\/r9.ieee.org\/peru-ras\/noticias\/participacion-de-ieee-ras-peru-en-el-intercon-2023\/#primaryimage"},"thumbnailUrl":"https:\/\/r9.ieee.org\/peru-ras\/wp-content\/uploads\/sites\/81\/INTERCON-2023_1.jpg","keywords":["2023","INTERCON","noviembre"],"articleSection":["Noticias"],"inLanguage":"es"},{"@type":"WebPage","@id":"https:\/\/r9.ieee.org\/peru-ras\/noticias\/participacion-de-ieee-ras-peru-en-el-intercon-2023\/","url":"https:\/\/r9.ieee.org\/peru-ras\/noticias\/participacion-de-ieee-ras-peru-en-el-intercon-2023\/","name":"Participaci\u00f3n de IEEE RAS PER\u00da en el INTERCON 2023 - RAS PER\u00da","isPartOf":{"@id":"https:\/\/r9.ieee.org\/peru-ras\/#website"},"primaryImageOfPage":{"@id":"https:\/\/r9.ieee.org\/peru-ras\/noticias\/participacion-de-ieee-ras-peru-en-el-intercon-2023\/#primaryimage"},"image":{"@id":"https:\/\/r9.ieee.org\/peru-ras\/noticias\/participacion-de-ieee-ras-peru-en-el-intercon-2023\/#primaryimage"},"thumbnailUrl":"https:\/\/r9.ieee.org\/peru-ras\/wp-content\/uploads\/sites\/81\/INTERCON-2023_1.jpg","datePublished":"2023-11-07T04:35:03+00:00","dateModified":"2023-11-19T07:34:38+00:00","breadcrumb":{"@id":"https:\/\/r9.ieee.org\/peru-ras\/noticias\/participacion-de-ieee-ras-peru-en-el-intercon-2023\/#breadcrumb"},"inLanguage":"es","potentialAction":[{"@type":"ReadAction","target":["https:\/\/r9.ieee.org\/peru-ras\/noticias\/participacion-de-ieee-ras-peru-en-el-intercon-2023\/"]}]},{"@type":"ImageObject","inLanguage":"es","@id":"https:\/\/r9.ieee.org\/peru-ras\/noticias\/participacion-de-ieee-ras-peru-en-el-intercon-2023\/#primaryimage","url":"https:\/\/r9.ieee.org\/peru-ras\/wp-content\/uploads\/sites\/81\/INTERCON-2023_1.jpg","contentUrl":"https:\/\/r9.ieee.org\/peru-ras\/wp-content\/uploads\/sites\/81\/INTERCON-2023_1.jpg","width":1600,"height":1200},{"@type":"BreadcrumbList","@id":"https:\/\/r9.ieee.org\/peru-ras\/noticias\/participacion-de-ieee-ras-peru-en-el-intercon-2023\/#breadcrumb","itemListElement":[{"@type":"ListItem","position":1,"name":"Home","item":"https:\/\/r9.ieee.org\/peru-ras\/"},{"@type":"ListItem","position":2,"name":"Participaci\u00f3n de IEEE RAS PER\u00da en el INTERCON 2023"}]},{"@type":"WebSite","@id":"https:\/\/r9.ieee.org\/peru-ras\/#website","url":"https:\/\/r9.ieee.org\/peru-ras\/","name":"RAS PER\u00da","description":"","publisher":{"@id":"https:\/\/r9.ieee.org\/peru-ras\/#organization"},"potentialAction":[{"@type":"SearchAction","target":{"@type":"EntryPoint","urlTemplate":"https:\/\/r9.ieee.org\/peru-ras\/?s={search_term_string}"},"query-input":{"@type":"PropertyValueSpecification","valueRequired":true,"valueName":"search_term_string"}}],"inLanguage":"es"},{"@type":"Organization","@id":"https:\/\/r9.ieee.org\/peru-ras\/#organization","name":"RAS PER\u00da","url":"https:\/\/r9.ieee.org\/peru-ras\/","logo":{"@type":"ImageObject","inLanguage":"es","@id":"https:\/\/r9.ieee.org\/peru-ras\/#\/schema\/logo\/image\/","url":"https:\/\/r9.ieee.org\/peru-ras\/wp-content\/uploads\/sites\/81\/FUENTE_RAS.png","contentUrl":"https:\/\/r9.ieee.org\/peru-ras\/wp-content\/uploads\/sites\/81\/FUENTE_RAS.png","width":1488,"height":290,"caption":"RAS PER\u00da"},"image":{"@id":"https:\/\/r9.ieee.org\/peru-ras\/#\/schema\/logo\/image\/"},"sameAs":["https:\/\/www.facebook.com\/ieeerasperu\/","https:\/\/instagram.com\/ieee.ras.peru"]},{"@type":"Person","@id":"https:\/\/r9.ieee.org\/peru-ras\/#\/schema\/person\/fc0f0f20ae1e64c90b20597e37c85068","name":"Admin","image":{"@type":"ImageObject","inLanguage":"es","@id":"https:\/\/secure.gravatar.com\/avatar\/08f98506609de4e7274325db0c096a81263ba063b38c74adde9599b6e4965750?s=96&d=mm&r=g","url":"https:\/\/secure.gravatar.com\/avatar\/08f98506609de4e7274325db0c096a81263ba063b38c74adde9599b6e4965750?s=96&d=mm&r=g","contentUrl":"https:\/\/secure.gravatar.com\/avatar\/08f98506609de4e7274325db0c096a81263ba063b38c74adde9599b6e4965750?s=96&d=mm&r=g","caption":"Admin"},"url":"https:\/\/r9.ieee.org\/peru-ras\/author\/carlosninaochoa\/"}]}},"_links":{"self":[{"href":"https:\/\/r9.ieee.org\/peru-ras\/wp-json\/wp\/v2\/posts\/887","targetHints":{"allow":["GET"]}}],"collection":[{"href":"https:\/\/r9.ieee.org\/peru-ras\/wp-json\/wp\/v2\/posts"}],"about":[{"href":"https:\/\/r9.ieee.org\/peru-ras\/wp-json\/wp\/v2\/types\/post"}],"author":[{"embeddable":true,"href":"https:\/\/r9.ieee.org\/peru-ras\/wp-json\/wp\/v2\/users\/163"}],"replies":[{"embeddable":true,"href":"https:\/\/r9.ieee.org\/peru-ras\/wp-json\/wp\/v2\/comments?post=887"}],"version-history":[{"count":0,"href":"https:\/\/r9.ieee.org\/peru-ras\/wp-json\/wp\/v2\/posts\/887\/revisions"}],"wp:featuredmedia":[{"embeddable":true,"href":"https:\/\/r9.ieee.org\/peru-ras\/wp-json\/wp\/v2\/media\/896"}],"wp:attachment":[{"href":"https:\/\/r9.ieee.org\/peru-ras\/wp-json\/wp\/v2\/media?parent=887"}],"wp:term":[{"taxonomy":"category","embeddable":true,"href":"https:\/\/r9.ieee.org\/peru-ras\/wp-json\/wp\/v2\/categories?post=887"},{"taxonomy":"post_tag","embeddable":true,"href":"https:\/\/r9.ieee.org\/peru-ras\/wp-json\/wp\/v2\/tags?post=887"}],"curies":[{"name":"wp","href":"https:\/\/api.w.org\/{rel}","templated":true}]}},{"id":885,"date":"2023-11-06T23:33:49","date_gmt":"2023-11-07T04:33:49","guid":{"rendered":"https:\/\/r9.ieee.org\/peru-ras\/?p=885"},"modified":"2023-11-19T02:14:19","modified_gmt":"2023-11-19T07:14:19","slug":"participacion-de-ieee-ras-peru-en-el-coneimera-2023","status":"publish","type":"post","link":"https:\/\/r9.ieee.org\/peru-ras\/noticias\/participacion-de-ieee-ras-peru-en-el-coneimera-2023\/","title":{"rendered":"Participaci\u00f3n de IEEE RAS PER\u00da en el CONEIMERA 2023"},"content":{"rendered":"<div dir=\"auto\">Por parte de la directiva nacional de la RAS, se apoy\u00f3 en el <strong>CONEIMERA<\/strong> 2023 mediante el Chair RAS PER\u00da, como organizador y jurado de la competencia de rob\u00f3tica minihumanoide.<\/div>\n<div dir=\"auto\"><span style=\"color: #333399\">#ieeerasperu #ras #coneimera2023 #competition #minihumanoide<\/span><\/div>\n<div dir=\"auto\"><span style=\"color: #ffffff\">|<\/span><\/div>\n<div dir=\"auto\">Foto: Todos los concursantes, asistentes y parte del equipo organizador en el CONEIMERA 2023<\/div>\n<div dir=\"auto\">\n<div dir=\"auto\"><span style=\"color: #ffffff\"><img loading=\"lazy\" decoding=\"async\" class=\"aligncenter size-full wp-image-914\" src=\"https:\/\/r9.ieee.org\/peru-ras\/wp-content\/uploads\/sites\/81\/CONEIMERA-2023_2.jpg\" alt=\"\" width=\"1280\" height=\"960\" srcset=\"https:\/\/r9.ieee.org\/peru-ras\/wp-content\/uploads\/sites\/81\/\/CONEIMERA-2023_2.jpg 1280w, https:\/\/r9.ieee.org\/peru-ras\/wp-content\/uploads\/sites\/81\/\/CONEIMERA-2023_2-370x278.jpg 370w, https:\/\/r9.ieee.org\/peru-ras\/wp-content\/uploads\/sites\/81\/\/CONEIMERA-2023_2-1024x768.jpg 1024w, https:\/\/r9.ieee.org\/peru-ras\/wp-content\/uploads\/sites\/81\/\/CONEIMERA-2023_2-768x576.jpg 768w\" sizes=\"auto, (max-width: 1280px) 100vw, 1280px\" \/>|<\/span><\/div>\n<div dir=\"auto\">Foto: Msc. <span class=\"tmm_fname\">Nicol\u00e1s<\/span>\u00a0<span class=\"tmm_lname\">Figueroa Mosquera, organizador y jurado de la competencia de rob\u00f3tica minihumanoide.<\/span><\/div>\n<div dir=\"auto\"><span style=\"color: #ffffff\"><img loading=\"lazy\" decoding=\"async\" class=\"aligncenter size-full wp-image-920\" src=\"https:\/\/r9.ieee.org\/peru-ras\/wp-content\/uploads\/sites\/81\/350953232_140566975695903_8962535202318647429_n.jpg\" alt=\"\" width=\"960\" height=\"720\" srcset=\"https:\/\/r9.ieee.org\/peru-ras\/wp-content\/uploads\/sites\/81\/\/350953232_140566975695903_8962535202318647429_n.jpg 960w, https:\/\/r9.ieee.org\/peru-ras\/wp-content\/uploads\/sites\/81\/\/350953232_140566975695903_8962535202318647429_n-370x278.jpg 370w, https:\/\/r9.ieee.org\/peru-ras\/wp-content\/uploads\/sites\/81\/\/350953232_140566975695903_8962535202318647429_n-768x576.jpg 768w\" sizes=\"auto, (max-width: 960px) 100vw, 960px\" \/>|<\/span><\/div>\n<\/div>\n<div dir=\"auto\"><span style=\"color: #ffffff\"><img loading=\"lazy\" decoding=\"async\" class=\"aligncenter size-full wp-image-913\" src=\"https:\/\/r9.ieee.org\/peru-ras\/wp-content\/uploads\/sites\/81\/CONEIMERA-2023_1.jpg\" alt=\"\" width=\"2048\" height=\"1536\" srcset=\"https:\/\/r9.ieee.org\/peru-ras\/wp-content\/uploads\/sites\/81\/\/CONEIMERA-2023_1.jpg 2048w, https:\/\/r9.ieee.org\/peru-ras\/wp-content\/uploads\/sites\/81\/\/CONEIMERA-2023_1-370x278.jpg 370w, https:\/\/r9.ieee.org\/peru-ras\/wp-content\/uploads\/sites\/81\/\/CONEIMERA-2023_1-1024x768.jpg 1024w, https:\/\/r9.ieee.org\/peru-ras\/wp-content\/uploads\/sites\/81\/\/CONEIMERA-2023_1-768x576.jpg 768w, https:\/\/r9.ieee.org\/peru-ras\/wp-content\/uploads\/sites\/81\/\/CONEIMERA-2023_1-1536x1152.jpg 1536w\" sizes=\"auto, (max-width: 2048px) 100vw, 2048px\" \/>|<\/span><\/div>\n","protected":false},"excerpt":{"rendered":"<p>Por parte de la directiva nacional de la RAS, se apoy\u00f3 en el CONEIMERA 2023 mediante el Chair RAS PER\u00da, como organizador y jurado de la competencia de rob\u00f3tica minihumanoide. [&hellip;]<\/p>\n","protected":false},"author":163,"featured_media":914,"comment_status":"closed","ping_status":"closed","sticky":false,"template":"","format":"standard","meta":{"footnotes":""},"categories":[8],"tags":[33,49,31],"class_list":["post-885","post","type-post","status-publish","format-standard","hentry","category-noticias","tag-33","tag-agosto","tag-coneimera"],"yoast_head":"<!-- This site is optimized with the Yoast SEO plugin v27.5 - https:\/\/yoast.com\/product\/yoast-seo-wordpress\/ -->\n<title>Participaci\u00f3n de IEEE RAS PER\u00da en el CONEIMERA 2023 - RAS PER\u00da<\/title>\n<meta name=\"robots\" content=\"index, follow, max-snippet:-1, max-image-preview:large, max-video-preview:-1\" \/>\n<link rel=\"canonical\" href=\"https:\/\/r9.ieee.org\/peru-ras\/noticias\/participacion-de-ieee-ras-peru-en-el-coneimera-2023\/\" \/>\n<meta property=\"og:locale\" content=\"es_ES\" \/>\n<meta property=\"og:type\" content=\"article\" \/>\n<meta property=\"og:title\" content=\"Participaci\u00f3n de IEEE RAS PER\u00da en el CONEIMERA 2023 - RAS PER\u00da\" \/>\n<meta property=\"og:description\" content=\"Por parte de la directiva nacional de la RAS, se apoy\u00f3 en el CONEIMERA 2023 mediante el Chair RAS PER\u00da, como organizador y jurado de la competencia de rob\u00f3tica minihumanoide. [&hellip;]\" \/>\n<meta property=\"og:url\" content=\"https:\/\/r9.ieee.org\/peru-ras\/noticias\/participacion-de-ieee-ras-peru-en-el-coneimera-2023\/\" \/>\n<meta property=\"og:site_name\" content=\"RAS PER\u00da\" \/>\n<meta property=\"article:publisher\" content=\"https:\/\/www.facebook.com\/ieeerasperu\/\" \/>\n<meta property=\"article:published_time\" content=\"2023-11-07T04:33:49+00:00\" \/>\n<meta property=\"article:modified_time\" content=\"2023-11-19T07:14:19+00:00\" \/>\n<meta property=\"og:image\" content=\"https:\/\/r9.ieee.org\/peru-ras\/wp-content\/uploads\/sites\/81\/CONEIMERA-2023_2.jpg\" \/>\n\t<meta property=\"og:image:width\" content=\"1280\" \/>\n\t<meta property=\"og:image:height\" content=\"960\" \/>\n\t<meta property=\"og:image:type\" content=\"image\/jpeg\" \/>\n<meta name=\"author\" content=\"Admin\" \/>\n<meta name=\"twitter:card\" content=\"summary_large_image\" \/>\n<meta name=\"twitter:label1\" content=\"Escrito por\" \/>\n\t<meta name=\"twitter:data1\" content=\"Admin\" \/>\n\t<meta name=\"twitter:label2\" content=\"Tiempo de lectura\" \/>\n\t<meta name=\"twitter:data2\" content=\"1 minuto\" \/>\n<script type=\"application\/ld+json\" class=\"yoast-schema-graph\">{\"@context\":\"https:\\\/\\\/schema.org\",\"@graph\":[{\"@type\":\"Article\",\"@id\":\"https:\\\/\\\/r9.ieee.org\\\/peru-ras\\\/noticias\\\/participacion-de-ieee-ras-peru-en-el-coneimera-2023\\\/#article\",\"isPartOf\":{\"@id\":\"https:\\\/\\\/r9.ieee.org\\\/peru-ras\\\/noticias\\\/participacion-de-ieee-ras-peru-en-el-coneimera-2023\\\/\"},\"author\":{\"name\":\"Admin\",\"@id\":\"https:\\\/\\\/r9.ieee.org\\\/peru-ras\\\/#\\\/schema\\\/person\\\/fc0f0f20ae1e64c90b20597e37c85068\"},\"headline\":\"Participaci\u00f3n de IEEE RAS PER\u00da en el CONEIMERA 2023\",\"datePublished\":\"2023-11-07T04:33:49+00:00\",\"dateModified\":\"2023-11-19T07:14:19+00:00\",\"mainEntityOfPage\":{\"@id\":\"https:\\\/\\\/r9.ieee.org\\\/peru-ras\\\/noticias\\\/participacion-de-ieee-ras-peru-en-el-coneimera-2023\\\/\"},\"wordCount\":73,\"publisher\":{\"@id\":\"https:\\\/\\\/r9.ieee.org\\\/peru-ras\\\/#organization\"},\"image\":{\"@id\":\"https:\\\/\\\/r9.ieee.org\\\/peru-ras\\\/noticias\\\/participacion-de-ieee-ras-peru-en-el-coneimera-2023\\\/#primaryimage\"},\"thumbnailUrl\":\"https:\\\/\\\/r9.ieee.org\\\/peru-ras\\\/wp-content\\\/uploads\\\/sites\\\/81\\\/CONEIMERA-2023_2.jpg\",\"keywords\":[\"2023\",\"Agosto\",\"coneimera\"],\"articleSection\":[\"Noticias\"],\"inLanguage\":\"es\"},{\"@type\":\"WebPage\",\"@id\":\"https:\\\/\\\/r9.ieee.org\\\/peru-ras\\\/noticias\\\/participacion-de-ieee-ras-peru-en-el-coneimera-2023\\\/\",\"url\":\"https:\\\/\\\/r9.ieee.org\\\/peru-ras\\\/noticias\\\/participacion-de-ieee-ras-peru-en-el-coneimera-2023\\\/\",\"name\":\"Participaci\u00f3n de IEEE RAS PER\u00da en el CONEIMERA 2023 - RAS PER\u00da\",\"isPartOf\":{\"@id\":\"https:\\\/\\\/r9.ieee.org\\\/peru-ras\\\/#website\"},\"primaryImageOfPage\":{\"@id\":\"https:\\\/\\\/r9.ieee.org\\\/peru-ras\\\/noticias\\\/participacion-de-ieee-ras-peru-en-el-coneimera-2023\\\/#primaryimage\"},\"image\":{\"@id\":\"https:\\\/\\\/r9.ieee.org\\\/peru-ras\\\/noticias\\\/participacion-de-ieee-ras-peru-en-el-coneimera-2023\\\/#primaryimage\"},\"thumbnailUrl\":\"https:\\\/\\\/r9.ieee.org\\\/peru-ras\\\/wp-content\\\/uploads\\\/sites\\\/81\\\/CONEIMERA-2023_2.jpg\",\"datePublished\":\"2023-11-07T04:33:49+00:00\",\"dateModified\":\"2023-11-19T07:14:19+00:00\",\"breadcrumb\":{\"@id\":\"https:\\\/\\\/r9.ieee.org\\\/peru-ras\\\/noticias\\\/participacion-de-ieee-ras-peru-en-el-coneimera-2023\\\/#breadcrumb\"},\"inLanguage\":\"es\",\"potentialAction\":[{\"@type\":\"ReadAction\",\"target\":[\"https:\\\/\\\/r9.ieee.org\\\/peru-ras\\\/noticias\\\/participacion-de-ieee-ras-peru-en-el-coneimera-2023\\\/\"]}]},{\"@type\":\"ImageObject\",\"inLanguage\":\"es\",\"@id\":\"https:\\\/\\\/r9.ieee.org\\\/peru-ras\\\/noticias\\\/participacion-de-ieee-ras-peru-en-el-coneimera-2023\\\/#primaryimage\",\"url\":\"https:\\\/\\\/r9.ieee.org\\\/peru-ras\\\/wp-content\\\/uploads\\\/sites\\\/81\\\/CONEIMERA-2023_2.jpg\",\"contentUrl\":\"https:\\\/\\\/r9.ieee.org\\\/peru-ras\\\/wp-content\\\/uploads\\\/sites\\\/81\\\/CONEIMERA-2023_2.jpg\",\"width\":1280,\"height\":960},{\"@type\":\"BreadcrumbList\",\"@id\":\"https:\\\/\\\/r9.ieee.org\\\/peru-ras\\\/noticias\\\/participacion-de-ieee-ras-peru-en-el-coneimera-2023\\\/#breadcrumb\",\"itemListElement\":[{\"@type\":\"ListItem\",\"position\":1,\"name\":\"Home\",\"item\":\"https:\\\/\\\/r9.ieee.org\\\/peru-ras\\\/\"},{\"@type\":\"ListItem\",\"position\":2,\"name\":\"Participaci\u00f3n de IEEE RAS PER\u00da en el CONEIMERA 2023\"}]},{\"@type\":\"WebSite\",\"@id\":\"https:\\\/\\\/r9.ieee.org\\\/peru-ras\\\/#website\",\"url\":\"https:\\\/\\\/r9.ieee.org\\\/peru-ras\\\/\",\"name\":\"RAS PER\u00da\",\"description\":\"\",\"publisher\":{\"@id\":\"https:\\\/\\\/r9.ieee.org\\\/peru-ras\\\/#organization\"},\"potentialAction\":[{\"@type\":\"SearchAction\",\"target\":{\"@type\":\"EntryPoint\",\"urlTemplate\":\"https:\\\/\\\/r9.ieee.org\\\/peru-ras\\\/?s={search_term_string}\"},\"query-input\":{\"@type\":\"PropertyValueSpecification\",\"valueRequired\":true,\"valueName\":\"search_term_string\"}}],\"inLanguage\":\"es\"},{\"@type\":\"Organization\",\"@id\":\"https:\\\/\\\/r9.ieee.org\\\/peru-ras\\\/#organization\",\"name\":\"RAS PER\u00da\",\"url\":\"https:\\\/\\\/r9.ieee.org\\\/peru-ras\\\/\",\"logo\":{\"@type\":\"ImageObject\",\"inLanguage\":\"es\",\"@id\":\"https:\\\/\\\/r9.ieee.org\\\/peru-ras\\\/#\\\/schema\\\/logo\\\/image\\\/\",\"url\":\"https:\\\/\\\/r9.ieee.org\\\/peru-ras\\\/wp-content\\\/uploads\\\/sites\\\/81\\\/FUENTE_RAS.png\",\"contentUrl\":\"https:\\\/\\\/r9.ieee.org\\\/peru-ras\\\/wp-content\\\/uploads\\\/sites\\\/81\\\/FUENTE_RAS.png\",\"width\":1488,\"height\":290,\"caption\":\"RAS PER\u00da\"},\"image\":{\"@id\":\"https:\\\/\\\/r9.ieee.org\\\/peru-ras\\\/#\\\/schema\\\/logo\\\/image\\\/\"},\"sameAs\":[\"https:\\\/\\\/www.facebook.com\\\/ieeerasperu\\\/\",\"https:\\\/\\\/instagram.com\\\/ieee.ras.peru\"]},{\"@type\":\"Person\",\"@id\":\"https:\\\/\\\/r9.ieee.org\\\/peru-ras\\\/#\\\/schema\\\/person\\\/fc0f0f20ae1e64c90b20597e37c85068\",\"name\":\"Admin\",\"image\":{\"@type\":\"ImageObject\",\"inLanguage\":\"es\",\"@id\":\"https:\\\/\\\/secure.gravatar.com\\\/avatar\\\/08f98506609de4e7274325db0c096a81263ba063b38c74adde9599b6e4965750?s=96&d=mm&r=g\",\"url\":\"https:\\\/\\\/secure.gravatar.com\\\/avatar\\\/08f98506609de4e7274325db0c096a81263ba063b38c74adde9599b6e4965750?s=96&d=mm&r=g\",\"contentUrl\":\"https:\\\/\\\/secure.gravatar.com\\\/avatar\\\/08f98506609de4e7274325db0c096a81263ba063b38c74adde9599b6e4965750?s=96&d=mm&r=g\",\"caption\":\"Admin\"},\"url\":\"https:\\\/\\\/r9.ieee.org\\\/peru-ras\\\/author\\\/carlosninaochoa\\\/\"}]}<\/script>\n<!-- \/ Yoast SEO plugin. -->","yoast_head_json":{"title":"Participaci\u00f3n de IEEE RAS PER\u00da en el CONEIMERA 2023 - RAS PER\u00da","robots":{"index":"index","follow":"follow","max-snippet":"max-snippet:-1","max-image-preview":"max-image-preview:large","max-video-preview":"max-video-preview:-1"},"canonical":"https:\/\/r9.ieee.org\/peru-ras\/noticias\/participacion-de-ieee-ras-peru-en-el-coneimera-2023\/","og_locale":"es_ES","og_type":"article","og_title":"Participaci\u00f3n de IEEE RAS PER\u00da en el CONEIMERA 2023 - RAS PER\u00da","og_description":"Por parte de la directiva nacional de la RAS, se apoy\u00f3 en el CONEIMERA 2023 mediante el Chair RAS PER\u00da, como organizador y jurado de la competencia de rob\u00f3tica minihumanoide. [&hellip;]","og_url":"https:\/\/r9.ieee.org\/peru-ras\/noticias\/participacion-de-ieee-ras-peru-en-el-coneimera-2023\/","og_site_name":"RAS PER\u00da","article_publisher":"https:\/\/www.facebook.com\/ieeerasperu\/","article_published_time":"2023-11-07T04:33:49+00:00","article_modified_time":"2023-11-19T07:14:19+00:00","og_image":[{"width":1280,"height":960,"url":"https:\/\/r9.ieee.org\/peru-ras\/wp-content\/uploads\/sites\/81\/CONEIMERA-2023_2.jpg","type":"image\/jpeg"}],"author":"Admin","twitter_card":"summary_large_image","twitter_misc":{"Escrito por":"Admin","Tiempo de lectura":"1 minuto"},"schema":{"@context":"https:\/\/schema.org","@graph":[{"@type":"Article","@id":"https:\/\/r9.ieee.org\/peru-ras\/noticias\/participacion-de-ieee-ras-peru-en-el-coneimera-2023\/#article","isPartOf":{"@id":"https:\/\/r9.ieee.org\/peru-ras\/noticias\/participacion-de-ieee-ras-peru-en-el-coneimera-2023\/"},"author":{"name":"Admin","@id":"https:\/\/r9.ieee.org\/peru-ras\/#\/schema\/person\/fc0f0f20ae1e64c90b20597e37c85068"},"headline":"Participaci\u00f3n de IEEE RAS PER\u00da en el CONEIMERA 2023","datePublished":"2023-11-07T04:33:49+00:00","dateModified":"2023-11-19T07:14:19+00:00","mainEntityOfPage":{"@id":"https:\/\/r9.ieee.org\/peru-ras\/noticias\/participacion-de-ieee-ras-peru-en-el-coneimera-2023\/"},"wordCount":73,"publisher":{"@id":"https:\/\/r9.ieee.org\/peru-ras\/#organization"},"image":{"@id":"https:\/\/r9.ieee.org\/peru-ras\/noticias\/participacion-de-ieee-ras-peru-en-el-coneimera-2023\/#primaryimage"},"thumbnailUrl":"https:\/\/r9.ieee.org\/peru-ras\/wp-content\/uploads\/sites\/81\/CONEIMERA-2023_2.jpg","keywords":["2023","Agosto","coneimera"],"articleSection":["Noticias"],"inLanguage":"es"},{"@type":"WebPage","@id":"https:\/\/r9.ieee.org\/peru-ras\/noticias\/participacion-de-ieee-ras-peru-en-el-coneimera-2023\/","url":"https:\/\/r9.ieee.org\/peru-ras\/noticias\/participacion-de-ieee-ras-peru-en-el-coneimera-2023\/","name":"Participaci\u00f3n de IEEE RAS PER\u00da en el CONEIMERA 2023 - RAS PER\u00da","isPartOf":{"@id":"https:\/\/r9.ieee.org\/peru-ras\/#website"},"primaryImageOfPage":{"@id":"https:\/\/r9.ieee.org\/peru-ras\/noticias\/participacion-de-ieee-ras-peru-en-el-coneimera-2023\/#primaryimage"},"image":{"@id":"https:\/\/r9.ieee.org\/peru-ras\/noticias\/participacion-de-ieee-ras-peru-en-el-coneimera-2023\/#primaryimage"},"thumbnailUrl":"https:\/\/r9.ieee.org\/peru-ras\/wp-content\/uploads\/sites\/81\/CONEIMERA-2023_2.jpg","datePublished":"2023-11-07T04:33:49+00:00","dateModified":"2023-11-19T07:14:19+00:00","breadcrumb":{"@id":"https:\/\/r9.ieee.org\/peru-ras\/noticias\/participacion-de-ieee-ras-peru-en-el-coneimera-2023\/#breadcrumb"},"inLanguage":"es","potentialAction":[{"@type":"ReadAction","target":["https:\/\/r9.ieee.org\/peru-ras\/noticias\/participacion-de-ieee-ras-peru-en-el-coneimera-2023\/"]}]},{"@type":"ImageObject","inLanguage":"es","@id":"https:\/\/r9.ieee.org\/peru-ras\/noticias\/participacion-de-ieee-ras-peru-en-el-coneimera-2023\/#primaryimage","url":"https:\/\/r9.ieee.org\/peru-ras\/wp-content\/uploads\/sites\/81\/CONEIMERA-2023_2.jpg","contentUrl":"https:\/\/r9.ieee.org\/peru-ras\/wp-content\/uploads\/sites\/81\/CONEIMERA-2023_2.jpg","width":1280,"height":960},{"@type":"BreadcrumbList","@id":"https:\/\/r9.ieee.org\/peru-ras\/noticias\/participacion-de-ieee-ras-peru-en-el-coneimera-2023\/#breadcrumb","itemListElement":[{"@type":"ListItem","position":1,"name":"Home","item":"https:\/\/r9.ieee.org\/peru-ras\/"},{"@type":"ListItem","position":2,"name":"Participaci\u00f3n de IEEE RAS PER\u00da en el CONEIMERA 2023"}]},{"@type":"WebSite","@id":"https:\/\/r9.ieee.org\/peru-ras\/#website","url":"https:\/\/r9.ieee.org\/peru-ras\/","name":"RAS PER\u00da","description":"","publisher":{"@id":"https:\/\/r9.ieee.org\/peru-ras\/#organization"},"potentialAction":[{"@type":"SearchAction","target":{"@type":"EntryPoint","urlTemplate":"https:\/\/r9.ieee.org\/peru-ras\/?s={search_term_string}"},"query-input":{"@type":"PropertyValueSpecification","valueRequired":true,"valueName":"search_term_string"}}],"inLanguage":"es"},{"@type":"Organization","@id":"https:\/\/r9.ieee.org\/peru-ras\/#organization","name":"RAS PER\u00da","url":"https:\/\/r9.ieee.org\/peru-ras\/","logo":{"@type":"ImageObject","inLanguage":"es","@id":"https:\/\/r9.ieee.org\/peru-ras\/#\/schema\/logo\/image\/","url":"https:\/\/r9.ieee.org\/peru-ras\/wp-content\/uploads\/sites\/81\/FUENTE_RAS.png","contentUrl":"https:\/\/r9.ieee.org\/peru-ras\/wp-content\/uploads\/sites\/81\/FUENTE_RAS.png","width":1488,"height":290,"caption":"RAS PER\u00da"},"image":{"@id":"https:\/\/r9.ieee.org\/peru-ras\/#\/schema\/logo\/image\/"},"sameAs":["https:\/\/www.facebook.com\/ieeerasperu\/","https:\/\/instagram.com\/ieee.ras.peru"]},{"@type":"Person","@id":"https:\/\/r9.ieee.org\/peru-ras\/#\/schema\/person\/fc0f0f20ae1e64c90b20597e37c85068","name":"Admin","image":{"@type":"ImageObject","inLanguage":"es","@id":"https:\/\/secure.gravatar.com\/avatar\/08f98506609de4e7274325db0c096a81263ba063b38c74adde9599b6e4965750?s=96&d=mm&r=g","url":"https:\/\/secure.gravatar.com\/avatar\/08f98506609de4e7274325db0c096a81263ba063b38c74adde9599b6e4965750?s=96&d=mm&r=g","contentUrl":"https:\/\/secure.gravatar.com\/avatar\/08f98506609de4e7274325db0c096a81263ba063b38c74adde9599b6e4965750?s=96&d=mm&r=g","caption":"Admin"},"url":"https:\/\/r9.ieee.org\/peru-ras\/author\/carlosninaochoa\/"}]}},"_links":{"self":[{"href":"https:\/\/r9.ieee.org\/peru-ras\/wp-json\/wp\/v2\/posts\/885","targetHints":{"allow":["GET"]}}],"collection":[{"href":"https:\/\/r9.ieee.org\/peru-ras\/wp-json\/wp\/v2\/posts"}],"about":[{"href":"https:\/\/r9.ieee.org\/peru-ras\/wp-json\/wp\/v2\/types\/post"}],"author":[{"embeddable":true,"href":"https:\/\/r9.ieee.org\/peru-ras\/wp-json\/wp\/v2\/users\/163"}],"replies":[{"embeddable":true,"href":"https:\/\/r9.ieee.org\/peru-ras\/wp-json\/wp\/v2\/comments?post=885"}],"version-history":[{"count":0,"href":"https:\/\/r9.ieee.org\/peru-ras\/wp-json\/wp\/v2\/posts\/885\/revisions"}],"wp:featuredmedia":[{"embeddable":true,"href":"https:\/\/r9.ieee.org\/peru-ras\/wp-json\/wp\/v2\/media\/914"}],"wp:attachment":[{"href":"https:\/\/r9.ieee.org\/peru-ras\/wp-json\/wp\/v2\/media?parent=885"}],"wp:term":[{"taxonomy":"category","embeddable":true,"href":"https:\/\/r9.ieee.org\/peru-ras\/wp-json\/wp\/v2\/categories?post=885"},{"taxonomy":"post_tag","embeddable":true,"href":"https:\/\/r9.ieee.org\/peru-ras\/wp-json\/wp\/v2\/tags?post=885"}],"curies":[{"name":"wp","href":"https:\/\/api.w.org\/{rel}","templated":true}]}},{"id":877,"date":"2023-10-22T18:57:33","date_gmt":"2023-10-22T23:57:33","guid":{"rendered":"https:\/\/r9.ieee.org\/peru-ras\/?p=877"},"modified":"2023-10-22T19:01:37","modified_gmt":"2023-10-23T00:01:37","slug":"877","status":"publish","type":"post","link":"https:\/\/r9.ieee.org\/peru-ras\/noticias\/877\/","title":{"rendered":"Ampliaci\u00f3n de inscripci\u00f3n Competencia Minihumanoid Robot Contest del INTERCON 2023"},"content":{"rendered":"<p>\u00a1Hola a todos!<\/p>\n<p>Tenemos noticias para compartir: hemos ampliado la fecha de inscripci\u00f3n para la competencia Minihumanoid Robot Contest del INTERCON 2023. \ud83e\udd16\ud83c\udfc6<\/p>\n<p>La nueva fecha l\u00edmite de inscripci\u00f3n es martes, 24 de octubre. As\u00ed que, si a\u00fan no te has inscrito, \u00a1ahora es tu oportunidad!<\/p>\n<p>Para inscribirte y conocer las bases de la competencia, solo tienes que hacer clic en este enlace: https:\/\/docs.google.com\/forms\/d\/e\/1FAIpQLSckPZDCv5o5YsOSVmsBt0C39-vw9hyiKDZd5wMjnxQEqYDPbQ\/viewform?usp=sf_link \ud83d\udcdd<\/p>\n<p>\u00a1No dejes pasar esta oportunidad para demostrar tus habilidades en rob\u00f3tica y competir con los mejores equipos de minihumanoides! \ud83d\udcaa<\/p>\n<p>\u00a1Inscr\u00edbete hoy y prep\u00e1rate para la acci\u00f3n en el Minihumanoid Robot Contest 2023!\ud83d\ude80<\/p>\n<p>Gracias por ser parte de esta emocionante competencia. \u00a1Te esperamos con ansias! \ud83d\ude4c #MinihumanoidRobot2023<img loading=\"lazy\" decoding=\"async\" class=\"aligncenter size-full wp-image-878\" src=\"https:\/\/r9.ieee.org\/peru-ras\/wp-content\/uploads\/sites\/81\/jjjjj.jpeg\" alt=\"\" width=\"1600\" height=\"1600\" srcset=\"https:\/\/r9.ieee.org\/peru-ras\/wp-content\/uploads\/sites\/81\/\/jjjjj.jpeg 1600w, https:\/\/r9.ieee.org\/peru-ras\/wp-content\/uploads\/sites\/81\/\/jjjjj-278x278.jpeg 278w, https:\/\/r9.ieee.org\/peru-ras\/wp-content\/uploads\/sites\/81\/\/jjjjj-1024x1024.jpeg 1024w, https:\/\/r9.ieee.org\/peru-ras\/wp-content\/uploads\/sites\/81\/\/jjjjj-150x150.jpeg 150w, https:\/\/r9.ieee.org\/peru-ras\/wp-content\/uploads\/sites\/81\/\/jjjjj-768x768.jpeg 768w, https:\/\/r9.ieee.org\/peru-ras\/wp-content\/uploads\/sites\/81\/\/jjjjj-1536x1536.jpeg 1536w\" sizes=\"auto, (max-width: 1600px) 100vw, 1600px\" \/><\/p>\n","protected":false},"excerpt":{"rendered":"<p>\u00a1Hola a todos! Tenemos noticias para compartir: hemos ampliado la fecha de inscripci\u00f3n para la competencia Minihumanoid Robot Contest del INTERCON 2023. \ud83e\udd16\ud83c\udfc6 La nueva fecha l\u00edmite de inscripci\u00f3n es [&hellip;]<\/p>\n","protected":false},"author":163,"featured_media":0,"comment_status":"closed","ping_status":"closed","sticky":false,"template":"","format":"standard","meta":{"footnotes":""},"categories":[8],"tags":[],"class_list":["post-877","post","type-post","status-publish","format-standard","hentry","category-noticias"],"yoast_head":"<!-- This site is optimized with the Yoast SEO plugin v27.5 - https:\/\/yoast.com\/product\/yoast-seo-wordpress\/ -->\n<title>Ampliaci\u00f3n de inscripci\u00f3n Competencia Minihumanoid Robot Contest del INTERCON 2023 - RAS PER\u00da<\/title>\n<meta name=\"robots\" content=\"index, follow, max-snippet:-1, max-image-preview:large, max-video-preview:-1\" \/>\n<link rel=\"canonical\" href=\"https:\/\/r9.ieee.org\/peru-ras\/noticias\/877\/\" \/>\n<meta property=\"og:locale\" content=\"es_ES\" \/>\n<meta property=\"og:type\" content=\"article\" \/>\n<meta property=\"og:title\" content=\"Ampliaci\u00f3n de inscripci\u00f3n Competencia Minihumanoid Robot Contest del INTERCON 2023 - RAS PER\u00da\" \/>\n<meta property=\"og:description\" content=\"\u00a1Hola a todos! Tenemos noticias para compartir: hemos ampliado la fecha de inscripci\u00f3n para la competencia Minihumanoid Robot Contest del INTERCON 2023. \ud83e\udd16\ud83c\udfc6 La nueva fecha l\u00edmite de inscripci\u00f3n es [&hellip;]\" \/>\n<meta property=\"og:url\" content=\"https:\/\/r9.ieee.org\/peru-ras\/noticias\/877\/\" \/>\n<meta property=\"og:site_name\" content=\"RAS PER\u00da\" \/>\n<meta property=\"article:publisher\" content=\"https:\/\/www.facebook.com\/ieeerasperu\/\" \/>\n<meta property=\"article:published_time\" content=\"2023-10-22T23:57:33+00:00\" \/>\n<meta property=\"article:modified_time\" content=\"2023-10-23T00:01:37+00:00\" \/>\n<meta property=\"og:image\" content=\"https:\/\/r9.ieee.org\/peru-ras\/wp-content\/uploads\/sites\/81\/jjjjj.jpeg\" \/>\n<meta name=\"author\" content=\"Admin\" \/>\n<meta name=\"twitter:card\" content=\"summary_large_image\" \/>\n<meta name=\"twitter:label1\" content=\"Escrito por\" \/>\n\t<meta name=\"twitter:data1\" content=\"Admin\" \/>\n\t<meta name=\"twitter:label2\" content=\"Tiempo de lectura\" \/>\n\t<meta name=\"twitter:data2\" content=\"1 minuto\" \/>\n<script type=\"application\/ld+json\" class=\"yoast-schema-graph\">{\"@context\":\"https:\\\/\\\/schema.org\",\"@graph\":[{\"@type\":\"Article\",\"@id\":\"https:\\\/\\\/r9.ieee.org\\\/peru-ras\\\/noticias\\\/877\\\/#article\",\"isPartOf\":{\"@id\":\"https:\\\/\\\/r9.ieee.org\\\/peru-ras\\\/noticias\\\/877\\\/\"},\"author\":{\"name\":\"Admin\",\"@id\":\"https:\\\/\\\/r9.ieee.org\\\/peru-ras\\\/#\\\/schema\\\/person\\\/fc0f0f20ae1e64c90b20597e37c85068\"},\"headline\":\"Ampliaci\u00f3n de inscripci\u00f3n Competencia Minihumanoid Robot Contest del INTERCON 2023\",\"datePublished\":\"2023-10-22T23:57:33+00:00\",\"dateModified\":\"2023-10-23T00:01:37+00:00\",\"mainEntityOfPage\":{\"@id\":\"https:\\\/\\\/r9.ieee.org\\\/peru-ras\\\/noticias\\\/877\\\/\"},\"wordCount\":141,\"publisher\":{\"@id\":\"https:\\\/\\\/r9.ieee.org\\\/peru-ras\\\/#organization\"},\"image\":{\"@id\":\"https:\\\/\\\/r9.ieee.org\\\/peru-ras\\\/noticias\\\/877\\\/#primaryimage\"},\"thumbnailUrl\":\"https:\\\/\\\/r9.ieee.org\\\/peru-ras\\\/wp-content\\\/uploads\\\/sites\\\/81\\\/jjjjj.jpeg\",\"articleSection\":[\"Noticias\"],\"inLanguage\":\"es\"},{\"@type\":\"WebPage\",\"@id\":\"https:\\\/\\\/r9.ieee.org\\\/peru-ras\\\/noticias\\\/877\\\/\",\"url\":\"https:\\\/\\\/r9.ieee.org\\\/peru-ras\\\/noticias\\\/877\\\/\",\"name\":\"Ampliaci\u00f3n de inscripci\u00f3n Competencia Minihumanoid Robot Contest del INTERCON 2023 - RAS PER\u00da\",\"isPartOf\":{\"@id\":\"https:\\\/\\\/r9.ieee.org\\\/peru-ras\\\/#website\"},\"primaryImageOfPage\":{\"@id\":\"https:\\\/\\\/r9.ieee.org\\\/peru-ras\\\/noticias\\\/877\\\/#primaryimage\"},\"image\":{\"@id\":\"https:\\\/\\\/r9.ieee.org\\\/peru-ras\\\/noticias\\\/877\\\/#primaryimage\"},\"thumbnailUrl\":\"https:\\\/\\\/r9.ieee.org\\\/peru-ras\\\/wp-content\\\/uploads\\\/sites\\\/81\\\/jjjjj.jpeg\",\"datePublished\":\"2023-10-22T23:57:33+00:00\",\"dateModified\":\"2023-10-23T00:01:37+00:00\",\"breadcrumb\":{\"@id\":\"https:\\\/\\\/r9.ieee.org\\\/peru-ras\\\/noticias\\\/877\\\/#breadcrumb\"},\"inLanguage\":\"es\",\"potentialAction\":[{\"@type\":\"ReadAction\",\"target\":[\"https:\\\/\\\/r9.ieee.org\\\/peru-ras\\\/noticias\\\/877\\\/\"]}]},{\"@type\":\"ImageObject\",\"inLanguage\":\"es\",\"@id\":\"https:\\\/\\\/r9.ieee.org\\\/peru-ras\\\/noticias\\\/877\\\/#primaryimage\",\"url\":\"https:\\\/\\\/r9.ieee.org\\\/peru-ras\\\/wp-content\\\/uploads\\\/sites\\\/81\\\/jjjjj.jpeg\",\"contentUrl\":\"https:\\\/\\\/r9.ieee.org\\\/peru-ras\\\/wp-content\\\/uploads\\\/sites\\\/81\\\/jjjjj.jpeg\",\"width\":1600,\"height\":1600},{\"@type\":\"BreadcrumbList\",\"@id\":\"https:\\\/\\\/r9.ieee.org\\\/peru-ras\\\/noticias\\\/877\\\/#breadcrumb\",\"itemListElement\":[{\"@type\":\"ListItem\",\"position\":1,\"name\":\"Home\",\"item\":\"https:\\\/\\\/r9.ieee.org\\\/peru-ras\\\/\"},{\"@type\":\"ListItem\",\"position\":2,\"name\":\"Ampliaci\u00f3n de inscripci\u00f3n Competencia Minihumanoid Robot Contest del INTERCON 2023\"}]},{\"@type\":\"WebSite\",\"@id\":\"https:\\\/\\\/r9.ieee.org\\\/peru-ras\\\/#website\",\"url\":\"https:\\\/\\\/r9.ieee.org\\\/peru-ras\\\/\",\"name\":\"RAS PER\u00da\",\"description\":\"\",\"publisher\":{\"@id\":\"https:\\\/\\\/r9.ieee.org\\\/peru-ras\\\/#organization\"},\"potentialAction\":[{\"@type\":\"SearchAction\",\"target\":{\"@type\":\"EntryPoint\",\"urlTemplate\":\"https:\\\/\\\/r9.ieee.org\\\/peru-ras\\\/?s={search_term_string}\"},\"query-input\":{\"@type\":\"PropertyValueSpecification\",\"valueRequired\":true,\"valueName\":\"search_term_string\"}}],\"inLanguage\":\"es\"},{\"@type\":\"Organization\",\"@id\":\"https:\\\/\\\/r9.ieee.org\\\/peru-ras\\\/#organization\",\"name\":\"RAS PER\u00da\",\"url\":\"https:\\\/\\\/r9.ieee.org\\\/peru-ras\\\/\",\"logo\":{\"@type\":\"ImageObject\",\"inLanguage\":\"es\",\"@id\":\"https:\\\/\\\/r9.ieee.org\\\/peru-ras\\\/#\\\/schema\\\/logo\\\/image\\\/\",\"url\":\"https:\\\/\\\/r9.ieee.org\\\/peru-ras\\\/wp-content\\\/uploads\\\/sites\\\/81\\\/FUENTE_RAS.png\",\"contentUrl\":\"https:\\\/\\\/r9.ieee.org\\\/peru-ras\\\/wp-content\\\/uploads\\\/sites\\\/81\\\/FUENTE_RAS.png\",\"width\":1488,\"height\":290,\"caption\":\"RAS PER\u00da\"},\"image\":{\"@id\":\"https:\\\/\\\/r9.ieee.org\\\/peru-ras\\\/#\\\/schema\\\/logo\\\/image\\\/\"},\"sameAs\":[\"https:\\\/\\\/www.facebook.com\\\/ieeerasperu\\\/\",\"https:\\\/\\\/instagram.com\\\/ieee.ras.peru\"]},{\"@type\":\"Person\",\"@id\":\"https:\\\/\\\/r9.ieee.org\\\/peru-ras\\\/#\\\/schema\\\/person\\\/fc0f0f20ae1e64c90b20597e37c85068\",\"name\":\"Admin\",\"image\":{\"@type\":\"ImageObject\",\"inLanguage\":\"es\",\"@id\":\"https:\\\/\\\/secure.gravatar.com\\\/avatar\\\/08f98506609de4e7274325db0c096a81263ba063b38c74adde9599b6e4965750?s=96&d=mm&r=g\",\"url\":\"https:\\\/\\\/secure.gravatar.com\\\/avatar\\\/08f98506609de4e7274325db0c096a81263ba063b38c74adde9599b6e4965750?s=96&d=mm&r=g\",\"contentUrl\":\"https:\\\/\\\/secure.gravatar.com\\\/avatar\\\/08f98506609de4e7274325db0c096a81263ba063b38c74adde9599b6e4965750?s=96&d=mm&r=g\",\"caption\":\"Admin\"},\"url\":\"https:\\\/\\\/r9.ieee.org\\\/peru-ras\\\/author\\\/carlosninaochoa\\\/\"}]}<\/script>\n<!-- \/ Yoast SEO plugin. -->","yoast_head_json":{"title":"Ampliaci\u00f3n de inscripci\u00f3n Competencia Minihumanoid Robot Contest del INTERCON 2023 - RAS PER\u00da","robots":{"index":"index","follow":"follow","max-snippet":"max-snippet:-1","max-image-preview":"max-image-preview:large","max-video-preview":"max-video-preview:-1"},"canonical":"https:\/\/r9.ieee.org\/peru-ras\/noticias\/877\/","og_locale":"es_ES","og_type":"article","og_title":"Ampliaci\u00f3n de inscripci\u00f3n Competencia Minihumanoid Robot Contest del INTERCON 2023 - RAS PER\u00da","og_description":"\u00a1Hola a todos! Tenemos noticias para compartir: hemos ampliado la fecha de inscripci\u00f3n para la competencia Minihumanoid Robot Contest del INTERCON 2023. \ud83e\udd16\ud83c\udfc6 La nueva fecha l\u00edmite de inscripci\u00f3n es [&hellip;]","og_url":"https:\/\/r9.ieee.org\/peru-ras\/noticias\/877\/","og_site_name":"RAS PER\u00da","article_publisher":"https:\/\/www.facebook.com\/ieeerasperu\/","article_published_time":"2023-10-22T23:57:33+00:00","article_modified_time":"2023-10-23T00:01:37+00:00","og_image":[{"url":"https:\/\/r9.ieee.org\/peru-ras\/wp-content\/uploads\/sites\/81\/jjjjj.jpeg","type":"","width":"","height":""}],"author":"Admin","twitter_card":"summary_large_image","twitter_misc":{"Escrito por":"Admin","Tiempo de lectura":"1 minuto"},"schema":{"@context":"https:\/\/schema.org","@graph":[{"@type":"Article","@id":"https:\/\/r9.ieee.org\/peru-ras\/noticias\/877\/#article","isPartOf":{"@id":"https:\/\/r9.ieee.org\/peru-ras\/noticias\/877\/"},"author":{"name":"Admin","@id":"https:\/\/r9.ieee.org\/peru-ras\/#\/schema\/person\/fc0f0f20ae1e64c90b20597e37c85068"},"headline":"Ampliaci\u00f3n de inscripci\u00f3n Competencia Minihumanoid Robot Contest del INTERCON 2023","datePublished":"2023-10-22T23:57:33+00:00","dateModified":"2023-10-23T00:01:37+00:00","mainEntityOfPage":{"@id":"https:\/\/r9.ieee.org\/peru-ras\/noticias\/877\/"},"wordCount":141,"publisher":{"@id":"https:\/\/r9.ieee.org\/peru-ras\/#organization"},"image":{"@id":"https:\/\/r9.ieee.org\/peru-ras\/noticias\/877\/#primaryimage"},"thumbnailUrl":"https:\/\/r9.ieee.org\/peru-ras\/wp-content\/uploads\/sites\/81\/jjjjj.jpeg","articleSection":["Noticias"],"inLanguage":"es"},{"@type":"WebPage","@id":"https:\/\/r9.ieee.org\/peru-ras\/noticias\/877\/","url":"https:\/\/r9.ieee.org\/peru-ras\/noticias\/877\/","name":"Ampliaci\u00f3n de inscripci\u00f3n Competencia Minihumanoid Robot Contest del INTERCON 2023 - RAS PER\u00da","isPartOf":{"@id":"https:\/\/r9.ieee.org\/peru-ras\/#website"},"primaryImageOfPage":{"@id":"https:\/\/r9.ieee.org\/peru-ras\/noticias\/877\/#primaryimage"},"image":{"@id":"https:\/\/r9.ieee.org\/peru-ras\/noticias\/877\/#primaryimage"},"thumbnailUrl":"https:\/\/r9.ieee.org\/peru-ras\/wp-content\/uploads\/sites\/81\/jjjjj.jpeg","datePublished":"2023-10-22T23:57:33+00:00","dateModified":"2023-10-23T00:01:37+00:00","breadcrumb":{"@id":"https:\/\/r9.ieee.org\/peru-ras\/noticias\/877\/#breadcrumb"},"inLanguage":"es","potentialAction":[{"@type":"ReadAction","target":["https:\/\/r9.ieee.org\/peru-ras\/noticias\/877\/"]}]},{"@type":"ImageObject","inLanguage":"es","@id":"https:\/\/r9.ieee.org\/peru-ras\/noticias\/877\/#primaryimage","url":"https:\/\/r9.ieee.org\/peru-ras\/wp-content\/uploads\/sites\/81\/jjjjj.jpeg","contentUrl":"https:\/\/r9.ieee.org\/peru-ras\/wp-content\/uploads\/sites\/81\/jjjjj.jpeg","width":1600,"height":1600},{"@type":"BreadcrumbList","@id":"https:\/\/r9.ieee.org\/peru-ras\/noticias\/877\/#breadcrumb","itemListElement":[{"@type":"ListItem","position":1,"name":"Home","item":"https:\/\/r9.ieee.org\/peru-ras\/"},{"@type":"ListItem","position":2,"name":"Ampliaci\u00f3n de inscripci\u00f3n Competencia Minihumanoid Robot Contest del INTERCON 2023"}]},{"@type":"WebSite","@id":"https:\/\/r9.ieee.org\/peru-ras\/#website","url":"https:\/\/r9.ieee.org\/peru-ras\/","name":"RAS PER\u00da","description":"","publisher":{"@id":"https:\/\/r9.ieee.org\/peru-ras\/#organization"},"potentialAction":[{"@type":"SearchAction","target":{"@type":"EntryPoint","urlTemplate":"https:\/\/r9.ieee.org\/peru-ras\/?s={search_term_string}"},"query-input":{"@type":"PropertyValueSpecification","valueRequired":true,"valueName":"search_term_string"}}],"inLanguage":"es"},{"@type":"Organization","@id":"https:\/\/r9.ieee.org\/peru-ras\/#organization","name":"RAS PER\u00da","url":"https:\/\/r9.ieee.org\/peru-ras\/","logo":{"@type":"ImageObject","inLanguage":"es","@id":"https:\/\/r9.ieee.org\/peru-ras\/#\/schema\/logo\/image\/","url":"https:\/\/r9.ieee.org\/peru-ras\/wp-content\/uploads\/sites\/81\/FUENTE_RAS.png","contentUrl":"https:\/\/r9.ieee.org\/peru-ras\/wp-content\/uploads\/sites\/81\/FUENTE_RAS.png","width":1488,"height":290,"caption":"RAS PER\u00da"},"image":{"@id":"https:\/\/r9.ieee.org\/peru-ras\/#\/schema\/logo\/image\/"},"sameAs":["https:\/\/www.facebook.com\/ieeerasperu\/","https:\/\/instagram.com\/ieee.ras.peru"]},{"@type":"Person","@id":"https:\/\/r9.ieee.org\/peru-ras\/#\/schema\/person\/fc0f0f20ae1e64c90b20597e37c85068","name":"Admin","image":{"@type":"ImageObject","inLanguage":"es","@id":"https:\/\/secure.gravatar.com\/avatar\/08f98506609de4e7274325db0c096a81263ba063b38c74adde9599b6e4965750?s=96&d=mm&r=g","url":"https:\/\/secure.gravatar.com\/avatar\/08f98506609de4e7274325db0c096a81263ba063b38c74adde9599b6e4965750?s=96&d=mm&r=g","contentUrl":"https:\/\/secure.gravatar.com\/avatar\/08f98506609de4e7274325db0c096a81263ba063b38c74adde9599b6e4965750?s=96&d=mm&r=g","caption":"Admin"},"url":"https:\/\/r9.ieee.org\/peru-ras\/author\/carlosninaochoa\/"}]}},"_links":{"self":[{"href":"https:\/\/r9.ieee.org\/peru-ras\/wp-json\/wp\/v2\/posts\/877","targetHints":{"allow":["GET"]}}],"collection":[{"href":"https:\/\/r9.ieee.org\/peru-ras\/wp-json\/wp\/v2\/posts"}],"about":[{"href":"https:\/\/r9.ieee.org\/peru-ras\/wp-json\/wp\/v2\/types\/post"}],"author":[{"embeddable":true,"href":"https:\/\/r9.ieee.org\/peru-ras\/wp-json\/wp\/v2\/users\/163"}],"replies":[{"embeddable":true,"href":"https:\/\/r9.ieee.org\/peru-ras\/wp-json\/wp\/v2\/comments?post=877"}],"version-history":[{"count":0,"href":"https:\/\/r9.ieee.org\/peru-ras\/wp-json\/wp\/v2\/posts\/877\/revisions"}],"wp:attachment":[{"href":"https:\/\/r9.ieee.org\/peru-ras\/wp-json\/wp\/v2\/media?parent=877"}],"wp:term":[{"taxonomy":"category","embeddable":true,"href":"https:\/\/r9.ieee.org\/peru-ras\/wp-json\/wp\/v2\/categories?post=877"},{"taxonomy":"post_tag","embeddable":true,"href":"https:\/\/r9.ieee.org\/peru-ras\/wp-json\/wp\/v2\/tags?post=877"}],"curies":[{"name":"wp","href":"https:\/\/api.w.org\/{rel}","templated":true}]}},{"id":863,"date":"2023-09-28T15:53:26","date_gmt":"2023-09-28T20:53:26","guid":{"rendered":"https:\/\/r9.ieee.org\/peru-ras\/?p=863"},"modified":"2023-09-30T17:26:56","modified_gmt":"2023-09-30T22:26:56","slug":"competencia-de-robocup-junior-2023","status":"publish","type":"post","link":"https:\/\/r9.ieee.org\/peru-ras\/uncategorized\/competencia-de-robocup-junior-2023\/","title":{"rendered":"Competencia de RoboCup Junior 2023"},"content":{"rendered":"<p>Es un placer para nosotros invitarte a participar en la emocionante competencia de rob\u00f3tica RoboCup Junior 2023. RoboCup Junior es un evento que re\u00fane a j\u00f3venes apasionados por la rob\u00f3tica y la inteligencia artificial. \ud83e\udd16<\/p>\n<p>Fecha: 3 de noviembre.<br \/>\nLugar: UPC \u2013 Campus Monterrico.<\/p>\n<p>RoboCup Junior ofrece a estudiantes de todas las edades la oportunidad de mostrar su creatividad, habilidades t\u00e9cnicas y esp\u00edritu competitivo en una variedad de desaf\u00edos rob\u00f3ticos emocionantes. Al unirte a nosotros en esta competencia, tendr\u00e1s la oportunidad de:<\/p>\n<p>\u2705Conocer a otros entusiastas de la rob\u00f3tica.<br \/>\n\u2705Aprender de expertos en el campo.<br \/>\n\u2705Desarrollar tus habilidades de programaci\u00f3n y dise\u00f1o de robots.<\/p>\n<p>\ud83d\udca5 Los ganadores podr\u00e1n participar en la Robocup 2024 qu\u00e9 se dar\u00e1 en Pa\u00edses Bajos \ud83c\uddf3\ud83c\uddf1. Para mayor informaci\u00f3n: https:\/\/2024.robocup.org\/<\/p>\n<p>\u00a1Esperamos verte en RoboCup Junior 2023 y ser testigos de tus habilidades en acci\u00f3n!<\/p>\n<p><img loading=\"lazy\" decoding=\"async\" class=\"alignnone size-full wp-image-874\" src=\"https:\/\/r9.ieee.org\/peru-ras\/wp-content\/uploads\/sites\/81\/Flyers-RobocupJunior-1-1.png\" alt=\"\" width=\"940\" height=\"788\" srcset=\"https:\/\/r9.ieee.org\/peru-ras\/wp-content\/uploads\/sites\/81\/\/Flyers-RobocupJunior-1-1.png 940w, https:\/\/r9.ieee.org\/peru-ras\/wp-content\/uploads\/sites\/81\/\/Flyers-RobocupJunior-1-1-332x278.png 332w, https:\/\/r9.ieee.org\/peru-ras\/wp-content\/uploads\/sites\/81\/\/Flyers-RobocupJunior-1-1-768x644.png 768w\" sizes=\"auto, (max-width: 940px) 100vw, 940px\" \/><\/p>\n","protected":false},"excerpt":{"rendered":"<p>Es un placer para nosotros invitarte a participar en la emocionante competencia de rob\u00f3tica RoboCup Junior 2023. RoboCup Junior es un evento que re\u00fane a j\u00f3venes apasionados por la rob\u00f3tica [&hellip;]<\/p>\n","protected":false},"author":163,"featured_media":0,"comment_status":"closed","ping_status":"closed","sticky":false,"template":"","format":"standard","meta":{"footnotes":""},"categories":[1],"tags":[],"class_list":["post-863","post","type-post","status-publish","format-standard","hentry","category-uncategorized"],"yoast_head":"<!-- This site is optimized with the Yoast SEO plugin v27.5 - https:\/\/yoast.com\/product\/yoast-seo-wordpress\/ -->\n<title>Competencia de RoboCup Junior 2023 - RAS PER\u00da<\/title>\n<meta name=\"description\" content=\"RoboCup Junior ofrece a estudiantes de todas las edades la oportunidad de mostrar su creatividad, habilidades t\u00e9cnicas y esp\u00edritu competitivo en una variedad de desaf\u00edos rob\u00f3ticos emocionantes.\" \/>\n<meta name=\"robots\" content=\"index, follow, max-snippet:-1, max-image-preview:large, max-video-preview:-1\" \/>\n<link rel=\"canonical\" href=\"https:\/\/r9.ieee.org\/peru-ras\/uncategorized\/competencia-de-robocup-junior-2023\/\" \/>\n<meta property=\"og:locale\" content=\"es_ES\" \/>\n<meta property=\"og:type\" content=\"article\" \/>\n<meta property=\"og:title\" content=\"Competencia de RoboCup Junior 2023 - RAS PER\u00da\" \/>\n<meta property=\"og:description\" content=\"RoboCup Junior ofrece a estudiantes de todas las edades la oportunidad de mostrar su creatividad, habilidades t\u00e9cnicas y esp\u00edritu competitivo en una variedad de desaf\u00edos rob\u00f3ticos emocionantes.\" \/>\n<meta property=\"og:url\" content=\"https:\/\/r9.ieee.org\/peru-ras\/uncategorized\/competencia-de-robocup-junior-2023\/\" \/>\n<meta property=\"og:site_name\" content=\"RAS PER\u00da\" \/>\n<meta property=\"article:publisher\" content=\"https:\/\/www.facebook.com\/ieeerasperu\/\" \/>\n<meta property=\"article:published_time\" content=\"2023-09-28T20:53:26+00:00\" \/>\n<meta property=\"article:modified_time\" content=\"2023-09-30T22:26:56+00:00\" \/>\n<meta property=\"og:image\" content=\"https:\/\/r9.ieee.org\/peru-ras\/wp-content\/uploads\/sites\/81\/Flyers-RobocupJunior-1-1.png\" \/>\n<meta name=\"author\" content=\"Admin\" \/>\n<meta name=\"twitter:card\" content=\"summary_large_image\" \/>\n<meta name=\"twitter:label1\" content=\"Escrito por\" \/>\n\t<meta name=\"twitter:data1\" content=\"Admin\" \/>\n\t<meta name=\"twitter:label2\" content=\"Tiempo de lectura\" \/>\n\t<meta name=\"twitter:data2\" content=\"1 minuto\" \/>\n<script type=\"application\/ld+json\" class=\"yoast-schema-graph\">{\"@context\":\"https:\\\/\\\/schema.org\",\"@graph\":[{\"@type\":\"Article\",\"@id\":\"https:\\\/\\\/r9.ieee.org\\\/peru-ras\\\/uncategorized\\\/competencia-de-robocup-junior-2023\\\/#article\",\"isPartOf\":{\"@id\":\"https:\\\/\\\/r9.ieee.org\\\/peru-ras\\\/uncategorized\\\/competencia-de-robocup-junior-2023\\\/\"},\"author\":{\"name\":\"Admin\",\"@id\":\"https:\\\/\\\/r9.ieee.org\\\/peru-ras\\\/#\\\/schema\\\/person\\\/fc0f0f20ae1e64c90b20597e37c85068\"},\"headline\":\"Competencia de RoboCup Junior 2023\",\"datePublished\":\"2023-09-28T20:53:26+00:00\",\"dateModified\":\"2023-09-30T22:26:56+00:00\",\"mainEntityOfPage\":{\"@id\":\"https:\\\/\\\/r9.ieee.org\\\/peru-ras\\\/uncategorized\\\/competencia-de-robocup-junior-2023\\\/\"},\"wordCount\":152,\"publisher\":{\"@id\":\"https:\\\/\\\/r9.ieee.org\\\/peru-ras\\\/#organization\"},\"image\":{\"@id\":\"https:\\\/\\\/r9.ieee.org\\\/peru-ras\\\/uncategorized\\\/competencia-de-robocup-junior-2023\\\/#primaryimage\"},\"thumbnailUrl\":\"https:\\\/\\\/r9.ieee.org\\\/peru-ras\\\/wp-content\\\/uploads\\\/sites\\\/81\\\/Flyers-RobocupJunior-1-1.png\",\"articleSection\":[\"Uncategorized\"],\"inLanguage\":\"es\"},{\"@type\":\"WebPage\",\"@id\":\"https:\\\/\\\/r9.ieee.org\\\/peru-ras\\\/uncategorized\\\/competencia-de-robocup-junior-2023\\\/\",\"url\":\"https:\\\/\\\/r9.ieee.org\\\/peru-ras\\\/uncategorized\\\/competencia-de-robocup-junior-2023\\\/\",\"name\":\"Competencia de RoboCup Junior 2023 - RAS PER\u00da\",\"isPartOf\":{\"@id\":\"https:\\\/\\\/r9.ieee.org\\\/peru-ras\\\/#website\"},\"primaryImageOfPage\":{\"@id\":\"https:\\\/\\\/r9.ieee.org\\\/peru-ras\\\/uncategorized\\\/competencia-de-robocup-junior-2023\\\/#primaryimage\"},\"image\":{\"@id\":\"https:\\\/\\\/r9.ieee.org\\\/peru-ras\\\/uncategorized\\\/competencia-de-robocup-junior-2023\\\/#primaryimage\"},\"thumbnailUrl\":\"https:\\\/\\\/r9.ieee.org\\\/peru-ras\\\/wp-content\\\/uploads\\\/sites\\\/81\\\/Flyers-RobocupJunior-1-1.png\",\"datePublished\":\"2023-09-28T20:53:26+00:00\",\"dateModified\":\"2023-09-30T22:26:56+00:00\",\"description\":\"RoboCup Junior ofrece a estudiantes de todas las edades la oportunidad de mostrar su creatividad, habilidades t\u00e9cnicas y esp\u00edritu competitivo en una variedad de desaf\u00edos rob\u00f3ticos emocionantes.\",\"breadcrumb\":{\"@id\":\"https:\\\/\\\/r9.ieee.org\\\/peru-ras\\\/uncategorized\\\/competencia-de-robocup-junior-2023\\\/#breadcrumb\"},\"inLanguage\":\"es\",\"potentialAction\":[{\"@type\":\"ReadAction\",\"target\":[\"https:\\\/\\\/r9.ieee.org\\\/peru-ras\\\/uncategorized\\\/competencia-de-robocup-junior-2023\\\/\"]}]},{\"@type\":\"ImageObject\",\"inLanguage\":\"es\",\"@id\":\"https:\\\/\\\/r9.ieee.org\\\/peru-ras\\\/uncategorized\\\/competencia-de-robocup-junior-2023\\\/#primaryimage\",\"url\":\"https:\\\/\\\/r9.ieee.org\\\/peru-ras\\\/wp-content\\\/uploads\\\/sites\\\/81\\\/Flyers-RobocupJunior-1-1.png\",\"contentUrl\":\"https:\\\/\\\/r9.ieee.org\\\/peru-ras\\\/wp-content\\\/uploads\\\/sites\\\/81\\\/Flyers-RobocupJunior-1-1.png\",\"width\":940,\"height\":788},{\"@type\":\"BreadcrumbList\",\"@id\":\"https:\\\/\\\/r9.ieee.org\\\/peru-ras\\\/uncategorized\\\/competencia-de-robocup-junior-2023\\\/#breadcrumb\",\"itemListElement\":[{\"@type\":\"ListItem\",\"position\":1,\"name\":\"Home\",\"item\":\"https:\\\/\\\/r9.ieee.org\\\/peru-ras\\\/\"},{\"@type\":\"ListItem\",\"position\":2,\"name\":\"Competencia de RoboCup Junior 2023\"}]},{\"@type\":\"WebSite\",\"@id\":\"https:\\\/\\\/r9.ieee.org\\\/peru-ras\\\/#website\",\"url\":\"https:\\\/\\\/r9.ieee.org\\\/peru-ras\\\/\",\"name\":\"RAS PER\u00da\",\"description\":\"\",\"publisher\":{\"@id\":\"https:\\\/\\\/r9.ieee.org\\\/peru-ras\\\/#organization\"},\"potentialAction\":[{\"@type\":\"SearchAction\",\"target\":{\"@type\":\"EntryPoint\",\"urlTemplate\":\"https:\\\/\\\/r9.ieee.org\\\/peru-ras\\\/?s={search_term_string}\"},\"query-input\":{\"@type\":\"PropertyValueSpecification\",\"valueRequired\":true,\"valueName\":\"search_term_string\"}}],\"inLanguage\":\"es\"},{\"@type\":\"Organization\",\"@id\":\"https:\\\/\\\/r9.ieee.org\\\/peru-ras\\\/#organization\",\"name\":\"RAS PER\u00da\",\"url\":\"https:\\\/\\\/r9.ieee.org\\\/peru-ras\\\/\",\"logo\":{\"@type\":\"ImageObject\",\"inLanguage\":\"es\",\"@id\":\"https:\\\/\\\/r9.ieee.org\\\/peru-ras\\\/#\\\/schema\\\/logo\\\/image\\\/\",\"url\":\"https:\\\/\\\/r9.ieee.org\\\/peru-ras\\\/wp-content\\\/uploads\\\/sites\\\/81\\\/FUENTE_RAS.png\",\"contentUrl\":\"https:\\\/\\\/r9.ieee.org\\\/peru-ras\\\/wp-content\\\/uploads\\\/sites\\\/81\\\/FUENTE_RAS.png\",\"width\":1488,\"height\":290,\"caption\":\"RAS PER\u00da\"},\"image\":{\"@id\":\"https:\\\/\\\/r9.ieee.org\\\/peru-ras\\\/#\\\/schema\\\/logo\\\/image\\\/\"},\"sameAs\":[\"https:\\\/\\\/www.facebook.com\\\/ieeerasperu\\\/\",\"https:\\\/\\\/instagram.com\\\/ieee.ras.peru\"]},{\"@type\":\"Person\",\"@id\":\"https:\\\/\\\/r9.ieee.org\\\/peru-ras\\\/#\\\/schema\\\/person\\\/fc0f0f20ae1e64c90b20597e37c85068\",\"name\":\"Admin\",\"image\":{\"@type\":\"ImageObject\",\"inLanguage\":\"es\",\"@id\":\"https:\\\/\\\/secure.gravatar.com\\\/avatar\\\/08f98506609de4e7274325db0c096a81263ba063b38c74adde9599b6e4965750?s=96&d=mm&r=g\",\"url\":\"https:\\\/\\\/secure.gravatar.com\\\/avatar\\\/08f98506609de4e7274325db0c096a81263ba063b38c74adde9599b6e4965750?s=96&d=mm&r=g\",\"contentUrl\":\"https:\\\/\\\/secure.gravatar.com\\\/avatar\\\/08f98506609de4e7274325db0c096a81263ba063b38c74adde9599b6e4965750?s=96&d=mm&r=g\",\"caption\":\"Admin\"},\"url\":\"https:\\\/\\\/r9.ieee.org\\\/peru-ras\\\/author\\\/carlosninaochoa\\\/\"}]}<\/script>\n<!-- \/ Yoast SEO plugin. -->","yoast_head_json":{"title":"Competencia de RoboCup Junior 2023 - RAS PER\u00da","description":"RoboCup Junior ofrece a estudiantes de todas las edades la oportunidad de mostrar su creatividad, habilidades t\u00e9cnicas y esp\u00edritu competitivo en una variedad de desaf\u00edos rob\u00f3ticos emocionantes.","robots":{"index":"index","follow":"follow","max-snippet":"max-snippet:-1","max-image-preview":"max-image-preview:large","max-video-preview":"max-video-preview:-1"},"canonical":"https:\/\/r9.ieee.org\/peru-ras\/uncategorized\/competencia-de-robocup-junior-2023\/","og_locale":"es_ES","og_type":"article","og_title":"Competencia de RoboCup Junior 2023 - RAS PER\u00da","og_description":"RoboCup Junior ofrece a estudiantes de todas las edades la oportunidad de mostrar su creatividad, habilidades t\u00e9cnicas y esp\u00edritu competitivo en una variedad de desaf\u00edos rob\u00f3ticos emocionantes.","og_url":"https:\/\/r9.ieee.org\/peru-ras\/uncategorized\/competencia-de-robocup-junior-2023\/","og_site_name":"RAS PER\u00da","article_publisher":"https:\/\/www.facebook.com\/ieeerasperu\/","article_published_time":"2023-09-28T20:53:26+00:00","article_modified_time":"2023-09-30T22:26:56+00:00","og_image":[{"url":"https:\/\/r9.ieee.org\/peru-ras\/wp-content\/uploads\/sites\/81\/Flyers-RobocupJunior-1-1.png","type":"","width":"","height":""}],"author":"Admin","twitter_card":"summary_large_image","twitter_misc":{"Escrito por":"Admin","Tiempo de lectura":"1 minuto"},"schema":{"@context":"https:\/\/schema.org","@graph":[{"@type":"Article","@id":"https:\/\/r9.ieee.org\/peru-ras\/uncategorized\/competencia-de-robocup-junior-2023\/#article","isPartOf":{"@id":"https:\/\/r9.ieee.org\/peru-ras\/uncategorized\/competencia-de-robocup-junior-2023\/"},"author":{"name":"Admin","@id":"https:\/\/r9.ieee.org\/peru-ras\/#\/schema\/person\/fc0f0f20ae1e64c90b20597e37c85068"},"headline":"Competencia de RoboCup Junior 2023","datePublished":"2023-09-28T20:53:26+00:00","dateModified":"2023-09-30T22:26:56+00:00","mainEntityOfPage":{"@id":"https:\/\/r9.ieee.org\/peru-ras\/uncategorized\/competencia-de-robocup-junior-2023\/"},"wordCount":152,"publisher":{"@id":"https:\/\/r9.ieee.org\/peru-ras\/#organization"},"image":{"@id":"https:\/\/r9.ieee.org\/peru-ras\/uncategorized\/competencia-de-robocup-junior-2023\/#primaryimage"},"thumbnailUrl":"https:\/\/r9.ieee.org\/peru-ras\/wp-content\/uploads\/sites\/81\/Flyers-RobocupJunior-1-1.png","articleSection":["Uncategorized"],"inLanguage":"es"},{"@type":"WebPage","@id":"https:\/\/r9.ieee.org\/peru-ras\/uncategorized\/competencia-de-robocup-junior-2023\/","url":"https:\/\/r9.ieee.org\/peru-ras\/uncategorized\/competencia-de-robocup-junior-2023\/","name":"Competencia de RoboCup Junior 2023 - RAS PER\u00da","isPartOf":{"@id":"https:\/\/r9.ieee.org\/peru-ras\/#website"},"primaryImageOfPage":{"@id":"https:\/\/r9.ieee.org\/peru-ras\/uncategorized\/competencia-de-robocup-junior-2023\/#primaryimage"},"image":{"@id":"https:\/\/r9.ieee.org\/peru-ras\/uncategorized\/competencia-de-robocup-junior-2023\/#primaryimage"},"thumbnailUrl":"https:\/\/r9.ieee.org\/peru-ras\/wp-content\/uploads\/sites\/81\/Flyers-RobocupJunior-1-1.png","datePublished":"2023-09-28T20:53:26+00:00","dateModified":"2023-09-30T22:26:56+00:00","description":"RoboCup Junior ofrece a estudiantes de todas las edades la oportunidad de mostrar su creatividad, habilidades t\u00e9cnicas y esp\u00edritu competitivo en una variedad de desaf\u00edos rob\u00f3ticos emocionantes.","breadcrumb":{"@id":"https:\/\/r9.ieee.org\/peru-ras\/uncategorized\/competencia-de-robocup-junior-2023\/#breadcrumb"},"inLanguage":"es","potentialAction":[{"@type":"ReadAction","target":["https:\/\/r9.ieee.org\/peru-ras\/uncategorized\/competencia-de-robocup-junior-2023\/"]}]},{"@type":"ImageObject","inLanguage":"es","@id":"https:\/\/r9.ieee.org\/peru-ras\/uncategorized\/competencia-de-robocup-junior-2023\/#primaryimage","url":"https:\/\/r9.ieee.org\/peru-ras\/wp-content\/uploads\/sites\/81\/Flyers-RobocupJunior-1-1.png","contentUrl":"https:\/\/r9.ieee.org\/peru-ras\/wp-content\/uploads\/sites\/81\/Flyers-RobocupJunior-1-1.png","width":940,"height":788},{"@type":"BreadcrumbList","@id":"https:\/\/r9.ieee.org\/peru-ras\/uncategorized\/competencia-de-robocup-junior-2023\/#breadcrumb","itemListElement":[{"@type":"ListItem","position":1,"name":"Home","item":"https:\/\/r9.ieee.org\/peru-ras\/"},{"@type":"ListItem","position":2,"name":"Competencia de RoboCup Junior 2023"}]},{"@type":"WebSite","@id":"https:\/\/r9.ieee.org\/peru-ras\/#website","url":"https:\/\/r9.ieee.org\/peru-ras\/","name":"RAS PER\u00da","description":"","publisher":{"@id":"https:\/\/r9.ieee.org\/peru-ras\/#organization"},"potentialAction":[{"@type":"SearchAction","target":{"@type":"EntryPoint","urlTemplate":"https:\/\/r9.ieee.org\/peru-ras\/?s={search_term_string}"},"query-input":{"@type":"PropertyValueSpecification","valueRequired":true,"valueName":"search_term_string"}}],"inLanguage":"es"},{"@type":"Organization","@id":"https:\/\/r9.ieee.org\/peru-ras\/#organization","name":"RAS PER\u00da","url":"https:\/\/r9.ieee.org\/peru-ras\/","logo":{"@type":"ImageObject","inLanguage":"es","@id":"https:\/\/r9.ieee.org\/peru-ras\/#\/schema\/logo\/image\/","url":"https:\/\/r9.ieee.org\/peru-ras\/wp-content\/uploads\/sites\/81\/FUENTE_RAS.png","contentUrl":"https:\/\/r9.ieee.org\/peru-ras\/wp-content\/uploads\/sites\/81\/FUENTE_RAS.png","width":1488,"height":290,"caption":"RAS PER\u00da"},"image":{"@id":"https:\/\/r9.ieee.org\/peru-ras\/#\/schema\/logo\/image\/"},"sameAs":["https:\/\/www.facebook.com\/ieeerasperu\/","https:\/\/instagram.com\/ieee.ras.peru"]},{"@type":"Person","@id":"https:\/\/r9.ieee.org\/peru-ras\/#\/schema\/person\/fc0f0f20ae1e64c90b20597e37c85068","name":"Admin","image":{"@type":"ImageObject","inLanguage":"es","@id":"https:\/\/secure.gravatar.com\/avatar\/08f98506609de4e7274325db0c096a81263ba063b38c74adde9599b6e4965750?s=96&d=mm&r=g","url":"https:\/\/secure.gravatar.com\/avatar\/08f98506609de4e7274325db0c096a81263ba063b38c74adde9599b6e4965750?s=96&d=mm&r=g","contentUrl":"https:\/\/secure.gravatar.com\/avatar\/08f98506609de4e7274325db0c096a81263ba063b38c74adde9599b6e4965750?s=96&d=mm&r=g","caption":"Admin"},"url":"https:\/\/r9.ieee.org\/peru-ras\/author\/carlosninaochoa\/"}]}},"_links":{"self":[{"href":"https:\/\/r9.ieee.org\/peru-ras\/wp-json\/wp\/v2\/posts\/863","targetHints":{"allow":["GET"]}}],"collection":[{"href":"https:\/\/r9.ieee.org\/peru-ras\/wp-json\/wp\/v2\/posts"}],"about":[{"href":"https:\/\/r9.ieee.org\/peru-ras\/wp-json\/wp\/v2\/types\/post"}],"author":[{"embeddable":true,"href":"https:\/\/r9.ieee.org\/peru-ras\/wp-json\/wp\/v2\/users\/163"}],"replies":[{"embeddable":true,"href":"https:\/\/r9.ieee.org\/peru-ras\/wp-json\/wp\/v2\/comments?post=863"}],"version-history":[{"count":0,"href":"https:\/\/r9.ieee.org\/peru-ras\/wp-json\/wp\/v2\/posts\/863\/revisions"}],"wp:attachment":[{"href":"https:\/\/r9.ieee.org\/peru-ras\/wp-json\/wp\/v2\/media?parent=863"}],"wp:term":[{"taxonomy":"category","embeddable":true,"href":"https:\/\/r9.ieee.org\/peru-ras\/wp-json\/wp\/v2\/categories?post=863"},{"taxonomy":"post_tag","embeddable":true,"href":"https:\/\/r9.ieee.org\/peru-ras\/wp-json\/wp\/v2\/tags?post=863"}],"curies":[{"name":"wp","href":"https:\/\/api.w.org\/{rel}","templated":true}]}},{"id":860,"date":"2023-09-27T13:57:21","date_gmt":"2023-09-27T18:57:21","guid":{"rendered":"https:\/\/r9.ieee.org\/peru-ras\/?p=860"},"modified":"2023-09-30T17:25:08","modified_gmt":"2023-09-30T22:25:08","slug":"intercon-2023","status":"publish","type":"post","link":"https:\/\/r9.ieee.org\/peru-ras\/uncategorized\/intercon-2023\/","title":{"rendered":"Competencia de Obst\u00e1culos para Minihumanoides &#8211; INTERCON 2023"},"content":{"rendered":"<p>\ud83d\udca5 \u00a1Desaf\u00eda tus habilidades en rob\u00f3tica en la Competencia de Obst\u00e1culos para Minihumanoides en INTERCON 2023! \ud83e\udd16\ud83e\uddbe<\/p>\n<p>Demuestra tu destreza en el campo de la rob\u00f3tica en este emocionante evento.<\/p>\n<p>\ud83c\udf1f \u00a1Habr\u00e1 premios en efectivo y reconocimientos para los ganadores que no querr\u00e1s perderte!\u00bb<\/p>\n<p>\u00a1No dejes pasar esta oportunidad de formar parte de una experiencia \u00fanica en rob\u00f3tica! \u00a1Reg\u00edstrate hoy mismo! \ud83d\udc47\ud83c\udffb<br \/>\n\u2705 forms.gle\/hXMn5HCtNMP94FZm8 \ud83e\udd16\ud83d\ude4c\ud83c\udffb<\/p>\n<p>\ud83d\udca5 \ud83d\uddd3\ufe0f Fecha l\u00edmite de inscripci\u00f3n: 22 de octubre. \ud83e\udd16 \ud83d\udca5<\/p>\n<p>Adem\u00e1s, si deseas aprender a construir tu propio robot minihumanoide desde cero, te ofrecemos un curso exclusivo que te permitir\u00e1 certificar tu robot:<br \/>\n\u2705 roboticslab.pe\/cursos\/construye-tu-robot-minihumanoide-desde-cero\/<\/p>\n<p><img loading=\"lazy\" decoding=\"async\" class=\"alignnone size-full wp-image-871\" src=\"https:\/\/r9.ieee.org\/peru-ras\/wp-content\/uploads\/sites\/81\/Flyers-Intercon2023.png\" alt=\"\" width=\"940\" height=\"788\" srcset=\"https:\/\/r9.ieee.org\/peru-ras\/wp-content\/uploads\/sites\/81\/\/Flyers-Intercon2023.png 940w, https:\/\/r9.ieee.org\/peru-ras\/wp-content\/uploads\/sites\/81\/\/Flyers-Intercon2023-332x278.png 332w, https:\/\/r9.ieee.org\/peru-ras\/wp-content\/uploads\/sites\/81\/\/Flyers-Intercon2023-768x644.png 768w\" sizes=\"auto, (max-width: 940px) 100vw, 940px\" \/><\/p>\n","protected":false},"excerpt":{"rendered":"<p>\ud83d\udca5 \u00a1Desaf\u00eda tus habilidades en rob\u00f3tica en la Competencia de Obst\u00e1culos para Minihumanoides en INTERCON 2023! \ud83e\udd16\ud83e\uddbe Demuestra tu destreza en el campo de la rob\u00f3tica en este emocionante evento. [&hellip;]<\/p>\n","protected":false},"author":163,"featured_media":0,"comment_status":"closed","ping_status":"closed","sticky":false,"template":"","format":"standard","meta":{"footnotes":""},"categories":[1],"tags":[],"class_list":["post-860","post","type-post","status-publish","format-standard","hentry","category-uncategorized"],"yoast_head":"<!-- This site is optimized with the Yoast SEO plugin v27.5 - https:\/\/yoast.com\/product\/yoast-seo-wordpress\/ -->\n<title>Competencia de Obst\u00e1culos para Minihumanoides - INTERCON 2023 - RAS PER\u00da<\/title>\n<meta name=\"description\" content=\"\u00a1Desaf\u00eda tus habilidades en rob\u00f3tica en la Competencia de Obst\u00e1culos para Mini humanoides en INTERCON 2023!\" \/>\n<meta name=\"robots\" content=\"index, follow, max-snippet:-1, max-image-preview:large, max-video-preview:-1\" \/>\n<link rel=\"canonical\" href=\"https:\/\/r9.ieee.org\/peru-ras\/uncategorized\/intercon-2023\/\" \/>\n<meta property=\"og:locale\" content=\"es_ES\" \/>\n<meta property=\"og:type\" content=\"article\" \/>\n<meta property=\"og:title\" content=\"Competencia de Obst\u00e1culos para Minihumanoides - INTERCON 2023 - RAS PER\u00da\" \/>\n<meta property=\"og:description\" content=\"\u00a1Desaf\u00eda tus habilidades en rob\u00f3tica en la Competencia de Obst\u00e1culos para Mini humanoides en INTERCON 2023!\" \/>\n<meta property=\"og:url\" content=\"https:\/\/r9.ieee.org\/peru-ras\/uncategorized\/intercon-2023\/\" \/>\n<meta property=\"og:site_name\" content=\"RAS PER\u00da\" \/>\n<meta property=\"article:publisher\" content=\"https:\/\/www.facebook.com\/ieeerasperu\/\" \/>\n<meta property=\"article:published_time\" content=\"2023-09-27T18:57:21+00:00\" \/>\n<meta property=\"article:modified_time\" content=\"2023-09-30T22:25:08+00:00\" \/>\n<meta property=\"og:image\" content=\"https:\/\/r9.ieee.org\/peru-ras\/wp-content\/uploads\/sites\/81\/Flyers-Intercon2023.png\" \/>\n<meta name=\"author\" content=\"Admin\" \/>\n<meta name=\"twitter:card\" content=\"summary_large_image\" \/>\n<meta name=\"twitter:label1\" content=\"Escrito por\" \/>\n\t<meta name=\"twitter:data1\" content=\"Admin\" \/>\n\t<meta name=\"twitter:label2\" content=\"Tiempo de lectura\" \/>\n\t<meta name=\"twitter:data2\" content=\"1 minuto\" \/>\n<script type=\"application\/ld+json\" class=\"yoast-schema-graph\">{\"@context\":\"https:\\\/\\\/schema.org\",\"@graph\":[{\"@type\":\"Article\",\"@id\":\"https:\\\/\\\/r9.ieee.org\\\/peru-ras\\\/uncategorized\\\/intercon-2023\\\/#article\",\"isPartOf\":{\"@id\":\"https:\\\/\\\/r9.ieee.org\\\/peru-ras\\\/uncategorized\\\/intercon-2023\\\/\"},\"author\":{\"name\":\"Admin\",\"@id\":\"https:\\\/\\\/r9.ieee.org\\\/peru-ras\\\/#\\\/schema\\\/person\\\/fc0f0f20ae1e64c90b20597e37c85068\"},\"headline\":\"Competencia de Obst\u00e1culos para Minihumanoides &#8211; INTERCON 2023\",\"datePublished\":\"2023-09-27T18:57:21+00:00\",\"dateModified\":\"2023-09-30T22:25:08+00:00\",\"mainEntityOfPage\":{\"@id\":\"https:\\\/\\\/r9.ieee.org\\\/peru-ras\\\/uncategorized\\\/intercon-2023\\\/\"},\"wordCount\":113,\"publisher\":{\"@id\":\"https:\\\/\\\/r9.ieee.org\\\/peru-ras\\\/#organization\"},\"image\":{\"@id\":\"https:\\\/\\\/r9.ieee.org\\\/peru-ras\\\/uncategorized\\\/intercon-2023\\\/#primaryimage\"},\"thumbnailUrl\":\"https:\\\/\\\/r9.ieee.org\\\/peru-ras\\\/wp-content\\\/uploads\\\/sites\\\/81\\\/Flyers-Intercon2023.png\",\"articleSection\":[\"Uncategorized\"],\"inLanguage\":\"es\"},{\"@type\":\"WebPage\",\"@id\":\"https:\\\/\\\/r9.ieee.org\\\/peru-ras\\\/uncategorized\\\/intercon-2023\\\/\",\"url\":\"https:\\\/\\\/r9.ieee.org\\\/peru-ras\\\/uncategorized\\\/intercon-2023\\\/\",\"name\":\"Competencia de Obst\u00e1culos para Minihumanoides - INTERCON 2023 - RAS PER\u00da\",\"isPartOf\":{\"@id\":\"https:\\\/\\\/r9.ieee.org\\\/peru-ras\\\/#website\"},\"primaryImageOfPage\":{\"@id\":\"https:\\\/\\\/r9.ieee.org\\\/peru-ras\\\/uncategorized\\\/intercon-2023\\\/#primaryimage\"},\"image\":{\"@id\":\"https:\\\/\\\/r9.ieee.org\\\/peru-ras\\\/uncategorized\\\/intercon-2023\\\/#primaryimage\"},\"thumbnailUrl\":\"https:\\\/\\\/r9.ieee.org\\\/peru-ras\\\/wp-content\\\/uploads\\\/sites\\\/81\\\/Flyers-Intercon2023.png\",\"datePublished\":\"2023-09-27T18:57:21+00:00\",\"dateModified\":\"2023-09-30T22:25:08+00:00\",\"description\":\"\u00a1Desaf\u00eda tus habilidades en rob\u00f3tica en la Competencia de Obst\u00e1culos para Mini humanoides en INTERCON 2023!\",\"breadcrumb\":{\"@id\":\"https:\\\/\\\/r9.ieee.org\\\/peru-ras\\\/uncategorized\\\/intercon-2023\\\/#breadcrumb\"},\"inLanguage\":\"es\",\"potentialAction\":[{\"@type\":\"ReadAction\",\"target\":[\"https:\\\/\\\/r9.ieee.org\\\/peru-ras\\\/uncategorized\\\/intercon-2023\\\/\"]}]},{\"@type\":\"ImageObject\",\"inLanguage\":\"es\",\"@id\":\"https:\\\/\\\/r9.ieee.org\\\/peru-ras\\\/uncategorized\\\/intercon-2023\\\/#primaryimage\",\"url\":\"https:\\\/\\\/r9.ieee.org\\\/peru-ras\\\/wp-content\\\/uploads\\\/sites\\\/81\\\/Flyers-Intercon2023.png\",\"contentUrl\":\"https:\\\/\\\/r9.ieee.org\\\/peru-ras\\\/wp-content\\\/uploads\\\/sites\\\/81\\\/Flyers-Intercon2023.png\",\"width\":940,\"height\":788},{\"@type\":\"BreadcrumbList\",\"@id\":\"https:\\\/\\\/r9.ieee.org\\\/peru-ras\\\/uncategorized\\\/intercon-2023\\\/#breadcrumb\",\"itemListElement\":[{\"@type\":\"ListItem\",\"position\":1,\"name\":\"Home\",\"item\":\"https:\\\/\\\/r9.ieee.org\\\/peru-ras\\\/\"},{\"@type\":\"ListItem\",\"position\":2,\"name\":\"Competencia de Obst\u00e1culos para Minihumanoides &#8211; INTERCON 2023\"}]},{\"@type\":\"WebSite\",\"@id\":\"https:\\\/\\\/r9.ieee.org\\\/peru-ras\\\/#website\",\"url\":\"https:\\\/\\\/r9.ieee.org\\\/peru-ras\\\/\",\"name\":\"RAS PER\u00da\",\"description\":\"\",\"publisher\":{\"@id\":\"https:\\\/\\\/r9.ieee.org\\\/peru-ras\\\/#organization\"},\"potentialAction\":[{\"@type\":\"SearchAction\",\"target\":{\"@type\":\"EntryPoint\",\"urlTemplate\":\"https:\\\/\\\/r9.ieee.org\\\/peru-ras\\\/?s={search_term_string}\"},\"query-input\":{\"@type\":\"PropertyValueSpecification\",\"valueRequired\":true,\"valueName\":\"search_term_string\"}}],\"inLanguage\":\"es\"},{\"@type\":\"Organization\",\"@id\":\"https:\\\/\\\/r9.ieee.org\\\/peru-ras\\\/#organization\",\"name\":\"RAS PER\u00da\",\"url\":\"https:\\\/\\\/r9.ieee.org\\\/peru-ras\\\/\",\"logo\":{\"@type\":\"ImageObject\",\"inLanguage\":\"es\",\"@id\":\"https:\\\/\\\/r9.ieee.org\\\/peru-ras\\\/#\\\/schema\\\/logo\\\/image\\\/\",\"url\":\"https:\\\/\\\/r9.ieee.org\\\/peru-ras\\\/wp-content\\\/uploads\\\/sites\\\/81\\\/FUENTE_RAS.png\",\"contentUrl\":\"https:\\\/\\\/r9.ieee.org\\\/peru-ras\\\/wp-content\\\/uploads\\\/sites\\\/81\\\/FUENTE_RAS.png\",\"width\":1488,\"height\":290,\"caption\":\"RAS PER\u00da\"},\"image\":{\"@id\":\"https:\\\/\\\/r9.ieee.org\\\/peru-ras\\\/#\\\/schema\\\/logo\\\/image\\\/\"},\"sameAs\":[\"https:\\\/\\\/www.facebook.com\\\/ieeerasperu\\\/\",\"https:\\\/\\\/instagram.com\\\/ieee.ras.peru\"]},{\"@type\":\"Person\",\"@id\":\"https:\\\/\\\/r9.ieee.org\\\/peru-ras\\\/#\\\/schema\\\/person\\\/fc0f0f20ae1e64c90b20597e37c85068\",\"name\":\"Admin\",\"image\":{\"@type\":\"ImageObject\",\"inLanguage\":\"es\",\"@id\":\"https:\\\/\\\/secure.gravatar.com\\\/avatar\\\/08f98506609de4e7274325db0c096a81263ba063b38c74adde9599b6e4965750?s=96&d=mm&r=g\",\"url\":\"https:\\\/\\\/secure.gravatar.com\\\/avatar\\\/08f98506609de4e7274325db0c096a81263ba063b38c74adde9599b6e4965750?s=96&d=mm&r=g\",\"contentUrl\":\"https:\\\/\\\/secure.gravatar.com\\\/avatar\\\/08f98506609de4e7274325db0c096a81263ba063b38c74adde9599b6e4965750?s=96&d=mm&r=g\",\"caption\":\"Admin\"},\"url\":\"https:\\\/\\\/r9.ieee.org\\\/peru-ras\\\/author\\\/carlosninaochoa\\\/\"}]}<\/script>\n<!-- \/ Yoast SEO plugin. -->","yoast_head_json":{"title":"Competencia de Obst\u00e1culos para Minihumanoides - INTERCON 2023 - RAS PER\u00da","description":"\u00a1Desaf\u00eda tus habilidades en rob\u00f3tica en la Competencia de Obst\u00e1culos para Mini humanoides en INTERCON 2023!","robots":{"index":"index","follow":"follow","max-snippet":"max-snippet:-1","max-image-preview":"max-image-preview:large","max-video-preview":"max-video-preview:-1"},"canonical":"https:\/\/r9.ieee.org\/peru-ras\/uncategorized\/intercon-2023\/","og_locale":"es_ES","og_type":"article","og_title":"Competencia de Obst\u00e1culos para Minihumanoides - INTERCON 2023 - RAS PER\u00da","og_description":"\u00a1Desaf\u00eda tus habilidades en rob\u00f3tica en la Competencia de Obst\u00e1culos para Mini humanoides en INTERCON 2023!","og_url":"https:\/\/r9.ieee.org\/peru-ras\/uncategorized\/intercon-2023\/","og_site_name":"RAS PER\u00da","article_publisher":"https:\/\/www.facebook.com\/ieeerasperu\/","article_published_time":"2023-09-27T18:57:21+00:00","article_modified_time":"2023-09-30T22:25:08+00:00","og_image":[{"url":"https:\/\/r9.ieee.org\/peru-ras\/wp-content\/uploads\/sites\/81\/Flyers-Intercon2023.png","type":"","width":"","height":""}],"author":"Admin","twitter_card":"summary_large_image","twitter_misc":{"Escrito por":"Admin","Tiempo de lectura":"1 minuto"},"schema":{"@context":"https:\/\/schema.org","@graph":[{"@type":"Article","@id":"https:\/\/r9.ieee.org\/peru-ras\/uncategorized\/intercon-2023\/#article","isPartOf":{"@id":"https:\/\/r9.ieee.org\/peru-ras\/uncategorized\/intercon-2023\/"},"author":{"name":"Admin","@id":"https:\/\/r9.ieee.org\/peru-ras\/#\/schema\/person\/fc0f0f20ae1e64c90b20597e37c85068"},"headline":"Competencia de Obst\u00e1culos para Minihumanoides &#8211; INTERCON 2023","datePublished":"2023-09-27T18:57:21+00:00","dateModified":"2023-09-30T22:25:08+00:00","mainEntityOfPage":{"@id":"https:\/\/r9.ieee.org\/peru-ras\/uncategorized\/intercon-2023\/"},"wordCount":113,"publisher":{"@id":"https:\/\/r9.ieee.org\/peru-ras\/#organization"},"image":{"@id":"https:\/\/r9.ieee.org\/peru-ras\/uncategorized\/intercon-2023\/#primaryimage"},"thumbnailUrl":"https:\/\/r9.ieee.org\/peru-ras\/wp-content\/uploads\/sites\/81\/Flyers-Intercon2023.png","articleSection":["Uncategorized"],"inLanguage":"es"},{"@type":"WebPage","@id":"https:\/\/r9.ieee.org\/peru-ras\/uncategorized\/intercon-2023\/","url":"https:\/\/r9.ieee.org\/peru-ras\/uncategorized\/intercon-2023\/","name":"Competencia de Obst\u00e1culos para Minihumanoides - INTERCON 2023 - RAS PER\u00da","isPartOf":{"@id":"https:\/\/r9.ieee.org\/peru-ras\/#website"},"primaryImageOfPage":{"@id":"https:\/\/r9.ieee.org\/peru-ras\/uncategorized\/intercon-2023\/#primaryimage"},"image":{"@id":"https:\/\/r9.ieee.org\/peru-ras\/uncategorized\/intercon-2023\/#primaryimage"},"thumbnailUrl":"https:\/\/r9.ieee.org\/peru-ras\/wp-content\/uploads\/sites\/81\/Flyers-Intercon2023.png","datePublished":"2023-09-27T18:57:21+00:00","dateModified":"2023-09-30T22:25:08+00:00","description":"\u00a1Desaf\u00eda tus habilidades en rob\u00f3tica en la Competencia de Obst\u00e1culos para Mini humanoides en INTERCON 2023!","breadcrumb":{"@id":"https:\/\/r9.ieee.org\/peru-ras\/uncategorized\/intercon-2023\/#breadcrumb"},"inLanguage":"es","potentialAction":[{"@type":"ReadAction","target":["https:\/\/r9.ieee.org\/peru-ras\/uncategorized\/intercon-2023\/"]}]},{"@type":"ImageObject","inLanguage":"es","@id":"https:\/\/r9.ieee.org\/peru-ras\/uncategorized\/intercon-2023\/#primaryimage","url":"https:\/\/r9.ieee.org\/peru-ras\/wp-content\/uploads\/sites\/81\/Flyers-Intercon2023.png","contentUrl":"https:\/\/r9.ieee.org\/peru-ras\/wp-content\/uploads\/sites\/81\/Flyers-Intercon2023.png","width":940,"height":788},{"@type":"BreadcrumbList","@id":"https:\/\/r9.ieee.org\/peru-ras\/uncategorized\/intercon-2023\/#breadcrumb","itemListElement":[{"@type":"ListItem","position":1,"name":"Home","item":"https:\/\/r9.ieee.org\/peru-ras\/"},{"@type":"ListItem","position":2,"name":"Competencia de Obst\u00e1culos para Minihumanoides &#8211; INTERCON 2023"}]},{"@type":"WebSite","@id":"https:\/\/r9.ieee.org\/peru-ras\/#website","url":"https:\/\/r9.ieee.org\/peru-ras\/","name":"RAS PER\u00da","description":"","publisher":{"@id":"https:\/\/r9.ieee.org\/peru-ras\/#organization"},"potentialAction":[{"@type":"SearchAction","target":{"@type":"EntryPoint","urlTemplate":"https:\/\/r9.ieee.org\/peru-ras\/?s={search_term_string}"},"query-input":{"@type":"PropertyValueSpecification","valueRequired":true,"valueName":"search_term_string"}}],"inLanguage":"es"},{"@type":"Organization","@id":"https:\/\/r9.ieee.org\/peru-ras\/#organization","name":"RAS PER\u00da","url":"https:\/\/r9.ieee.org\/peru-ras\/","logo":{"@type":"ImageObject","inLanguage":"es","@id":"https:\/\/r9.ieee.org\/peru-ras\/#\/schema\/logo\/image\/","url":"https:\/\/r9.ieee.org\/peru-ras\/wp-content\/uploads\/sites\/81\/FUENTE_RAS.png","contentUrl":"https:\/\/r9.ieee.org\/peru-ras\/wp-content\/uploads\/sites\/81\/FUENTE_RAS.png","width":1488,"height":290,"caption":"RAS PER\u00da"},"image":{"@id":"https:\/\/r9.ieee.org\/peru-ras\/#\/schema\/logo\/image\/"},"sameAs":["https:\/\/www.facebook.com\/ieeerasperu\/","https:\/\/instagram.com\/ieee.ras.peru"]},{"@type":"Person","@id":"https:\/\/r9.ieee.org\/peru-ras\/#\/schema\/person\/fc0f0f20ae1e64c90b20597e37c85068","name":"Admin","image":{"@type":"ImageObject","inLanguage":"es","@id":"https:\/\/secure.gravatar.com\/avatar\/08f98506609de4e7274325db0c096a81263ba063b38c74adde9599b6e4965750?s=96&d=mm&r=g","url":"https:\/\/secure.gravatar.com\/avatar\/08f98506609de4e7274325db0c096a81263ba063b38c74adde9599b6e4965750?s=96&d=mm&r=g","contentUrl":"https:\/\/secure.gravatar.com\/avatar\/08f98506609de4e7274325db0c096a81263ba063b38c74adde9599b6e4965750?s=96&d=mm&r=g","caption":"Admin"},"url":"https:\/\/r9.ieee.org\/peru-ras\/author\/carlosninaochoa\/"}]}},"_links":{"self":[{"href":"https:\/\/r9.ieee.org\/peru-ras\/wp-json\/wp\/v2\/posts\/860","targetHints":{"allow":["GET"]}}],"collection":[{"href":"https:\/\/r9.ieee.org\/peru-ras\/wp-json\/wp\/v2\/posts"}],"about":[{"href":"https:\/\/r9.ieee.org\/peru-ras\/wp-json\/wp\/v2\/types\/post"}],"author":[{"embeddable":true,"href":"https:\/\/r9.ieee.org\/peru-ras\/wp-json\/wp\/v2\/users\/163"}],"replies":[{"embeddable":true,"href":"https:\/\/r9.ieee.org\/peru-ras\/wp-json\/wp\/v2\/comments?post=860"}],"version-history":[{"count":0,"href":"https:\/\/r9.ieee.org\/peru-ras\/wp-json\/wp\/v2\/posts\/860\/revisions"}],"wp:attachment":[{"href":"https:\/\/r9.ieee.org\/peru-ras\/wp-json\/wp\/v2\/media?parent=860"}],"wp:term":[{"taxonomy":"category","embeddable":true,"href":"https:\/\/r9.ieee.org\/peru-ras\/wp-json\/wp\/v2\/categories?post=860"},{"taxonomy":"post_tag","embeddable":true,"href":"https:\/\/r9.ieee.org\/peru-ras\/wp-json\/wp\/v2\/tags?post=860"}],"curies":[{"name":"wp","href":"https:\/\/api.w.org\/{rel}","templated":true}]}},{"id":832,"date":"2023-08-29T11:08:48","date_gmt":"2023-08-29T16:08:48","guid":{"rendered":"https:\/\/r9.ieee.org\/peru-ras\/?p=832"},"modified":"2023-08-29T11:19:35","modified_gmt":"2023-08-29T16:19:35","slug":"la-perspectiva-de-la-robotica-competitiva-en-el-peru","status":"publish","type":"post","link":"https:\/\/r9.ieee.org\/peru-ras\/noticias\/la-perspectiva-de-la-robotica-competitiva-en-el-peru\/","title":{"rendered":"La Perspectiva de la Rob\u00f3tica Competitiva en el Per\u00fa"},"content":{"rendered":"<div class=\"wpb-content-wrapper\"><p>[vc_row][vc_column][vc_single_image image=\u00bb835&#8243; img_size=\u00bblarge\u00bb][vc_column_text]<em>Entrevista a Carlos Otiniano No\u00e9, secretario de IEEE RAS PER\u00da.<\/em><\/p>\n<p>\u201cMi pasi\u00f3n por la rob\u00f3tica inicio como la mayor\u00eda me parece que vi en la TV por CNN una entrevista que hicieron sobre el concurso en la UNI de las batallas de robots. Entonces, eso motivo a muchos y a m\u00ed, en mi caso sobre los robots de pelea. Dentro de mi expertiz yo conozco los robots de batalla, antiguamente 32 kilogramos (los primeros), luego 120 libras que se mantienen hasta la actualidad. Tambi\u00e9n he desarrollado proyectos como sumo y soccer. Bueno, del a\u00f1o 2007 hasta el 2015 de alguna manera he estado participando y dentro de ello he obtenido los primeros lugares en los concursos nacionales de INTERCON, CONEIMERA, CANTUROBOT, COINTEC y en el extranjero el CER (Concurso Ecuatoriano de Rob\u00f3tica)\u201d[\/vc_column_text][vc_separator border_width=\u00bb2&#8243;][vc_column_text]<strong>\u00bfQu\u00e9 es la rob\u00f3tica competitiva para usted?<\/strong><\/p>\n<p>Una competencia rob\u00f3tica es un evento donde los robots tienen que realizar una tarea determinada. Por lo general, compiten contra a otros robots en diferentes categor\u00edas como seguidores de l\u00ednea, laberinto, sumo, soccer y Warbots. Muchos de estos eventos se desarrollan entre estudiantes de pre-grado, con orientaci\u00f3n a nivel profesional, Los robots de competencia permiten que estudiantes de las carreras de mecatr\u00f3nica, electr\u00f3nica y ramas afines se introduzcan en el desarrollo de proyectos de ingenier\u00eda.<\/p>\n<p><strong>\u00bfCu\u00e1les son las diferencias entre la rob\u00f3tica competitiva de hace unos a\u00f1os versus actualmente en el Per\u00fa?<\/strong><\/p>\n<p>Una de las principales diferencias es que actualmente existe mayor informaci\u00f3n, componentes y recursos para ensamblar robots, comentarte que los primeros robots de competencia se ensamblaban con partes recicladas de fotocopiadoras, impresoras y perif\u00e9ricos de computadoras. Por otra parte, el nivel de exigencia es mayor, las actividades que se exigen para los robots de competencia son cada vez mayor por lo cual debemos mejorar sus algoritmos y estrategias de control.<\/p>\n<p><strong>\u00bfCu\u00e1les es su visi\u00f3n de la rob\u00f3tica competitiva peruana en el futuro o de aqu\u00ed a cinco a\u00f1os?<\/strong><\/p>\n<p>Inicialmente la rob\u00f3tica de competencia de desarrollo como una actividad acad\u00e9mica permitiendo as\u00ed que los participantes de diferentes categor\u00edas puedan mejorar constantemente y participar en eventos internacionales; o tambi\u00e9n que participantes extranjeros puedan participar con sus robots en nuestro Pa\u00eds, el Per\u00fa se convirti\u00f3 en sede de concursos en los que participaban\u00a0\u00a0 competidores de pa\u00edses como Ecuador, Paraguay, M\u00e9xico y Colombia, en eventos como por ejemplo el INTERCON. Actualmente el enfoque es otro, se busca generar espect\u00e1culo y fomentar una mayor participaci\u00f3n generando subclasificaciones de las categor\u00edas de robots con actividades menos complejas.<\/p>\n<p>Pienso que estos \u00faltimos cambios se dan porque todos pasamos un periodo de confinamiento originado por la pandemia entre los a\u00f1os 2020 al 2022 en la cual muchas categor\u00edas se suspendieron al igual que los talleres de capacitaci\u00f3n, siendo todo de modalidad virtual.<\/p>\n<p><strong>\u00bfTiene usted proyectos en proceso o futuros, en el campo de la rob\u00f3tica en general?<\/strong><\/p>\n<p>\u00daltimamente me encuentro enfocado en el desarrollo de proyectos basados en industria 4.0 aplicado a la industria, en mi tiempo libre me dedico al ensamblaje y vuelo de drones ya sea para uso comercial y drones de carrera, t\u00e9 comento que hace algunos a\u00f1os este tipo de proyectos tambi\u00e9n participaban en los concursos, pero actualmente no se desarrollan.<\/p>\n<p><strong>\u00bfC\u00f3mo motivar\u00eda usted a m\u00e1s estudiantes o profesionales a competir en esta \u00e1rea fascinante de la rob\u00f3tica?<\/strong><\/p>\n<p>Hace algunos \u00a0a\u00f1os junto a otros reboteros del Per\u00fa, formulamos la iniciativa Asociaci\u00f3n Peruana de Rob\u00f3tica que desde el 2010 fomento la difusi\u00f3n de la rob\u00f3tica de competencia mediante seminarios\u00a0 y talleres gratuitos orientados a poder competir en el extranjero, en la actualidad formo parte de la directiva del RAS PER\u00da y continuaremos con esa misma iniciativa para mejorar el nivel de competencia en nuestro pa\u00eds, ya realizamos un Webinar hace unas semanas est\u00e9n atentos que continuaremos con la difusi\u00f3n de la rob\u00f3tica de competencia en nuestro pa\u00eds.[\/vc_column_text][\/vc_column][\/vc_row]<\/p>\n<\/div>","protected":false},"excerpt":{"rendered":"<p>[vc_row][vc_column][vc_single_image image=\u00bb835&#8243; img_size=\u00bblarge\u00bb][vc_column_text]Entrevista a Carlos Otiniano No\u00e9, secretario de IEEE RAS PER\u00da. \u201cMi pasi\u00f3n por la rob\u00f3tica inicio como la mayor\u00eda me parece que vi en la TV por CNN [&hellip;]<\/p>\n","protected":false},"author":163,"featured_media":833,"comment_status":"closed","ping_status":"closed","sticky":false,"template":"","format":"standard","meta":{"footnotes":""},"categories":[8],"tags":[33,49,50,17],"class_list":["post-832","post","type-post","status-publish","format-standard","hentry","category-noticias","tag-33","tag-agosto","tag-competencia","tag-robotica"],"yoast_head":"<!-- This site is optimized with the Yoast SEO plugin v27.5 - https:\/\/yoast.com\/product\/yoast-seo-wordpress\/ -->\n<title>La Perspectiva de la Rob\u00f3tica Competitiva en el Per\u00fa - RAS PER\u00da<\/title>\n<meta name=\"robots\" content=\"index, follow, max-snippet:-1, max-image-preview:large, max-video-preview:-1\" \/>\n<link rel=\"canonical\" href=\"https:\/\/r9.ieee.org\/peru-ras\/noticias\/la-perspectiva-de-la-robotica-competitiva-en-el-peru\/\" \/>\n<meta property=\"og:locale\" content=\"es_ES\" \/>\n<meta property=\"og:type\" content=\"article\" \/>\n<meta property=\"og:title\" content=\"La Perspectiva de la Rob\u00f3tica Competitiva en el Per\u00fa - RAS PER\u00da\" \/>\n<meta property=\"og:description\" content=\"[vc_row][vc_column][vc_single_image image=\u00bb835&#8243; img_size=\u00bblarge\u00bb][vc_column_text]Entrevista a Carlos Otiniano No\u00e9, secretario de IEEE RAS PER\u00da. \u201cMi pasi\u00f3n por la rob\u00f3tica inicio como la mayor\u00eda me parece que vi en la TV por CNN [&hellip;]\" \/>\n<meta property=\"og:url\" content=\"https:\/\/r9.ieee.org\/peru-ras\/noticias\/la-perspectiva-de-la-robotica-competitiva-en-el-peru\/\" \/>\n<meta property=\"og:site_name\" content=\"RAS PER\u00da\" \/>\n<meta property=\"article:publisher\" content=\"https:\/\/www.facebook.com\/ieeerasperu\/\" \/>\n<meta property=\"article:published_time\" content=\"2023-08-29T16:08:48+00:00\" \/>\n<meta property=\"article:modified_time\" content=\"2023-08-29T16:19:35+00:00\" \/>\n<meta property=\"og:image\" content=\"https:\/\/r9.ieee.org\/peru-ras\/wp-content\/uploads\/sites\/81\/LA-PERSPECTIVA-DE-LA-ROBOTICA-COMPETITIVA-EN-EL-PERU.png\" \/>\n\t<meta property=\"og:image:width\" content=\"1640\" \/>\n\t<meta property=\"og:image:height\" content=\"924\" \/>\n\t<meta property=\"og:image:type\" content=\"image\/png\" \/>\n<meta name=\"author\" content=\"Admin\" \/>\n<meta name=\"twitter:card\" content=\"summary_large_image\" \/>\n<meta name=\"twitter:label1\" content=\"Escrito por\" \/>\n\t<meta name=\"twitter:data1\" content=\"Admin\" \/>\n\t<meta name=\"twitter:label2\" content=\"Tiempo de lectura\" \/>\n\t<meta name=\"twitter:data2\" content=\"3 minutos\" \/>\n<script type=\"application\/ld+json\" class=\"yoast-schema-graph\">{\"@context\":\"https:\\\/\\\/schema.org\",\"@graph\":[{\"@type\":\"Article\",\"@id\":\"https:\\\/\\\/r9.ieee.org\\\/peru-ras\\\/noticias\\\/la-perspectiva-de-la-robotica-competitiva-en-el-peru\\\/#article\",\"isPartOf\":{\"@id\":\"https:\\\/\\\/r9.ieee.org\\\/peru-ras\\\/noticias\\\/la-perspectiva-de-la-robotica-competitiva-en-el-peru\\\/\"},\"author\":{\"name\":\"Admin\",\"@id\":\"https:\\\/\\\/r9.ieee.org\\\/peru-ras\\\/#\\\/schema\\\/person\\\/fc0f0f20ae1e64c90b20597e37c85068\"},\"headline\":\"La Perspectiva de la Rob\u00f3tica Competitiva en el Per\u00fa\",\"datePublished\":\"2023-08-29T16:08:48+00:00\",\"dateModified\":\"2023-08-29T16:19:35+00:00\",\"mainEntityOfPage\":{\"@id\":\"https:\\\/\\\/r9.ieee.org\\\/peru-ras\\\/noticias\\\/la-perspectiva-de-la-robotica-competitiva-en-el-peru\\\/\"},\"wordCount\":719,\"publisher\":{\"@id\":\"https:\\\/\\\/r9.ieee.org\\\/peru-ras\\\/#organization\"},\"image\":{\"@id\":\"https:\\\/\\\/r9.ieee.org\\\/peru-ras\\\/noticias\\\/la-perspectiva-de-la-robotica-competitiva-en-el-peru\\\/#primaryimage\"},\"thumbnailUrl\":\"https:\\\/\\\/r9.ieee.org\\\/peru-ras\\\/wp-content\\\/uploads\\\/sites\\\/81\\\/LA-PERSPECTIVA-DE-LA-ROBOTICA-COMPETITIVA-EN-EL-PERU.png\",\"keywords\":[\"2023\",\"Agosto\",\"Competencia\",\"robotica\"],\"articleSection\":[\"Noticias\"],\"inLanguage\":\"es\"},{\"@type\":\"WebPage\",\"@id\":\"https:\\\/\\\/r9.ieee.org\\\/peru-ras\\\/noticias\\\/la-perspectiva-de-la-robotica-competitiva-en-el-peru\\\/\",\"url\":\"https:\\\/\\\/r9.ieee.org\\\/peru-ras\\\/noticias\\\/la-perspectiva-de-la-robotica-competitiva-en-el-peru\\\/\",\"name\":\"La Perspectiva de la Rob\u00f3tica Competitiva en el Per\u00fa - RAS PER\u00da\",\"isPartOf\":{\"@id\":\"https:\\\/\\\/r9.ieee.org\\\/peru-ras\\\/#website\"},\"primaryImageOfPage\":{\"@id\":\"https:\\\/\\\/r9.ieee.org\\\/peru-ras\\\/noticias\\\/la-perspectiva-de-la-robotica-competitiva-en-el-peru\\\/#primaryimage\"},\"image\":{\"@id\":\"https:\\\/\\\/r9.ieee.org\\\/peru-ras\\\/noticias\\\/la-perspectiva-de-la-robotica-competitiva-en-el-peru\\\/#primaryimage\"},\"thumbnailUrl\":\"https:\\\/\\\/r9.ieee.org\\\/peru-ras\\\/wp-content\\\/uploads\\\/sites\\\/81\\\/LA-PERSPECTIVA-DE-LA-ROBOTICA-COMPETITIVA-EN-EL-PERU.png\",\"datePublished\":\"2023-08-29T16:08:48+00:00\",\"dateModified\":\"2023-08-29T16:19:35+00:00\",\"breadcrumb\":{\"@id\":\"https:\\\/\\\/r9.ieee.org\\\/peru-ras\\\/noticias\\\/la-perspectiva-de-la-robotica-competitiva-en-el-peru\\\/#breadcrumb\"},\"inLanguage\":\"es\",\"potentialAction\":[{\"@type\":\"ReadAction\",\"target\":[\"https:\\\/\\\/r9.ieee.org\\\/peru-ras\\\/noticias\\\/la-perspectiva-de-la-robotica-competitiva-en-el-peru\\\/\"]}]},{\"@type\":\"ImageObject\",\"inLanguage\":\"es\",\"@id\":\"https:\\\/\\\/r9.ieee.org\\\/peru-ras\\\/noticias\\\/la-perspectiva-de-la-robotica-competitiva-en-el-peru\\\/#primaryimage\",\"url\":\"https:\\\/\\\/r9.ieee.org\\\/peru-ras\\\/wp-content\\\/uploads\\\/sites\\\/81\\\/LA-PERSPECTIVA-DE-LA-ROBOTICA-COMPETITIVA-EN-EL-PERU.png\",\"contentUrl\":\"https:\\\/\\\/r9.ieee.org\\\/peru-ras\\\/wp-content\\\/uploads\\\/sites\\\/81\\\/LA-PERSPECTIVA-DE-LA-ROBOTICA-COMPETITIVA-EN-EL-PERU.png\",\"width\":1640,\"height\":924},{\"@type\":\"BreadcrumbList\",\"@id\":\"https:\\\/\\\/r9.ieee.org\\\/peru-ras\\\/noticias\\\/la-perspectiva-de-la-robotica-competitiva-en-el-peru\\\/#breadcrumb\",\"itemListElement\":[{\"@type\":\"ListItem\",\"position\":1,\"name\":\"Home\",\"item\":\"https:\\\/\\\/r9.ieee.org\\\/peru-ras\\\/\"},{\"@type\":\"ListItem\",\"position\":2,\"name\":\"La Perspectiva de la Rob\u00f3tica Competitiva en el Per\u00fa\"}]},{\"@type\":\"WebSite\",\"@id\":\"https:\\\/\\\/r9.ieee.org\\\/peru-ras\\\/#website\",\"url\":\"https:\\\/\\\/r9.ieee.org\\\/peru-ras\\\/\",\"name\":\"RAS PER\u00da\",\"description\":\"\",\"publisher\":{\"@id\":\"https:\\\/\\\/r9.ieee.org\\\/peru-ras\\\/#organization\"},\"potentialAction\":[{\"@type\":\"SearchAction\",\"target\":{\"@type\":\"EntryPoint\",\"urlTemplate\":\"https:\\\/\\\/r9.ieee.org\\\/peru-ras\\\/?s={search_term_string}\"},\"query-input\":{\"@type\":\"PropertyValueSpecification\",\"valueRequired\":true,\"valueName\":\"search_term_string\"}}],\"inLanguage\":\"es\"},{\"@type\":\"Organization\",\"@id\":\"https:\\\/\\\/r9.ieee.org\\\/peru-ras\\\/#organization\",\"name\":\"RAS PER\u00da\",\"url\":\"https:\\\/\\\/r9.ieee.org\\\/peru-ras\\\/\",\"logo\":{\"@type\":\"ImageObject\",\"inLanguage\":\"es\",\"@id\":\"https:\\\/\\\/r9.ieee.org\\\/peru-ras\\\/#\\\/schema\\\/logo\\\/image\\\/\",\"url\":\"https:\\\/\\\/r9.ieee.org\\\/peru-ras\\\/wp-content\\\/uploads\\\/sites\\\/81\\\/FUENTE_RAS.png\",\"contentUrl\":\"https:\\\/\\\/r9.ieee.org\\\/peru-ras\\\/wp-content\\\/uploads\\\/sites\\\/81\\\/FUENTE_RAS.png\",\"width\":1488,\"height\":290,\"caption\":\"RAS PER\u00da\"},\"image\":{\"@id\":\"https:\\\/\\\/r9.ieee.org\\\/peru-ras\\\/#\\\/schema\\\/logo\\\/image\\\/\"},\"sameAs\":[\"https:\\\/\\\/www.facebook.com\\\/ieeerasperu\\\/\",\"https:\\\/\\\/instagram.com\\\/ieee.ras.peru\"]},{\"@type\":\"Person\",\"@id\":\"https:\\\/\\\/r9.ieee.org\\\/peru-ras\\\/#\\\/schema\\\/person\\\/fc0f0f20ae1e64c90b20597e37c85068\",\"name\":\"Admin\",\"image\":{\"@type\":\"ImageObject\",\"inLanguage\":\"es\",\"@id\":\"https:\\\/\\\/secure.gravatar.com\\\/avatar\\\/08f98506609de4e7274325db0c096a81263ba063b38c74adde9599b6e4965750?s=96&d=mm&r=g\",\"url\":\"https:\\\/\\\/secure.gravatar.com\\\/avatar\\\/08f98506609de4e7274325db0c096a81263ba063b38c74adde9599b6e4965750?s=96&d=mm&r=g\",\"contentUrl\":\"https:\\\/\\\/secure.gravatar.com\\\/avatar\\\/08f98506609de4e7274325db0c096a81263ba063b38c74adde9599b6e4965750?s=96&d=mm&r=g\",\"caption\":\"Admin\"},\"url\":\"https:\\\/\\\/r9.ieee.org\\\/peru-ras\\\/author\\\/carlosninaochoa\\\/\"}]}<\/script>\n<!-- \/ Yoast SEO plugin. -->","yoast_head_json":{"title":"La Perspectiva de la Rob\u00f3tica Competitiva en el Per\u00fa - RAS PER\u00da","robots":{"index":"index","follow":"follow","max-snippet":"max-snippet:-1","max-image-preview":"max-image-preview:large","max-video-preview":"max-video-preview:-1"},"canonical":"https:\/\/r9.ieee.org\/peru-ras\/noticias\/la-perspectiva-de-la-robotica-competitiva-en-el-peru\/","og_locale":"es_ES","og_type":"article","og_title":"La Perspectiva de la Rob\u00f3tica Competitiva en el Per\u00fa - RAS PER\u00da","og_description":"[vc_row][vc_column][vc_single_image image=\u00bb835&#8243; img_size=\u00bblarge\u00bb][vc_column_text]Entrevista a Carlos Otiniano No\u00e9, secretario de IEEE RAS PER\u00da. \u201cMi pasi\u00f3n por la rob\u00f3tica inicio como la mayor\u00eda me parece que vi en la TV por CNN [&hellip;]","og_url":"https:\/\/r9.ieee.org\/peru-ras\/noticias\/la-perspectiva-de-la-robotica-competitiva-en-el-peru\/","og_site_name":"RAS PER\u00da","article_publisher":"https:\/\/www.facebook.com\/ieeerasperu\/","article_published_time":"2023-08-29T16:08:48+00:00","article_modified_time":"2023-08-29T16:19:35+00:00","og_image":[{"width":1640,"height":924,"url":"https:\/\/r9.ieee.org\/peru-ras\/wp-content\/uploads\/sites\/81\/LA-PERSPECTIVA-DE-LA-ROBOTICA-COMPETITIVA-EN-EL-PERU.png","type":"image\/png"}],"author":"Admin","twitter_card":"summary_large_image","twitter_misc":{"Escrito por":"Admin","Tiempo de lectura":"3 minutos"},"schema":{"@context":"https:\/\/schema.org","@graph":[{"@type":"Article","@id":"https:\/\/r9.ieee.org\/peru-ras\/noticias\/la-perspectiva-de-la-robotica-competitiva-en-el-peru\/#article","isPartOf":{"@id":"https:\/\/r9.ieee.org\/peru-ras\/noticias\/la-perspectiva-de-la-robotica-competitiva-en-el-peru\/"},"author":{"name":"Admin","@id":"https:\/\/r9.ieee.org\/peru-ras\/#\/schema\/person\/fc0f0f20ae1e64c90b20597e37c85068"},"headline":"La Perspectiva de la Rob\u00f3tica Competitiva en el Per\u00fa","datePublished":"2023-08-29T16:08:48+00:00","dateModified":"2023-08-29T16:19:35+00:00","mainEntityOfPage":{"@id":"https:\/\/r9.ieee.org\/peru-ras\/noticias\/la-perspectiva-de-la-robotica-competitiva-en-el-peru\/"},"wordCount":719,"publisher":{"@id":"https:\/\/r9.ieee.org\/peru-ras\/#organization"},"image":{"@id":"https:\/\/r9.ieee.org\/peru-ras\/noticias\/la-perspectiva-de-la-robotica-competitiva-en-el-peru\/#primaryimage"},"thumbnailUrl":"https:\/\/r9.ieee.org\/peru-ras\/wp-content\/uploads\/sites\/81\/LA-PERSPECTIVA-DE-LA-ROBOTICA-COMPETITIVA-EN-EL-PERU.png","keywords":["2023","Agosto","Competencia","robotica"],"articleSection":["Noticias"],"inLanguage":"es"},{"@type":"WebPage","@id":"https:\/\/r9.ieee.org\/peru-ras\/noticias\/la-perspectiva-de-la-robotica-competitiva-en-el-peru\/","url":"https:\/\/r9.ieee.org\/peru-ras\/noticias\/la-perspectiva-de-la-robotica-competitiva-en-el-peru\/","name":"La Perspectiva de la Rob\u00f3tica Competitiva en el Per\u00fa - RAS PER\u00da","isPartOf":{"@id":"https:\/\/r9.ieee.org\/peru-ras\/#website"},"primaryImageOfPage":{"@id":"https:\/\/r9.ieee.org\/peru-ras\/noticias\/la-perspectiva-de-la-robotica-competitiva-en-el-peru\/#primaryimage"},"image":{"@id":"https:\/\/r9.ieee.org\/peru-ras\/noticias\/la-perspectiva-de-la-robotica-competitiva-en-el-peru\/#primaryimage"},"thumbnailUrl":"https:\/\/r9.ieee.org\/peru-ras\/wp-content\/uploads\/sites\/81\/LA-PERSPECTIVA-DE-LA-ROBOTICA-COMPETITIVA-EN-EL-PERU.png","datePublished":"2023-08-29T16:08:48+00:00","dateModified":"2023-08-29T16:19:35+00:00","breadcrumb":{"@id":"https:\/\/r9.ieee.org\/peru-ras\/noticias\/la-perspectiva-de-la-robotica-competitiva-en-el-peru\/#breadcrumb"},"inLanguage":"es","potentialAction":[{"@type":"ReadAction","target":["https:\/\/r9.ieee.org\/peru-ras\/noticias\/la-perspectiva-de-la-robotica-competitiva-en-el-peru\/"]}]},{"@type":"ImageObject","inLanguage":"es","@id":"https:\/\/r9.ieee.org\/peru-ras\/noticias\/la-perspectiva-de-la-robotica-competitiva-en-el-peru\/#primaryimage","url":"https:\/\/r9.ieee.org\/peru-ras\/wp-content\/uploads\/sites\/81\/LA-PERSPECTIVA-DE-LA-ROBOTICA-COMPETITIVA-EN-EL-PERU.png","contentUrl":"https:\/\/r9.ieee.org\/peru-ras\/wp-content\/uploads\/sites\/81\/LA-PERSPECTIVA-DE-LA-ROBOTICA-COMPETITIVA-EN-EL-PERU.png","width":1640,"height":924},{"@type":"BreadcrumbList","@id":"https:\/\/r9.ieee.org\/peru-ras\/noticias\/la-perspectiva-de-la-robotica-competitiva-en-el-peru\/#breadcrumb","itemListElement":[{"@type":"ListItem","position":1,"name":"Home","item":"https:\/\/r9.ieee.org\/peru-ras\/"},{"@type":"ListItem","position":2,"name":"La Perspectiva de la Rob\u00f3tica Competitiva en el Per\u00fa"}]},{"@type":"WebSite","@id":"https:\/\/r9.ieee.org\/peru-ras\/#website","url":"https:\/\/r9.ieee.org\/peru-ras\/","name":"RAS PER\u00da","description":"","publisher":{"@id":"https:\/\/r9.ieee.org\/peru-ras\/#organization"},"potentialAction":[{"@type":"SearchAction","target":{"@type":"EntryPoint","urlTemplate":"https:\/\/r9.ieee.org\/peru-ras\/?s={search_term_string}"},"query-input":{"@type":"PropertyValueSpecification","valueRequired":true,"valueName":"search_term_string"}}],"inLanguage":"es"},{"@type":"Organization","@id":"https:\/\/r9.ieee.org\/peru-ras\/#organization","name":"RAS PER\u00da","url":"https:\/\/r9.ieee.org\/peru-ras\/","logo":{"@type":"ImageObject","inLanguage":"es","@id":"https:\/\/r9.ieee.org\/peru-ras\/#\/schema\/logo\/image\/","url":"https:\/\/r9.ieee.org\/peru-ras\/wp-content\/uploads\/sites\/81\/FUENTE_RAS.png","contentUrl":"https:\/\/r9.ieee.org\/peru-ras\/wp-content\/uploads\/sites\/81\/FUENTE_RAS.png","width":1488,"height":290,"caption":"RAS PER\u00da"},"image":{"@id":"https:\/\/r9.ieee.org\/peru-ras\/#\/schema\/logo\/image\/"},"sameAs":["https:\/\/www.facebook.com\/ieeerasperu\/","https:\/\/instagram.com\/ieee.ras.peru"]},{"@type":"Person","@id":"https:\/\/r9.ieee.org\/peru-ras\/#\/schema\/person\/fc0f0f20ae1e64c90b20597e37c85068","name":"Admin","image":{"@type":"ImageObject","inLanguage":"es","@id":"https:\/\/secure.gravatar.com\/avatar\/08f98506609de4e7274325db0c096a81263ba063b38c74adde9599b6e4965750?s=96&d=mm&r=g","url":"https:\/\/secure.gravatar.com\/avatar\/08f98506609de4e7274325db0c096a81263ba063b38c74adde9599b6e4965750?s=96&d=mm&r=g","contentUrl":"https:\/\/secure.gravatar.com\/avatar\/08f98506609de4e7274325db0c096a81263ba063b38c74adde9599b6e4965750?s=96&d=mm&r=g","caption":"Admin"},"url":"https:\/\/r9.ieee.org\/peru-ras\/author\/carlosninaochoa\/"}]}},"_links":{"self":[{"href":"https:\/\/r9.ieee.org\/peru-ras\/wp-json\/wp\/v2\/posts\/832","targetHints":{"allow":["GET"]}}],"collection":[{"href":"https:\/\/r9.ieee.org\/peru-ras\/wp-json\/wp\/v2\/posts"}],"about":[{"href":"https:\/\/r9.ieee.org\/peru-ras\/wp-json\/wp\/v2\/types\/post"}],"author":[{"embeddable":true,"href":"https:\/\/r9.ieee.org\/peru-ras\/wp-json\/wp\/v2\/users\/163"}],"replies":[{"embeddable":true,"href":"https:\/\/r9.ieee.org\/peru-ras\/wp-json\/wp\/v2\/comments?post=832"}],"version-history":[{"count":0,"href":"https:\/\/r9.ieee.org\/peru-ras\/wp-json\/wp\/v2\/posts\/832\/revisions"}],"wp:featuredmedia":[{"embeddable":true,"href":"https:\/\/r9.ieee.org\/peru-ras\/wp-json\/wp\/v2\/media\/833"}],"wp:attachment":[{"href":"https:\/\/r9.ieee.org\/peru-ras\/wp-json\/wp\/v2\/media?parent=832"}],"wp:term":[{"taxonomy":"category","embeddable":true,"href":"https:\/\/r9.ieee.org\/peru-ras\/wp-json\/wp\/v2\/categories?post=832"},{"taxonomy":"post_tag","embeddable":true,"href":"https:\/\/r9.ieee.org\/peru-ras\/wp-json\/wp\/v2\/tags?post=832"}],"curies":[{"name":"wp","href":"https:\/\/api.w.org\/{rel}","templated":true}]}},{"id":798,"date":"2023-08-28T22:12:52","date_gmt":"2023-08-29T03:12:52","guid":{"rendered":"https:\/\/r9.ieee.org\/peru-ras\/?p=798"},"modified":"2023-08-29T09:01:03","modified_gmt":"2023-08-29T14:01:03","slug":"la-experiencia-de-quedar-top-en-el-concurso-de-minisumo-autonomo-senior-en-el-xxix-coneimera-2023","status":"publish","type":"post","link":"https:\/\/r9.ieee.org\/peru-ras\/noticias\/la-experiencia-de-quedar-top-en-el-concurso-de-minisumo-autonomo-senior-en-el-xxix-coneimera-2023\/","title":{"rendered":"La experiencia de quedar Top, en el concurso de MINISUMO AUT\u00d3NOMO SENIOR en el XXIX CONEIMERA 2023"},"content":{"rendered":"<div class=\"wpb-content-wrapper\"><p>[vc_row][vc_column][vc_single_image image=\u00bb799&#8243; img_size=\u00bblarge\u00bb][\/vc_column][\/vc_row][vc_row][vc_column][vc_column_text]<em>Foto: Equipo RAS UNAC en el XXIX CONEIMERA 2023<\/em><\/p>\n<p>&nbsp;<\/p>\n<p><em>Entrevista a Renato Olaya Castillo de RAS UNAC:<\/em><\/p>\n<p>\u00abHola gracias por la invitaci\u00f3n, soy Renato Olaya Castillo, tengo 22 a\u00f1os, estudio ingenier\u00eda electr\u00f3nica y estoy cursando el 5 ciclo de mi carrera\u00bb<\/p>\n<p><b>\u00bfCu\u00e1l es el equipo al cual perteneces y como se llama el robot que quedo en segundo lugar en el concurso de rob\u00f3tica del XXIX CONEIMERA 2023?<\/b><\/p>\n<p>Nosotros somos un grupo de 6 personas pertenecientes a RAS UNAC, que fuimos al XXIX CONEIMERA 2023. Nos dividimos en dos grupos, cada grupo con 3 personas. Entonces, como \u00e9ramos 3 participantes para el minisumo aut\u00f3nomo, nos sorteamos a ver qui\u00e9n iba a ser el piloto, y as\u00ed quedo elegido mi compa\u00f1ero, el cual hizo de piloto en la competici\u00f3n.<\/p>\n<p>Nuestro robot minisumo aut\u00f3nomo senior se llama <strong>\u00abTurbito\u00bb.<\/strong><\/p>\n<p><b>Equipo RAS UNAC Minisumo Aut\u00f3nomo Senior:<\/b><br \/>\n-Marco Antonio Ochoa Gaspar (Piloto)<br \/>\n-Renato Antonio Olaya Castillo<br \/>\n-Piero Alexander Collantes S\u00e1enz[\/vc_column_text][vc_single_image image=\u00bb812&#8243; img_size=\u00bblarge\u00bb][vc_column_text]<em>Foto: Robot Turbito<\/em><\/p>\n<p>&nbsp;<\/p>\n<p><b>\u00bfComo naci\u00f3 Turbito?<\/b><\/p>\n<p>Ah, bueno. Lo que sucede es que hab\u00eda un torneo que se hab\u00eda desarrollado en la Universidad Nacional del Callao (UNAC) por parte de nuestro c\u00f3digo, cuando est\u00e1bamos en 4 ciclo se hab\u00eda dejado un proyecto de un minisumo, \u00f3sea el proyecto era libre, no sab\u00edamos que era la categor\u00eda amateur o senior, no ten\u00edamos conocimiento de ello. La cosa fue que hab\u00edamos tomado el proyecto de minisumo, ya pues y luego al final del ciclo el profesor dijo que iba a ser una competencia con todos los minisumo hechos, nosotros tratamos de hacer lo mejor posible con el motivo de ganar, sab\u00edamos que era un torneo no oficial, pero en este caso era de la universidad. Ya pues. entonces nos medimos o competimos con 14 aproximadamente robots minisumo lo cual salimos campe\u00f3n de la universidad y ya desde ah\u00ed se gener\u00f3 una ilusi\u00f3n de llevar a \u00abTurbito\u00bb a un campeonato oficial como es el Coneimera.<\/p>\n<p><strong>\u00bfPor qu\u00e9 competir en la categor\u00eda Senior y no en Amateur o Master?<\/strong><\/p>\n<p>Entonces, de ah\u00ed nosotros comenzamos a leer las bases del concurso de minisumo del Coneimera 2023 y nos dimos cuenta de que nuestro robot era categor\u00eda senior, ya que los minisumo de categor\u00eda senior tienen motores que son pololu, los cuales son motores con mayor potencia, mayores revoluciones, en cambio hay una categor\u00eda m\u00e1s baja que son los robots amateur, los cuales son de bajo costo, ya que vendr\u00eda a ser ya como de calidad de cart\u00f3n o algo m\u00e1s simple, en cambio la categor\u00eda senior es un poco m\u00e1s sofisticado con dise\u00f1o e impresi\u00f3n 3D, con una bater\u00eda lipo, con drivers, etc. Ya pues as\u00ed que nosotros nos animamos a participar en el Coneimera, a ver qu\u00e9 tal nos va en nuestro primer torneo oficial. Y est\u00e1bamos muy ilusionados y nos emocionamos de haber conseguido un podio. No apuntamos a la categor\u00eda master, porque para master se necesitaba ya una programaci\u00f3n un poco m\u00e1s avanzada y debido a que el minisumo lo hab\u00edamos dise\u00f1ado a finales del ciclo, y el Coneimera era a las dos semanas nom\u00e1s que hab\u00eda acabado el ciclo, est\u00e1bamos corto de tiempo y adem\u00e1s requerir\u00edamos un poco m\u00e1s de inversi\u00f3n. La inversi\u00f3n lo ten\u00edamos ajustado, ya que ten\u00edamos que llevar much\u00edsimo dinero hacia Arequipa, para todo el hospedaje, comida, transporte, etc. Pero nuestra proyecci\u00f3n es llegar a la categor\u00eda master, con nuestro minisumo modificarlo.<\/p>\n<p><strong>\u00bfCu\u00e1nto tiempo se prepararon aproximadamente para el proyecto? \u00bfFueron financiados?<\/strong><\/p>\n<p>El armado nos demoramos cerca de 2 meses, haciendo todas las pruebas, porque hemos estado probando tambi\u00e9n el minisumo ya que tenemos en RAS UNAC un dohyo, hemos estado probando la velocidad, tambi\u00e9n est\u00e1bamos con algunos competidores que tambi\u00e9n ten\u00edan sus minisumos y as\u00ed est\u00e1bamos probando como era la reacci\u00f3n de nuestro minisumo a ver si detectaba el objeto o no lo detectaba.<\/p>\n<p>Nosotros no fuimos financiados, todos los gastos fueron de nuestro bolsillo, el pago de la inscripci\u00f3n y la compra de los componentes y materiales para la construcci\u00f3n del robot.<\/p>\n<p><strong>\u00bfC\u00f3mo crees que su proyecto aporte a la investigaci\u00f3n profesional en el campo de la rob\u00f3tica?<\/strong><\/p>\n<p>Ya listo, fuera de la rob\u00f3tica competitiva, nuestro minisumo podr\u00edamos abarcarlo un poco m\u00e1s en el \u00e1rea de la agricultura. Como nuestro robot mismo detecta objetos, podr\u00edamos hacer un objeto y que el mismo podr\u00eda hacer un arado, la cosa es que va arando la tierra de forma aut\u00f3noma, eso es una opci\u00f3n. Otra opci\u00f3n ser\u00eda tambi\u00e9n, as\u00ed como como ponerle un objeto arriba del minisumo y que reaccionen los pulsos de algunos objetos, cosas que podemos llevar los objetos que est\u00e9n encima del minisumo de un punto al otro, este ser\u00eda una aplicaci\u00f3n poco ya m\u00e1s en la vida cotidiana.<\/p>\n<p><strong>\u00bfTienen ustedes otros proyectos en proceso o futuros, en el campo de la rob\u00f3tica en general?\u00a0<\/strong><\/p>\n<p>S\u00ed, tenemos pensado prepararnos bien para el WorldRobot 2023, qu\u00e9 se llevar\u00e1 a cabo el 16 de setiembre en San Marcos, esa ser\u00eda una de estas metas a corto plazo. Tambi\u00e9n est\u00e1bamos viendo para hacer una competencia de rob\u00f3tica, un concurso de rob\u00f3tica en la UNAC. Hacerlo en el callao, para que otras universidades puedan venir as\u00ed a competir en nuestra universidad. Y as\u00ed tambi\u00e9n viene el INTERCON 2023 que va a ser en lima, la cual pretenderemos participar y ganar.[\/vc_column_text][\/vc_column][\/vc_row]<\/p>\n<\/div>","protected":false},"excerpt":{"rendered":"<p>[vc_row][vc_column][vc_single_image image=\u00bb799&#8243; img_size=\u00bblarge\u00bb][\/vc_column][\/vc_row][vc_row][vc_column][vc_column_text]Foto: Equipo RAS UNAC en el XXIX CONEIMERA 2023 &nbsp; Entrevista a Renato Olaya Castillo de RAS UNAC: \u00abHola gracias por la invitaci\u00f3n, soy Renato Olaya Castillo, tengo [&hellip;]<\/p>\n","protected":false},"author":163,"featured_media":799,"comment_status":"closed","ping_status":"closed","sticky":false,"template":"","format":"standard","meta":{"footnotes":""},"categories":[8],"tags":[33,49,50,17],"class_list":["post-798","post","type-post","status-publish","format-standard","hentry","category-noticias","tag-33","tag-agosto","tag-competencia","tag-robotica"],"yoast_head":"<!-- This site is optimized with the Yoast SEO plugin v27.5 - https:\/\/yoast.com\/product\/yoast-seo-wordpress\/ -->\n<title>La experiencia de quedar Top, en el concurso de MINISUMO AUT\u00d3NOMO SENIOR en el XXIX CONEIMERA 2023 - RAS PER\u00da<\/title>\n<meta name=\"robots\" content=\"index, follow, max-snippet:-1, max-image-preview:large, max-video-preview:-1\" \/>\n<link rel=\"canonical\" href=\"https:\/\/r9.ieee.org\/peru-ras\/noticias\/la-experiencia-de-quedar-top-en-el-concurso-de-minisumo-autonomo-senior-en-el-xxix-coneimera-2023\/\" \/>\n<meta property=\"og:locale\" content=\"es_ES\" \/>\n<meta property=\"og:type\" content=\"article\" \/>\n<meta property=\"og:title\" content=\"La experiencia de quedar Top, en el concurso de MINISUMO AUT\u00d3NOMO SENIOR en el XXIX CONEIMERA 2023 - RAS PER\u00da\" \/>\n<meta property=\"og:description\" content=\"[vc_row][vc_column][vc_single_image image=\u00bb799&#8243; img_size=\u00bblarge\u00bb][\/vc_column][\/vc_row][vc_row][vc_column][vc_column_text]Foto: Equipo RAS UNAC en el XXIX CONEIMERA 2023 &nbsp; Entrevista a Renato Olaya Castillo de RAS UNAC: \u00abHola gracias por la invitaci\u00f3n, soy Renato Olaya Castillo, tengo [&hellip;]\" \/>\n<meta property=\"og:url\" content=\"https:\/\/r9.ieee.org\/peru-ras\/noticias\/la-experiencia-de-quedar-top-en-el-concurso-de-minisumo-autonomo-senior-en-el-xxix-coneimera-2023\/\" \/>\n<meta property=\"og:site_name\" content=\"RAS PER\u00da\" \/>\n<meta property=\"article:publisher\" content=\"https:\/\/www.facebook.com\/ieeerasperu\/\" \/>\n<meta property=\"article:published_time\" content=\"2023-08-29T03:12:52+00:00\" \/>\n<meta property=\"article:modified_time\" content=\"2023-08-29T14:01:03+00:00\" \/>\n<meta property=\"og:image\" content=\"https:\/\/r9.ieee.org\/peru-ras\/wp-content\/uploads\/sites\/81\/IMG-20230818-WA0002.jpg\" \/>\n\t<meta property=\"og:image:width\" content=\"1600\" \/>\n\t<meta property=\"og:image:height\" content=\"719\" \/>\n\t<meta property=\"og:image:type\" content=\"image\/jpeg\" \/>\n<meta name=\"author\" content=\"Admin\" \/>\n<meta name=\"twitter:card\" content=\"summary_large_image\" \/>\n<meta name=\"twitter:label1\" content=\"Escrito por\" \/>\n\t<meta name=\"twitter:data1\" content=\"Admin\" \/>\n\t<meta name=\"twitter:label2\" content=\"Tiempo de lectura\" \/>\n\t<meta name=\"twitter:data2\" content=\"5 minutos\" \/>\n<script type=\"application\/ld+json\" class=\"yoast-schema-graph\">{\"@context\":\"https:\\\/\\\/schema.org\",\"@graph\":[{\"@type\":\"Article\",\"@id\":\"https:\\\/\\\/r9.ieee.org\\\/peru-ras\\\/noticias\\\/la-experiencia-de-quedar-top-en-el-concurso-de-minisumo-autonomo-senior-en-el-xxix-coneimera-2023\\\/#article\",\"isPartOf\":{\"@id\":\"https:\\\/\\\/r9.ieee.org\\\/peru-ras\\\/noticias\\\/la-experiencia-de-quedar-top-en-el-concurso-de-minisumo-autonomo-senior-en-el-xxix-coneimera-2023\\\/\"},\"author\":{\"name\":\"Admin\",\"@id\":\"https:\\\/\\\/r9.ieee.org\\\/peru-ras\\\/#\\\/schema\\\/person\\\/fc0f0f20ae1e64c90b20597e37c85068\"},\"headline\":\"La experiencia de quedar Top, en el concurso de MINISUMO AUT\u00d3NOMO SENIOR en el XXIX CONEIMERA 2023\",\"datePublished\":\"2023-08-29T03:12:52+00:00\",\"dateModified\":\"2023-08-29T14:01:03+00:00\",\"mainEntityOfPage\":{\"@id\":\"https:\\\/\\\/r9.ieee.org\\\/peru-ras\\\/noticias\\\/la-experiencia-de-quedar-top-en-el-concurso-de-minisumo-autonomo-senior-en-el-xxix-coneimera-2023\\\/\"},\"wordCount\":1012,\"publisher\":{\"@id\":\"https:\\\/\\\/r9.ieee.org\\\/peru-ras\\\/#organization\"},\"image\":{\"@id\":\"https:\\\/\\\/r9.ieee.org\\\/peru-ras\\\/noticias\\\/la-experiencia-de-quedar-top-en-el-concurso-de-minisumo-autonomo-senior-en-el-xxix-coneimera-2023\\\/#primaryimage\"},\"thumbnailUrl\":\"https:\\\/\\\/r9.ieee.org\\\/peru-ras\\\/wp-content\\\/uploads\\\/sites\\\/81\\\/IMG-20230818-WA0002.jpg\",\"keywords\":[\"2023\",\"Agosto\",\"Competencia\",\"robotica\"],\"articleSection\":[\"Noticias\"],\"inLanguage\":\"es\"},{\"@type\":\"WebPage\",\"@id\":\"https:\\\/\\\/r9.ieee.org\\\/peru-ras\\\/noticias\\\/la-experiencia-de-quedar-top-en-el-concurso-de-minisumo-autonomo-senior-en-el-xxix-coneimera-2023\\\/\",\"url\":\"https:\\\/\\\/r9.ieee.org\\\/peru-ras\\\/noticias\\\/la-experiencia-de-quedar-top-en-el-concurso-de-minisumo-autonomo-senior-en-el-xxix-coneimera-2023\\\/\",\"name\":\"La experiencia de quedar Top, en el concurso de MINISUMO AUT\u00d3NOMO SENIOR en el XXIX CONEIMERA 2023 - RAS PER\u00da\",\"isPartOf\":{\"@id\":\"https:\\\/\\\/r9.ieee.org\\\/peru-ras\\\/#website\"},\"primaryImageOfPage\":{\"@id\":\"https:\\\/\\\/r9.ieee.org\\\/peru-ras\\\/noticias\\\/la-experiencia-de-quedar-top-en-el-concurso-de-minisumo-autonomo-senior-en-el-xxix-coneimera-2023\\\/#primaryimage\"},\"image\":{\"@id\":\"https:\\\/\\\/r9.ieee.org\\\/peru-ras\\\/noticias\\\/la-experiencia-de-quedar-top-en-el-concurso-de-minisumo-autonomo-senior-en-el-xxix-coneimera-2023\\\/#primaryimage\"},\"thumbnailUrl\":\"https:\\\/\\\/r9.ieee.org\\\/peru-ras\\\/wp-content\\\/uploads\\\/sites\\\/81\\\/IMG-20230818-WA0002.jpg\",\"datePublished\":\"2023-08-29T03:12:52+00:00\",\"dateModified\":\"2023-08-29T14:01:03+00:00\",\"breadcrumb\":{\"@id\":\"https:\\\/\\\/r9.ieee.org\\\/peru-ras\\\/noticias\\\/la-experiencia-de-quedar-top-en-el-concurso-de-minisumo-autonomo-senior-en-el-xxix-coneimera-2023\\\/#breadcrumb\"},\"inLanguage\":\"es\",\"potentialAction\":[{\"@type\":\"ReadAction\",\"target\":[\"https:\\\/\\\/r9.ieee.org\\\/peru-ras\\\/noticias\\\/la-experiencia-de-quedar-top-en-el-concurso-de-minisumo-autonomo-senior-en-el-xxix-coneimera-2023\\\/\"]}]},{\"@type\":\"ImageObject\",\"inLanguage\":\"es\",\"@id\":\"https:\\\/\\\/r9.ieee.org\\\/peru-ras\\\/noticias\\\/la-experiencia-de-quedar-top-en-el-concurso-de-minisumo-autonomo-senior-en-el-xxix-coneimera-2023\\\/#primaryimage\",\"url\":\"https:\\\/\\\/r9.ieee.org\\\/peru-ras\\\/wp-content\\\/uploads\\\/sites\\\/81\\\/IMG-20230818-WA0002.jpg\",\"contentUrl\":\"https:\\\/\\\/r9.ieee.org\\\/peru-ras\\\/wp-content\\\/uploads\\\/sites\\\/81\\\/IMG-20230818-WA0002.jpg\",\"width\":1600,\"height\":719},{\"@type\":\"BreadcrumbList\",\"@id\":\"https:\\\/\\\/r9.ieee.org\\\/peru-ras\\\/noticias\\\/la-experiencia-de-quedar-top-en-el-concurso-de-minisumo-autonomo-senior-en-el-xxix-coneimera-2023\\\/#breadcrumb\",\"itemListElement\":[{\"@type\":\"ListItem\",\"position\":1,\"name\":\"Home\",\"item\":\"https:\\\/\\\/r9.ieee.org\\\/peru-ras\\\/\"},{\"@type\":\"ListItem\",\"position\":2,\"name\":\"La experiencia de quedar Top, en el concurso de MINISUMO AUT\u00d3NOMO SENIOR en el XXIX CONEIMERA 2023\"}]},{\"@type\":\"WebSite\",\"@id\":\"https:\\\/\\\/r9.ieee.org\\\/peru-ras\\\/#website\",\"url\":\"https:\\\/\\\/r9.ieee.org\\\/peru-ras\\\/\",\"name\":\"RAS PER\u00da\",\"description\":\"\",\"publisher\":{\"@id\":\"https:\\\/\\\/r9.ieee.org\\\/peru-ras\\\/#organization\"},\"potentialAction\":[{\"@type\":\"SearchAction\",\"target\":{\"@type\":\"EntryPoint\",\"urlTemplate\":\"https:\\\/\\\/r9.ieee.org\\\/peru-ras\\\/?s={search_term_string}\"},\"query-input\":{\"@type\":\"PropertyValueSpecification\",\"valueRequired\":true,\"valueName\":\"search_term_string\"}}],\"inLanguage\":\"es\"},{\"@type\":\"Organization\",\"@id\":\"https:\\\/\\\/r9.ieee.org\\\/peru-ras\\\/#organization\",\"name\":\"RAS PER\u00da\",\"url\":\"https:\\\/\\\/r9.ieee.org\\\/peru-ras\\\/\",\"logo\":{\"@type\":\"ImageObject\",\"inLanguage\":\"es\",\"@id\":\"https:\\\/\\\/r9.ieee.org\\\/peru-ras\\\/#\\\/schema\\\/logo\\\/image\\\/\",\"url\":\"https:\\\/\\\/r9.ieee.org\\\/peru-ras\\\/wp-content\\\/uploads\\\/sites\\\/81\\\/FUENTE_RAS.png\",\"contentUrl\":\"https:\\\/\\\/r9.ieee.org\\\/peru-ras\\\/wp-content\\\/uploads\\\/sites\\\/81\\\/FUENTE_RAS.png\",\"width\":1488,\"height\":290,\"caption\":\"RAS PER\u00da\"},\"image\":{\"@id\":\"https:\\\/\\\/r9.ieee.org\\\/peru-ras\\\/#\\\/schema\\\/logo\\\/image\\\/\"},\"sameAs\":[\"https:\\\/\\\/www.facebook.com\\\/ieeerasperu\\\/\",\"https:\\\/\\\/instagram.com\\\/ieee.ras.peru\"]},{\"@type\":\"Person\",\"@id\":\"https:\\\/\\\/r9.ieee.org\\\/peru-ras\\\/#\\\/schema\\\/person\\\/fc0f0f20ae1e64c90b20597e37c85068\",\"name\":\"Admin\",\"image\":{\"@type\":\"ImageObject\",\"inLanguage\":\"es\",\"@id\":\"https:\\\/\\\/secure.gravatar.com\\\/avatar\\\/08f98506609de4e7274325db0c096a81263ba063b38c74adde9599b6e4965750?s=96&d=mm&r=g\",\"url\":\"https:\\\/\\\/secure.gravatar.com\\\/avatar\\\/08f98506609de4e7274325db0c096a81263ba063b38c74adde9599b6e4965750?s=96&d=mm&r=g\",\"contentUrl\":\"https:\\\/\\\/secure.gravatar.com\\\/avatar\\\/08f98506609de4e7274325db0c096a81263ba063b38c74adde9599b6e4965750?s=96&d=mm&r=g\",\"caption\":\"Admin\"},\"url\":\"https:\\\/\\\/r9.ieee.org\\\/peru-ras\\\/author\\\/carlosninaochoa\\\/\"}]}<\/script>\n<!-- \/ Yoast SEO plugin. -->","yoast_head_json":{"title":"La experiencia de quedar Top, en el concurso de MINISUMO AUT\u00d3NOMO SENIOR en el XXIX CONEIMERA 2023 - RAS PER\u00da","robots":{"index":"index","follow":"follow","max-snippet":"max-snippet:-1","max-image-preview":"max-image-preview:large","max-video-preview":"max-video-preview:-1"},"canonical":"https:\/\/r9.ieee.org\/peru-ras\/noticias\/la-experiencia-de-quedar-top-en-el-concurso-de-minisumo-autonomo-senior-en-el-xxix-coneimera-2023\/","og_locale":"es_ES","og_type":"article","og_title":"La experiencia de quedar Top, en el concurso de MINISUMO AUT\u00d3NOMO SENIOR en el XXIX CONEIMERA 2023 - RAS PER\u00da","og_description":"[vc_row][vc_column][vc_single_image image=\u00bb799&#8243; img_size=\u00bblarge\u00bb][\/vc_column][\/vc_row][vc_row][vc_column][vc_column_text]Foto: Equipo RAS UNAC en el XXIX CONEIMERA 2023 &nbsp; Entrevista a Renato Olaya Castillo de RAS UNAC: \u00abHola gracias por la invitaci\u00f3n, soy Renato Olaya Castillo, tengo [&hellip;]","og_url":"https:\/\/r9.ieee.org\/peru-ras\/noticias\/la-experiencia-de-quedar-top-en-el-concurso-de-minisumo-autonomo-senior-en-el-xxix-coneimera-2023\/","og_site_name":"RAS PER\u00da","article_publisher":"https:\/\/www.facebook.com\/ieeerasperu\/","article_published_time":"2023-08-29T03:12:52+00:00","article_modified_time":"2023-08-29T14:01:03+00:00","og_image":[{"width":1600,"height":719,"url":"https:\/\/r9.ieee.org\/peru-ras\/wp-content\/uploads\/sites\/81\/IMG-20230818-WA0002.jpg","type":"image\/jpeg"}],"author":"Admin","twitter_card":"summary_large_image","twitter_misc":{"Escrito por":"Admin","Tiempo de lectura":"5 minutos"},"schema":{"@context":"https:\/\/schema.org","@graph":[{"@type":"Article","@id":"https:\/\/r9.ieee.org\/peru-ras\/noticias\/la-experiencia-de-quedar-top-en-el-concurso-de-minisumo-autonomo-senior-en-el-xxix-coneimera-2023\/#article","isPartOf":{"@id":"https:\/\/r9.ieee.org\/peru-ras\/noticias\/la-experiencia-de-quedar-top-en-el-concurso-de-minisumo-autonomo-senior-en-el-xxix-coneimera-2023\/"},"author":{"name":"Admin","@id":"https:\/\/r9.ieee.org\/peru-ras\/#\/schema\/person\/fc0f0f20ae1e64c90b20597e37c85068"},"headline":"La experiencia de quedar Top, en el concurso de MINISUMO AUT\u00d3NOMO SENIOR en el XXIX CONEIMERA 2023","datePublished":"2023-08-29T03:12:52+00:00","dateModified":"2023-08-29T14:01:03+00:00","mainEntityOfPage":{"@id":"https:\/\/r9.ieee.org\/peru-ras\/noticias\/la-experiencia-de-quedar-top-en-el-concurso-de-minisumo-autonomo-senior-en-el-xxix-coneimera-2023\/"},"wordCount":1012,"publisher":{"@id":"https:\/\/r9.ieee.org\/peru-ras\/#organization"},"image":{"@id":"https:\/\/r9.ieee.org\/peru-ras\/noticias\/la-experiencia-de-quedar-top-en-el-concurso-de-minisumo-autonomo-senior-en-el-xxix-coneimera-2023\/#primaryimage"},"thumbnailUrl":"https:\/\/r9.ieee.org\/peru-ras\/wp-content\/uploads\/sites\/81\/IMG-20230818-WA0002.jpg","keywords":["2023","Agosto","Competencia","robotica"],"articleSection":["Noticias"],"inLanguage":"es"},{"@type":"WebPage","@id":"https:\/\/r9.ieee.org\/peru-ras\/noticias\/la-experiencia-de-quedar-top-en-el-concurso-de-minisumo-autonomo-senior-en-el-xxix-coneimera-2023\/","url":"https:\/\/r9.ieee.org\/peru-ras\/noticias\/la-experiencia-de-quedar-top-en-el-concurso-de-minisumo-autonomo-senior-en-el-xxix-coneimera-2023\/","name":"La experiencia de quedar Top, en el concurso de MINISUMO AUT\u00d3NOMO SENIOR en el XXIX CONEIMERA 2023 - RAS PER\u00da","isPartOf":{"@id":"https:\/\/r9.ieee.org\/peru-ras\/#website"},"primaryImageOfPage":{"@id":"https:\/\/r9.ieee.org\/peru-ras\/noticias\/la-experiencia-de-quedar-top-en-el-concurso-de-minisumo-autonomo-senior-en-el-xxix-coneimera-2023\/#primaryimage"},"image":{"@id":"https:\/\/r9.ieee.org\/peru-ras\/noticias\/la-experiencia-de-quedar-top-en-el-concurso-de-minisumo-autonomo-senior-en-el-xxix-coneimera-2023\/#primaryimage"},"thumbnailUrl":"https:\/\/r9.ieee.org\/peru-ras\/wp-content\/uploads\/sites\/81\/IMG-20230818-WA0002.jpg","datePublished":"2023-08-29T03:12:52+00:00","dateModified":"2023-08-29T14:01:03+00:00","breadcrumb":{"@id":"https:\/\/r9.ieee.org\/peru-ras\/noticias\/la-experiencia-de-quedar-top-en-el-concurso-de-minisumo-autonomo-senior-en-el-xxix-coneimera-2023\/#breadcrumb"},"inLanguage":"es","potentialAction":[{"@type":"ReadAction","target":["https:\/\/r9.ieee.org\/peru-ras\/noticias\/la-experiencia-de-quedar-top-en-el-concurso-de-minisumo-autonomo-senior-en-el-xxix-coneimera-2023\/"]}]},{"@type":"ImageObject","inLanguage":"es","@id":"https:\/\/r9.ieee.org\/peru-ras\/noticias\/la-experiencia-de-quedar-top-en-el-concurso-de-minisumo-autonomo-senior-en-el-xxix-coneimera-2023\/#primaryimage","url":"https:\/\/r9.ieee.org\/peru-ras\/wp-content\/uploads\/sites\/81\/IMG-20230818-WA0002.jpg","contentUrl":"https:\/\/r9.ieee.org\/peru-ras\/wp-content\/uploads\/sites\/81\/IMG-20230818-WA0002.jpg","width":1600,"height":719},{"@type":"BreadcrumbList","@id":"https:\/\/r9.ieee.org\/peru-ras\/noticias\/la-experiencia-de-quedar-top-en-el-concurso-de-minisumo-autonomo-senior-en-el-xxix-coneimera-2023\/#breadcrumb","itemListElement":[{"@type":"ListItem","position":1,"name":"Home","item":"https:\/\/r9.ieee.org\/peru-ras\/"},{"@type":"ListItem","position":2,"name":"La experiencia de quedar Top, en el concurso de MINISUMO AUT\u00d3NOMO SENIOR en el XXIX CONEIMERA 2023"}]},{"@type":"WebSite","@id":"https:\/\/r9.ieee.org\/peru-ras\/#website","url":"https:\/\/r9.ieee.org\/peru-ras\/","name":"RAS PER\u00da","description":"","publisher":{"@id":"https:\/\/r9.ieee.org\/peru-ras\/#organization"},"potentialAction":[{"@type":"SearchAction","target":{"@type":"EntryPoint","urlTemplate":"https:\/\/r9.ieee.org\/peru-ras\/?s={search_term_string}"},"query-input":{"@type":"PropertyValueSpecification","valueRequired":true,"valueName":"search_term_string"}}],"inLanguage":"es"},{"@type":"Organization","@id":"https:\/\/r9.ieee.org\/peru-ras\/#organization","name":"RAS PER\u00da","url":"https:\/\/r9.ieee.org\/peru-ras\/","logo":{"@type":"ImageObject","inLanguage":"es","@id":"https:\/\/r9.ieee.org\/peru-ras\/#\/schema\/logo\/image\/","url":"https:\/\/r9.ieee.org\/peru-ras\/wp-content\/uploads\/sites\/81\/FUENTE_RAS.png","contentUrl":"https:\/\/r9.ieee.org\/peru-ras\/wp-content\/uploads\/sites\/81\/FUENTE_RAS.png","width":1488,"height":290,"caption":"RAS PER\u00da"},"image":{"@id":"https:\/\/r9.ieee.org\/peru-ras\/#\/schema\/logo\/image\/"},"sameAs":["https:\/\/www.facebook.com\/ieeerasperu\/","https:\/\/instagram.com\/ieee.ras.peru"]},{"@type":"Person","@id":"https:\/\/r9.ieee.org\/peru-ras\/#\/schema\/person\/fc0f0f20ae1e64c90b20597e37c85068","name":"Admin","image":{"@type":"ImageObject","inLanguage":"es","@id":"https:\/\/secure.gravatar.com\/avatar\/08f98506609de4e7274325db0c096a81263ba063b38c74adde9599b6e4965750?s=96&d=mm&r=g","url":"https:\/\/secure.gravatar.com\/avatar\/08f98506609de4e7274325db0c096a81263ba063b38c74adde9599b6e4965750?s=96&d=mm&r=g","contentUrl":"https:\/\/secure.gravatar.com\/avatar\/08f98506609de4e7274325db0c096a81263ba063b38c74adde9599b6e4965750?s=96&d=mm&r=g","caption":"Admin"},"url":"https:\/\/r9.ieee.org\/peru-ras\/author\/carlosninaochoa\/"}]}},"_links":{"self":[{"href":"https:\/\/r9.ieee.org\/peru-ras\/wp-json\/wp\/v2\/posts\/798","targetHints":{"allow":["GET"]}}],"collection":[{"href":"https:\/\/r9.ieee.org\/peru-ras\/wp-json\/wp\/v2\/posts"}],"about":[{"href":"https:\/\/r9.ieee.org\/peru-ras\/wp-json\/wp\/v2\/types\/post"}],"author":[{"embeddable":true,"href":"https:\/\/r9.ieee.org\/peru-ras\/wp-json\/wp\/v2\/users\/163"}],"replies":[{"embeddable":true,"href":"https:\/\/r9.ieee.org\/peru-ras\/wp-json\/wp\/v2\/comments?post=798"}],"version-history":[{"count":0,"href":"https:\/\/r9.ieee.org\/peru-ras\/wp-json\/wp\/v2\/posts\/798\/revisions"}],"wp:featuredmedia":[{"embeddable":true,"href":"https:\/\/r9.ieee.org\/peru-ras\/wp-json\/wp\/v2\/media\/799"}],"wp:attachment":[{"href":"https:\/\/r9.ieee.org\/peru-ras\/wp-json\/wp\/v2\/media?parent=798"}],"wp:term":[{"taxonomy":"category","embeddable":true,"href":"https:\/\/r9.ieee.org\/peru-ras\/wp-json\/wp\/v2\/categories?post=798"},{"taxonomy":"post_tag","embeddable":true,"href":"https:\/\/r9.ieee.org\/peru-ras\/wp-json\/wp\/v2\/tags?post=798"}],"curies":[{"name":"wp","href":"https:\/\/api.w.org\/{rel}","templated":true}]}}]