[{"id":31131,"date":"2025-09-02T13:43:30","date_gmt":"2025-09-02T18:43:30","guid":{"rendered":"https:\/\/r9.ieee.org\/panama\/?p=31131"},"modified":"2025-10-08T14:07:43","modified_gmt":"2025-10-08T19:07:43","slug":"ciudad-de-panama-recibira-150-especialistas-mundiales-en-temas-de-energia-electrica","status":"publish","type":"post","link":"https:\/\/r9.ieee.org\/panama\/ciudad-de-panama-recibira-150-especialistas-mundiales-en-temas-de-energia-electrica\/","title":{"rendered":"Ciudad de Panam\u00e1 recibir\u00e1 150 especialistas mundiales en temas de energ\u00eda el\u00e9ctrica"},"content":{"rendered":"<div class=\"wpb-content-wrapper\"><p>[vc_row][vc_column][vc_column_text css=\u00bb\u00bb]<\/p>\n<p style=\"text-align: center\"><em>60 expositores de 17 pa\u00edses mostrar\u00e1n estado actual del mercado y tendencias para los pr\u00f3ximos a\u00f1os<\/em><\/p>\n<p>[\/vc_column_text][vc_empty_space][\/vc_column][\/vc_row][vc_row][vc_column][vc_column_text css=\u00bb\u00bb]<\/p>\n<p style=\"text-align: justify\">La Ciudad de Panam\u00e1 se convertir\u00e1 en el epicentro del di\u00e1logo internacional sobre el futuro del sector el\u00e9ctrico, al albergar del <strong>16 al 19 de septiembre<\/strong> el <strong>Congreso IEEE PES ISGT Latinoam\u00e9rica 2025<\/strong>, uno de los eventos m\u00e1s relevantes de la regi\u00f3n en materia de innovaci\u00f3n, sostenibilidad y transformaci\u00f3n energ\u00e9tica.<\/p>\n<p style=\"text-align: justify\">M\u00e1s de <strong>150 especialistas internacionales<\/strong> en energ\u00eda el\u00e9ctrica, provenientes de los cinco continentes, se dar\u00e1n cita en el <strong>Hotel Marriott Panam\u00e1, Albrook<\/strong>, para participar en el encuentro <strong>\u201cRedefiniendo la energ\u00eda: Inteligente, renovable y conectada\u201d<\/strong>, organizado por la <strong>Sociedad de Potencia y Energ\u00eda del Instituto de Ingenieros El\u00e9ctricos y Electr\u00f3nicos (IEEE PES, por sus siglas en ingl\u00e9s)<\/strong>.<\/p>\n<p style=\"text-align: justify\">Este congreso reunir\u00e1 a expertos del sector energ\u00e9tico, investigadores, acad\u00e9micos y profesionales para analizar la evoluci\u00f3n del sistema el\u00e9ctrico global a trav\u00e9s de tecnolog\u00edas emergentes como las redes inteligentes, el almacenamiento de energ\u00eda, la digitalizaci\u00f3n y la integraci\u00f3n de fuentes renovables.<\/p>\n<p style=\"text-align: justify\">El <strong>Ing. Julio Garc\u00eda<\/strong>, presidente del Comit\u00e9 Organizador y del Cap\u00edtulo IEEE-PES de la Secci\u00f3n Panam\u00e1, destac\u00f3 que el evento contar\u00e1 con la participaci\u00f3n de <strong>60 conferencistas internacionales<\/strong>, procedentes de pa\u00edses como <strong>Brasil, Canad\u00e1, Chile, Colombia, Costa Rica, Ecuador, Estados Unidos, M\u00e9xico, Noruega, Per\u00fa, Puerto Rico, Reino Unido, Uruguay <\/strong>y, por supuesto,<strong> Panam\u00e1.<\/strong><\/p>\n<p style=\"text-align: justify\">\u201cLa industria energ\u00e9tica est\u00e1 en plena transformaci\u00f3n hacia una infraestructura m\u00e1s inteligente, digital y sostenible. Este congreso abordar\u00e1 los principales desaf\u00edos y oportunidades que enfrenta el sector, incluyendo la regulaci\u00f3n, la eficiencia energ\u00e9tica, la transici\u00f3n hacia energ\u00edas limpias y la movilidad el\u00e9ctrica\u201d, expres\u00f3 el <strong>Ing. Garc\u00eda.<\/strong><\/p>\n<p style=\"text-align: justify\">El programa de conferencias cubrir\u00e1 una amplia gama de temas de alto impacto, entre ellos: la instalaci\u00f3n de estaciones de carga para veh\u00edculos el\u00e9ctricos, las oportunidades de Am\u00e9rica Latina en almacenamiento energ\u00e9tico y movilidad sostenible, la descarbonizaci\u00f3n de las redes el\u00e9ctricas y la innovaci\u00f3n en la distribuci\u00f3n y transmisi\u00f3n de energ\u00eda.<\/p>\n<p style=\"text-align: justify\">Adem\u00e1s, el <strong>IEEE PES ISGT Latinoam\u00e9rica 2025<\/strong> representa una plataforma estrat\u00e9gica para fortalecer la colaboraci\u00f3n entre gobiernos, sector privado, instituciones acad\u00e9micas y organismos multilaterales en torno al desarrollo energ\u00e9tico sostenible.<\/p>\n<p style=\"text-align: justify\">\u201cEste encuentro reunir\u00e1 a profesionales, empresas e investigadores de talla mundial, dedicados a la innovaci\u00f3n, generaci\u00f3n, distribuci\u00f3n, transmisi\u00f3n y gesti\u00f3n de la energ\u00eda. Es una oportunidad \u00fanica para que los profesionales paname\u00f1os y de la regi\u00f3n establezcan v\u00ednculos con l\u00edderes globales y accedan a conocimiento de vanguardia\u201d, subray\u00f3 el <strong>Presidente del Comit\u00e9 Organizador.<\/strong><\/p>\n<p style=\"text-align: justify\">Este congreso, que forma parte de la serie <strong>Innovative Smart Grid Technologies (ISGT)<\/strong> organizada por el IEEE PES a nivel global, ha demostrado tener un <strong>impacto significativo en el avance de pol\u00edticas p\u00fablicas, est\u00e1ndares tecnol\u00f3gicos e inversiones estrat\u00e9gicas en el sector el\u00e9ctrico<\/strong>. Su edici\u00f3n 2025 en Panam\u00e1 promete ser un hito para <strong>Am\u00e9rica Latina,<\/strong> consolidando a la regi\u00f3n como un actor clave en la transici\u00f3n energ\u00e9tica mundial.<\/p>\n<p>&nbsp;<\/p>\n<h2 style=\"text-align: justify\"><strong><u>Gran proyecci\u00f3n<\/u><\/strong><\/h2>\n<p style=\"text-align: justify\">El <strong>Dr. Ernesto Ibarra<\/strong>, <strong>Presidente de IEEE-Panam\u00e1,<\/strong> destac\u00f3 que la realizaci\u00f3n del <strong>IEEE PES ISGT Latinoam\u00e9rica 2025<\/strong> reafirma el liderazgo de Panam\u00e1 como un hub estrat\u00e9gico para la organizaci\u00f3n de eventos cient\u00edficos y tecnol\u00f3gicos de alto impacto en Latinoam\u00e9rica.<\/p>\n<p style=\"text-align: justify\">\u201cEsta iniciativa no solo fortalece el posicionamiento del pa\u00eds en el \u00e1mbito internacional al facilitar el contacto directo con autoridades y expertos de primer nivel, sino que tambi\u00e9n impulsa un turismo de alto valor agregado, generando beneficios significativos para diversos sectores de la econom\u00eda local\u201d, afirm\u00f3 el <strong>Dr. Ibarra.<\/strong><\/p>\n<p style=\"text-align: justify\">El <strong>Presidente de IEEE-Panam\u00e1<\/strong> resalt\u00f3 el esfuerzo sostenido realizado en los \u00faltimos a\u00f1os para atraer congresos y actividades de alto nivel, indicando que esta convocatoria confirma el \u00e9xito de esas pol\u00edticas orientadas a posicionar a Panam\u00e1 como un referente regional en ciencia y tecnolog\u00eda aplicada al sector energ\u00e9tico.<\/p>\n<p style=\"text-align: justify\">De manera paralela al congreso, se realizar\u00e1 la reuni\u00f3n de l\u00edderes de la Sociedad de Potencia y Energ\u00eda del IEEE, as\u00ed como la <strong>Reuni\u00f3n Inaugural del Comit\u00e9 Asesor Ejecutivo de Latinoam\u00e9rica<\/strong>, que convocar\u00e1 a cerca de <strong>40 altos ejecutivos<\/strong> de empresas energ\u00e9ticas de la regi\u00f3n, fortaleciendo el intercambio estrat\u00e9gico y la colaboraci\u00f3n entre los principales actores del sector.<\/p>\n<p>[\/vc_column_text][\/vc_column][\/vc_row]<\/p>\n<\/div>","protected":false},"excerpt":{"rendered":"<p>[vc_row][vc_column][vc_column_text css=\u00bb\u00bb]<br \/>\n60 expositores de 17 pa\u00edses mostrar\u00e1n estado actual del mercado y tendencias para los pr\u00f3ximos a\u00f1os<br \/>\n[\/vc_column_text][vc_empty_space][\/vc_column][\/vc_row][vc_row][vc_column][vc_column_text css=\u00bb\u00bb]<br \/>\nLa Ciudad de Panam\u00e1 se convertir\u00e1 en el epicentro del di\u00e1logo internacional sobre el futuro del sector el\u00e9ctrico, al albergar del 16 al 19 de septiembre el Congreso &#8230;<\/p>\n","protected":false},"author":53,"featured_media":30667,"comment_status":"closed","ping_status":"closed","sticky":false,"template":"","format":"standard","meta":{"footnotes":"","_links_to":"","_links_to_target":""},"categories":[48],"tags":[],"class_list":["post-31131","post","type-post","status-publish","format-standard","has-post-thumbnail","hentry","category-noticias"],"yoast_head":"<!-- This site is optimized with the Yoast SEO plugin v27.5 - https:\/\/yoast.com\/product\/yoast-seo-wordpress\/ -->\n<title>Ciudad de Panam\u00e1 recibir\u00e1 150 especialistas mundiales en temas de energ\u00eda el\u00e9ctrica - IEEE Secci\u00f3n Panam\u00e1<\/title>\n<meta name=\"robots\" content=\"index, follow, max-snippet:-1, max-image-preview:large, max-video-preview:-1\" \/>\n<link rel=\"canonical\" href=\"https:\/\/r9.ieee.org\/panama\/ciudad-de-panama-recibira-150-especialistas-mundiales-en-temas-de-energia-electrica\/\" \/>\n<meta name=\"twitter:label1\" content=\"Escrito por\" \/>\n\t<meta name=\"twitter:data1\" content=\"Tania Quiel\" \/>\n\t<meta name=\"twitter:label2\" content=\"Tiempo de lectura\" \/>\n\t<meta name=\"twitter:data2\" content=\"4 minutos\" \/>\n<script type=\"application\/ld+json\" class=\"yoast-schema-graph\">{\"@context\":\"https:\\\/\\\/schema.org\",\"@graph\":[{\"@type\":\"Article\",\"@id\":\"https:\\\/\\\/r9.ieee.org\\\/panama\\\/ciudad-de-panama-recibira-150-especialistas-mundiales-en-temas-de-energia-electrica\\\/#article\",\"isPartOf\":{\"@id\":\"https:\\\/\\\/r9.ieee.org\\\/panama\\\/ciudad-de-panama-recibira-150-especialistas-mundiales-en-temas-de-energia-electrica\\\/\"},\"author\":{\"name\":\"Tania Quiel\",\"@id\":\"https:\\\/\\\/r9.ieee.org\\\/panama\\\/#\\\/schema\\\/person\\\/55589d3235274cac7c8800bd577b27f8\"},\"headline\":\"Ciudad de Panam\u00e1 recibir\u00e1 150 especialistas mundiales en temas de energ\u00eda el\u00e9ctrica\",\"datePublished\":\"2025-09-02T18:43:30+00:00\",\"dateModified\":\"2025-10-08T19:07:43+00:00\",\"mainEntityOfPage\":{\"@id\":\"https:\\\/\\\/r9.ieee.org\\\/panama\\\/ciudad-de-panama-recibira-150-especialistas-mundiales-en-temas-de-energia-electrica\\\/\"},\"wordCount\":803,\"image\":{\"@id\":\"https:\\\/\\\/r9.ieee.org\\\/panama\\\/ciudad-de-panama-recibira-150-especialistas-mundiales-en-temas-de-energia-electrica\\\/#primaryimage\"},\"thumbnailUrl\":\"https:\\\/\\\/r9.ieee.org\\\/panama\\\/wp-content\\\/uploads\\\/sites\\\/25\\\/2025\\\/03\\\/LogoISGT-COLORES.png\",\"articleSection\":[\"Noticias\"],\"inLanguage\":\"es\"},{\"@type\":\"WebPage\",\"@id\":\"https:\\\/\\\/r9.ieee.org\\\/panama\\\/ciudad-de-panama-recibira-150-especialistas-mundiales-en-temas-de-energia-electrica\\\/\",\"url\":\"https:\\\/\\\/r9.ieee.org\\\/panama\\\/ciudad-de-panama-recibira-150-especialistas-mundiales-en-temas-de-energia-electrica\\\/\",\"name\":\"Ciudad de Panam\u00e1 recibir\u00e1 150 especialistas mundiales en temas de energ\u00eda el\u00e9ctrica - IEEE Secci\u00f3n Panam\u00e1\",\"isPartOf\":{\"@id\":\"https:\\\/\\\/r9.ieee.org\\\/panama\\\/#website\"},\"primaryImageOfPage\":{\"@id\":\"https:\\\/\\\/r9.ieee.org\\\/panama\\\/ciudad-de-panama-recibira-150-especialistas-mundiales-en-temas-de-energia-electrica\\\/#primaryimage\"},\"image\":{\"@id\":\"https:\\\/\\\/r9.ieee.org\\\/panama\\\/ciudad-de-panama-recibira-150-especialistas-mundiales-en-temas-de-energia-electrica\\\/#primaryimage\"},\"thumbnailUrl\":\"https:\\\/\\\/r9.ieee.org\\\/panama\\\/wp-content\\\/uploads\\\/sites\\\/25\\\/2025\\\/03\\\/LogoISGT-COLORES.png\",\"datePublished\":\"2025-09-02T18:43:30+00:00\",\"dateModified\":\"2025-10-08T19:07:43+00:00\",\"author\":{\"@id\":\"https:\\\/\\\/r9.ieee.org\\\/panama\\\/#\\\/schema\\\/person\\\/55589d3235274cac7c8800bd577b27f8\"},\"inLanguage\":\"es\",\"potentialAction\":[{\"@type\":\"ReadAction\",\"target\":[\"https:\\\/\\\/r9.ieee.org\\\/panama\\\/ciudad-de-panama-recibira-150-especialistas-mundiales-en-temas-de-energia-electrica\\\/\"]}]},{\"@type\":\"ImageObject\",\"inLanguage\":\"es\",\"@id\":\"https:\\\/\\\/r9.ieee.org\\\/panama\\\/ciudad-de-panama-recibira-150-especialistas-mundiales-en-temas-de-energia-electrica\\\/#primaryimage\",\"url\":\"https:\\\/\\\/r9.ieee.org\\\/panama\\\/wp-content\\\/uploads\\\/sites\\\/25\\\/2025\\\/03\\\/LogoISGT-COLORES.png\",\"contentUrl\":\"https:\\\/\\\/r9.ieee.org\\\/panama\\\/wp-content\\\/uploads\\\/sites\\\/25\\\/2025\\\/03\\\/LogoISGT-COLORES.png\",\"width\":1486,\"height\":949},{\"@type\":\"WebSite\",\"@id\":\"https:\\\/\\\/r9.ieee.org\\\/panama\\\/#website\",\"url\":\"https:\\\/\\\/r9.ieee.org\\\/panama\\\/\",\"name\":\"IEEE Secci\u00f3n Panam\u00e1\",\"description\":\"\",\"potentialAction\":[{\"@type\":\"SearchAction\",\"target\":{\"@type\":\"EntryPoint\",\"urlTemplate\":\"https:\\\/\\\/r9.ieee.org\\\/panama\\\/?s={search_term_string}\"},\"query-input\":{\"@type\":\"PropertyValueSpecification\",\"valueRequired\":true,\"valueName\":\"search_term_string\"}}],\"inLanguage\":\"es\"},{\"@type\":\"Person\",\"@id\":\"https:\\\/\\\/r9.ieee.org\\\/panama\\\/#\\\/schema\\\/person\\\/55589d3235274cac7c8800bd577b27f8\",\"name\":\"Tania Quiel\",\"image\":{\"@type\":\"ImageObject\",\"inLanguage\":\"es\",\"@id\":\"https:\\\/\\\/secure.gravatar.com\\\/avatar\\\/ffa3f852d60a71e7c3d7fabf3655b0e50e5d359f4d45655f66f9ccf80322cecb?s=96&r=g\",\"url\":\"https:\\\/\\\/secure.gravatar.com\\\/avatar\\\/ffa3f852d60a71e7c3d7fabf3655b0e50e5d359f4d45655f66f9ccf80322cecb?s=96&r=g\",\"contentUrl\":\"https:\\\/\\\/secure.gravatar.com\\\/avatar\\\/ffa3f852d60a71e7c3d7fabf3655b0e50e5d359f4d45655f66f9ccf80322cecb?s=96&r=g\",\"caption\":\"Tania Quiel\"},\"url\":\"https:\\\/\\\/r9.ieee.org\\\/panama\\\/author\\\/tquiel\\\/\"}]}<\/script>\n<!-- \/ Yoast SEO plugin. -->","yoast_head_json":{"title":"Ciudad de Panam\u00e1 recibir\u00e1 150 especialistas mundiales en temas de energ\u00eda el\u00e9ctrica - IEEE Secci\u00f3n Panam\u00e1","robots":{"index":"index","follow":"follow","max-snippet":"max-snippet:-1","max-image-preview":"max-image-preview:large","max-video-preview":"max-video-preview:-1"},"canonical":"https:\/\/r9.ieee.org\/panama\/ciudad-de-panama-recibira-150-especialistas-mundiales-en-temas-de-energia-electrica\/","twitter_misc":{"Escrito por":"Tania Quiel","Tiempo de lectura":"4 minutos"},"schema":{"@context":"https:\/\/schema.org","@graph":[{"@type":"Article","@id":"https:\/\/r9.ieee.org\/panama\/ciudad-de-panama-recibira-150-especialistas-mundiales-en-temas-de-energia-electrica\/#article","isPartOf":{"@id":"https:\/\/r9.ieee.org\/panama\/ciudad-de-panama-recibira-150-especialistas-mundiales-en-temas-de-energia-electrica\/"},"author":{"name":"Tania Quiel","@id":"https:\/\/r9.ieee.org\/panama\/#\/schema\/person\/55589d3235274cac7c8800bd577b27f8"},"headline":"Ciudad de Panam\u00e1 recibir\u00e1 150 especialistas mundiales en temas de energ\u00eda el\u00e9ctrica","datePublished":"2025-09-02T18:43:30+00:00","dateModified":"2025-10-08T19:07:43+00:00","mainEntityOfPage":{"@id":"https:\/\/r9.ieee.org\/panama\/ciudad-de-panama-recibira-150-especialistas-mundiales-en-temas-de-energia-electrica\/"},"wordCount":803,"image":{"@id":"https:\/\/r9.ieee.org\/panama\/ciudad-de-panama-recibira-150-especialistas-mundiales-en-temas-de-energia-electrica\/#primaryimage"},"thumbnailUrl":"https:\/\/r9.ieee.org\/panama\/wp-content\/uploads\/sites\/25\/2025\/03\/LogoISGT-COLORES.png","articleSection":["Noticias"],"inLanguage":"es"},{"@type":"WebPage","@id":"https:\/\/r9.ieee.org\/panama\/ciudad-de-panama-recibira-150-especialistas-mundiales-en-temas-de-energia-electrica\/","url":"https:\/\/r9.ieee.org\/panama\/ciudad-de-panama-recibira-150-especialistas-mundiales-en-temas-de-energia-electrica\/","name":"Ciudad de Panam\u00e1 recibir\u00e1 150 especialistas mundiales en temas de energ\u00eda el\u00e9ctrica - IEEE Secci\u00f3n Panam\u00e1","isPartOf":{"@id":"https:\/\/r9.ieee.org\/panama\/#website"},"primaryImageOfPage":{"@id":"https:\/\/r9.ieee.org\/panama\/ciudad-de-panama-recibira-150-especialistas-mundiales-en-temas-de-energia-electrica\/#primaryimage"},"image":{"@id":"https:\/\/r9.ieee.org\/panama\/ciudad-de-panama-recibira-150-especialistas-mundiales-en-temas-de-energia-electrica\/#primaryimage"},"thumbnailUrl":"https:\/\/r9.ieee.org\/panama\/wp-content\/uploads\/sites\/25\/2025\/03\/LogoISGT-COLORES.png","datePublished":"2025-09-02T18:43:30+00:00","dateModified":"2025-10-08T19:07:43+00:00","author":{"@id":"https:\/\/r9.ieee.org\/panama\/#\/schema\/person\/55589d3235274cac7c8800bd577b27f8"},"inLanguage":"es","potentialAction":[{"@type":"ReadAction","target":["https:\/\/r9.ieee.org\/panama\/ciudad-de-panama-recibira-150-especialistas-mundiales-en-temas-de-energia-electrica\/"]}]},{"@type":"ImageObject","inLanguage":"es","@id":"https:\/\/r9.ieee.org\/panama\/ciudad-de-panama-recibira-150-especialistas-mundiales-en-temas-de-energia-electrica\/#primaryimage","url":"https:\/\/r9.ieee.org\/panama\/wp-content\/uploads\/sites\/25\/2025\/03\/LogoISGT-COLORES.png","contentUrl":"https:\/\/r9.ieee.org\/panama\/wp-content\/uploads\/sites\/25\/2025\/03\/LogoISGT-COLORES.png","width":1486,"height":949},{"@type":"WebSite","@id":"https:\/\/r9.ieee.org\/panama\/#website","url":"https:\/\/r9.ieee.org\/panama\/","name":"IEEE Secci\u00f3n Panam\u00e1","description":"","potentialAction":[{"@type":"SearchAction","target":{"@type":"EntryPoint","urlTemplate":"https:\/\/r9.ieee.org\/panama\/?s={search_term_string}"},"query-input":{"@type":"PropertyValueSpecification","valueRequired":true,"valueName":"search_term_string"}}],"inLanguage":"es"},{"@type":"Person","@id":"https:\/\/r9.ieee.org\/panama\/#\/schema\/person\/55589d3235274cac7c8800bd577b27f8","name":"Tania Quiel","image":{"@type":"ImageObject","inLanguage":"es","@id":"https:\/\/secure.gravatar.com\/avatar\/ffa3f852d60a71e7c3d7fabf3655b0e50e5d359f4d45655f66f9ccf80322cecb?s=96&r=g","url":"https:\/\/secure.gravatar.com\/avatar\/ffa3f852d60a71e7c3d7fabf3655b0e50e5d359f4d45655f66f9ccf80322cecb?s=96&r=g","contentUrl":"https:\/\/secure.gravatar.com\/avatar\/ffa3f852d60a71e7c3d7fabf3655b0e50e5d359f4d45655f66f9ccf80322cecb?s=96&r=g","caption":"Tania Quiel"},"url":"https:\/\/r9.ieee.org\/panama\/author\/tquiel\/"}]}},"_links":{"self":[{"href":"https:\/\/r9.ieee.org\/panama\/wp-json\/wp\/v2\/posts\/31131","targetHints":{"allow":["GET"]}}],"collection":[{"href":"https:\/\/r9.ieee.org\/panama\/wp-json\/wp\/v2\/posts"}],"about":[{"href":"https:\/\/r9.ieee.org\/panama\/wp-json\/wp\/v2\/types\/post"}],"author":[{"embeddable":true,"href":"https:\/\/r9.ieee.org\/panama\/wp-json\/wp\/v2\/users\/53"}],"replies":[{"embeddable":true,"href":"https:\/\/r9.ieee.org\/panama\/wp-json\/wp\/v2\/comments?post=31131"}],"version-history":[{"count":0,"href":"https:\/\/r9.ieee.org\/panama\/wp-json\/wp\/v2\/posts\/31131\/revisions"}],"wp:featuredmedia":[{"embeddable":true,"href":"https:\/\/r9.ieee.org\/panama\/wp-json\/wp\/v2\/media\/30667"}],"wp:attachment":[{"href":"https:\/\/r9.ieee.org\/panama\/wp-json\/wp\/v2\/media?parent=31131"}],"wp:term":[{"taxonomy":"category","embeddable":true,"href":"https:\/\/r9.ieee.org\/panama\/wp-json\/wp\/v2\/categories?post=31131"},{"taxonomy":"post_tag","embeddable":true,"href":"https:\/\/r9.ieee.org\/panama\/wp-json\/wp\/v2\/tags?post=31131"}],"curies":[{"name":"wp","href":"https:\/\/api.w.org\/{rel}","templated":true}]}},{"id":31133,"date":"2025-08-20T13:51:15","date_gmt":"2025-08-20T18:51:15","guid":{"rendered":"https:\/\/r9.ieee.org\/panama\/?p=31133"},"modified":"2025-10-08T14:05:58","modified_gmt":"2025-10-08T19:05:58","slug":"jovenes-estudiantes-de-ingenieria-ocuparon-el-segundo-lugar-en-competencia-tecnologica","status":"publish","type":"post","link":"https:\/\/r9.ieee.org\/panama\/jovenes-estudiantes-de-ingenieria-ocuparon-el-segundo-lugar-en-competencia-tecnologica\/","title":{"rendered":"J\u00f3venes estudiantes de Ingenier\u00eda ocuparon el segundo lugar en competencia tecnol\u00f3gica"},"content":{"rendered":"<div class=\"wpb-content-wrapper\"><p>[vc_row][vc_column][vc_column_text css=\u00bb\u00bb]<\/p>\n<p style=\"text-align: center\"><em>Hackathon Copa Airlines \u2013 AWS como parte del Rising Stars <\/em><em>Latin America &amp; Caribbean 2025<\/em><\/p>\n<p>[\/vc_column_text][vc_single_image image=\u00bb31135&#8243; img_size=\u00bb700&#215;400&#8243; alignment=\u00bbcenter\u00bb css=\u00bb\u00bb][vc_empty_space][\/vc_column][\/vc_row][vc_row][vc_column][vc_column_text css=\u00bb\u00bb]<\/p>\n<p style=\"text-align: justify\">Un grupo de talentosos estudiantes de la<strong> Universidad Tecnol\u00f3gica de Panam\u00e1 (UTP) \u2014Edwin Acevedo (Ingenier\u00eda Electr\u00f3nica y Telecomunicaciones), Rafael Batista e Isa\u00edas Reyes (ambos de Ingenier\u00eda en Sistemas y Computaci\u00f3n), <\/strong>junto con <strong>Wilfredo Cano (Ingenier\u00eda de Software)\u2014 <\/strong>obtuvo el segundo lugar en el<strong> Hackathon Copa Airlines \u2013 Amazon Web Services (AWS): Tecnolog\u00eda en Acci\u00f3n, <\/strong>una competencia de innovaci\u00f3n tecnol\u00f3gica realizada en el marco del evento internacional<strong> IEEE Rising Stars Latin America &amp; Caribbean 2025. <\/strong><\/p>\n<p style=\"text-align: justify\">Este evento, que promueve la excelencia en ingenier\u00eda y tecnolog\u00eda entre<strong> j\u00f3venes <\/strong>profesionales y estudiantes, es el resultado de la colaboraci\u00f3n entre la<strong> Secci\u00f3n Panam\u00e1 del Instituto de Ingenieros El\u00e9ctricos y Electr\u00f3nicos (IEEE) <\/strong>y la aerol\u00ednea paname\u00f1a<strong> Copa Airlines, <\/strong>con el respaldo de<strong> AWS <\/strong>como socio tecnol\u00f3gico<strong>.<\/strong><\/p>\n<p style=\"text-align: justify\"><strong>Acevedo, Batista, Reyes y Cano<\/strong> forman parte de la <strong>Rama Estudiantil IEEE de la Universidad Tecnol\u00f3gica de Panam\u00e1 (UTP)<\/strong>, adscrita a la <strong>Secci\u00f3n Panam\u00e1<\/strong>. En representaci\u00f3n del pa\u00eds, tambi\u00e9n participaron j\u00f3venes profesionales y estudiantes de las <strong>Ramas Estudiantiles del IEEE Secci\u00f3n Panam\u00e1<\/strong> de otras instituciones de educaci\u00f3n superior, incluyendo la <strong>Universidad de Panam\u00e1 (UP)<\/strong>, la <strong>Universidad Latina de Panam\u00e1 (ULATINA)<\/strong> y la <strong>Universidad Especializada de Las Am\u00e9ricas (UDELAS)<\/strong>, demostrando el compromiso y la proyecci\u00f3n internacional del talento paname\u00f1o en el \u00e1mbito de la ingenier\u00eda y la tecnolog\u00eda.<\/p>\n<p style=\"text-align: justify\">Durante <strong>seis intensas horas<\/strong>, equipos multidisciplinarios de distintos pa\u00edses resolvieron desaf\u00edos reales del mundo de la aviaci\u00f3n, utilizando herramientas basadas en computaci\u00f3n en la nube, an\u00e1lisis de datos e inteligencia artificial generativa. La competencia se desarroll\u00f3 en tiempo real, con un sistema de puntuaci\u00f3n din\u00e1mico que se actualizaba en un tablero visible durante una transmisi\u00f3n en vivo desde Ciudad de Panam\u00e1.<\/p>\n<p style=\"text-align: justify\">Panam\u00e1 estuvo representada por el equipo <strong>QuerySquad<\/strong>, integrado por <strong>Acevedo,<\/strong> <strong>Batista, Reyes y Cano,<\/strong> quienes participaron en la modalidad <em>Capture the Flag<\/em> (Captura la bandera). Esta consist\u00eda en resolver una bater\u00eda de <strong>27 preguntas<\/strong> t\u00e9cnicas que requer\u00edan acceder y descifrar archivos encriptados para obtener la informaci\u00f3n necesaria.<\/p>\n<p style=\"text-align: justify\">\u201cPara lograr esa meta, utilizamos servicios de AWS para procesar los datos y configurar un modelo largo de lenguaje (LLM, por sus siglas en ingles), que nos permiti\u00f3 interactuar con la informaci\u00f3n encriptada mediante preguntas a una inteligencia artificial. As\u00ed pudimos verificar las respuestas y minimizar el margen de error\u201d, explic\u00f3 el participante<strong> Edwin<\/strong> <strong>Acevedo<\/strong>.<\/p>\n<p style=\"text-align: justify\">En total, la competencia reuni\u00f3 a <strong>20 equipos<\/strong> conformados por <strong>80 participantes<\/strong> provenientes de pa\u00edses como <strong>Panam\u00e1, M\u00e9xico, Colombia, Ecuador, Argentina, Costa Rica, Brasil, Rep\u00fablica Dominicana y Guatemala.<\/strong> La experiencia no solo puso a prueba habilidades t\u00e9cnicas, sino tambi\u00e9n la capacidad de colaborar, innovar y resolver problemas complejos en un entorno de alta presi\u00f3n.<\/p>\n<p style=\"text-align: justify\">Este escenario internacional no solo destac\u00f3 el alto nivel t\u00e9cnico de los participantes, sino tambi\u00e9n la importancia de fomentar espacios de colaboraci\u00f3n e innovaci\u00f3n tecnol\u00f3gica en la regi\u00f3n.<\/p>\n<h2 style=\"text-align: justify\"><strong><u>Otras posiciones<\/u><\/strong><\/h2>\n<p style=\"text-align: justify\">El <strong>Dr. Ernesto Ibarra<\/strong>, presidente de <strong>IEEE Secci\u00f3n Panam\u00e1<\/strong>, expres\u00f3 su orgullo por el desempe\u00f1o del equipo paname\u00f1o, destacando que el segundo lugar alcanzado \u201ces una muestra del talento local en el \u00e1rea de tecnolog\u00eda. Precisamente, una de las metas del <strong>IEEE Rising Stars<\/strong> es ofrecer a los nuevos profesionales una oportunidad para conocer de cerca las tendencias m\u00e1s actuales en el campo tecnol\u00f3gico\u201d.<\/p>\n<p style=\"text-align: justify\">Agreg\u00f3 adem\u00e1s que este resultado refleja a\u00f1os de trabajo sostenido desde <strong>IEEE-Panam\u00e1<\/strong> para fomentar el inter\u00e9s por la ciencia y la tecnolog\u00eda desde edades tempranas.<\/p>\n<p style=\"text-align: justify\">\u201cQue <strong>Panam\u00e1 <\/strong>haya ocupado el segundo lugar en un evento internacional de este nivel, con participantes de toda Latinoam\u00e9rica, es una se\u00f1al clara de que nuestras nuevas generaciones tienen una excelente preparaci\u00f3n. Desde IEEE Secci\u00f3n Panam\u00e1 hemos impulsado iniciativas en escuelas y colegios para fortalecer estas \u00e1reas, y hoy vemos con orgullo los frutos de ese esfuerzo\u201d, se\u00f1al\u00f3 Ibarra.<\/p>\n<p style=\"text-align: justify\">En esta edici\u00f3n de la <strong>Hackathon Copa Airlines \u2013 AWS: Tecnolog\u00eda en Acci\u00f3n<\/strong>, el primer lugar fue obtenido por el equipo <strong>Cloud Pilots<\/strong>, conformado por Uriel Crampton, Sebasti\u00e1n Pombo y Juan Guti\u00e9rrez Zorrilla, de Uruguay, junto a Efr\u00e9n Bautista Linares, de M\u00e9xico.<\/p>\n<p style=\"text-align: justify\">El tercer puesto lo logr\u00f3 el equipo <strong>Made in Ecuador<\/strong>, integrado por Rony Cabrera, Mar\u00eda de los \u00c1ngeles Carri\u00f3n, Carlos Carri\u00f3n y Viviana Montalva, todos de Ecuador.<\/p>\n<p style=\"text-align: justify\">En la cuarta posici\u00f3n se ubic\u00f3 el equipo colombiano <strong>QuatroCore<\/strong>, compuesto por Jairo Felipe R\u00edos, Miguel Gonz\u00e1lez, Joseph Rojas y Jos\u00e9 Crist\u00f3bal Arroyo.<\/p>\n<p>[\/vc_column_text][\/vc_column][\/vc_row]<\/p>\n<\/div>","protected":false},"excerpt":{"rendered":"<p>[vc_row][vc_column][vc_column_text css=\u00bb\u00bb]<br \/>\nHackathon Copa Airlines \u2013 AWS como parte del Rising Stars Latin America &amp; Caribbean 2025<br \/>\n[\/vc_column_text][vc_single_image image=\u00bb31135&#8243; img_size=\u00bb700&#215;400&#8243; alignment=\u00bbcenter\u00bb css=\u00bb\u00bb][vc_empty_space][\/vc_column][\/vc_row][vc_row][vc_column][vc_column_text css=\u00bb\u00bb]<br \/>\nUn grupo de talentosos estudiantes de la Universidad Tecnol\u00f3gica de Panam\u00e1 (UTP) \u2014Edwin Acevedo (Ingenier\u00eda Electr\u00f3nica y Telecomunicaciones), Rafael Batista e Isa\u00edas Reyes (ambos de &#8230;<\/p>\n","protected":false},"author":53,"featured_media":31135,"comment_status":"closed","ping_status":"closed","sticky":false,"template":"","format":"standard","meta":{"footnotes":"","_links_to":"","_links_to_target":""},"categories":[663944,48],"tags":[],"class_list":["post-31133","post","type-post","status-publish","format-standard","has-post-thumbnail","hentry","category-medios","category-noticias"],"yoast_head":"<!-- This site is optimized with the Yoast SEO plugin v27.5 - https:\/\/yoast.com\/product\/yoast-seo-wordpress\/ -->\n<title>J\u00f3venes estudiantes de Ingenier\u00eda ocuparon el segundo lugar en competencia tecnol\u00f3gica - IEEE Secci\u00f3n Panam\u00e1<\/title>\n<meta name=\"robots\" content=\"index, follow, max-snippet:-1, max-image-preview:large, max-video-preview:-1\" \/>\n<link rel=\"canonical\" href=\"https:\/\/r9.ieee.org\/panama\/jovenes-estudiantes-de-ingenieria-ocuparon-el-segundo-lugar-en-competencia-tecnologica\/\" \/>\n<meta name=\"twitter:label1\" content=\"Escrito por\" \/>\n\t<meta name=\"twitter:data1\" content=\"Tania Quiel\" \/>\n\t<meta name=\"twitter:label2\" content=\"Tiempo de lectura\" \/>\n\t<meta name=\"twitter:data2\" content=\"4 minutos\" \/>\n<script type=\"application\/ld+json\" class=\"yoast-schema-graph\">{\"@context\":\"https:\\\/\\\/schema.org\",\"@graph\":[{\"@type\":\"Article\",\"@id\":\"https:\\\/\\\/r9.ieee.org\\\/panama\\\/jovenes-estudiantes-de-ingenieria-ocuparon-el-segundo-lugar-en-competencia-tecnologica\\\/#article\",\"isPartOf\":{\"@id\":\"https:\\\/\\\/r9.ieee.org\\\/panama\\\/jovenes-estudiantes-de-ingenieria-ocuparon-el-segundo-lugar-en-competencia-tecnologica\\\/\"},\"author\":{\"name\":\"Tania Quiel\",\"@id\":\"https:\\\/\\\/r9.ieee.org\\\/panama\\\/#\\\/schema\\\/person\\\/55589d3235274cac7c8800bd577b27f8\"},\"headline\":\"J\u00f3venes estudiantes de Ingenier\u00eda ocuparon el segundo lugar en competencia tecnol\u00f3gica\",\"datePublished\":\"2025-08-20T18:51:15+00:00\",\"dateModified\":\"2025-10-08T19:05:58+00:00\",\"mainEntityOfPage\":{\"@id\":\"https:\\\/\\\/r9.ieee.org\\\/panama\\\/jovenes-estudiantes-de-ingenieria-ocuparon-el-segundo-lugar-en-competencia-tecnologica\\\/\"},\"wordCount\":848,\"image\":{\"@id\":\"https:\\\/\\\/r9.ieee.org\\\/panama\\\/jovenes-estudiantes-de-ingenieria-ocuparon-el-segundo-lugar-en-competencia-tecnologica\\\/#primaryimage\"},\"thumbnailUrl\":\"https:\\\/\\\/r9.ieee.org\\\/panama\\\/wp-content\\\/uploads\\\/sites\\\/25\\\/2025\\\/10\\\/rising.jpg\",\"articleSection\":[\"Medios\",\"Noticias\"],\"inLanguage\":\"es\"},{\"@type\":\"WebPage\",\"@id\":\"https:\\\/\\\/r9.ieee.org\\\/panama\\\/jovenes-estudiantes-de-ingenieria-ocuparon-el-segundo-lugar-en-competencia-tecnologica\\\/\",\"url\":\"https:\\\/\\\/r9.ieee.org\\\/panama\\\/jovenes-estudiantes-de-ingenieria-ocuparon-el-segundo-lugar-en-competencia-tecnologica\\\/\",\"name\":\"J\u00f3venes estudiantes de Ingenier\u00eda ocuparon el segundo lugar en competencia tecnol\u00f3gica - IEEE Secci\u00f3n Panam\u00e1\",\"isPartOf\":{\"@id\":\"https:\\\/\\\/r9.ieee.org\\\/panama\\\/#website\"},\"primaryImageOfPage\":{\"@id\":\"https:\\\/\\\/r9.ieee.org\\\/panama\\\/jovenes-estudiantes-de-ingenieria-ocuparon-el-segundo-lugar-en-competencia-tecnologica\\\/#primaryimage\"},\"image\":{\"@id\":\"https:\\\/\\\/r9.ieee.org\\\/panama\\\/jovenes-estudiantes-de-ingenieria-ocuparon-el-segundo-lugar-en-competencia-tecnologica\\\/#primaryimage\"},\"thumbnailUrl\":\"https:\\\/\\\/r9.ieee.org\\\/panama\\\/wp-content\\\/uploads\\\/sites\\\/25\\\/2025\\\/10\\\/rising.jpg\",\"datePublished\":\"2025-08-20T18:51:15+00:00\",\"dateModified\":\"2025-10-08T19:05:58+00:00\",\"author\":{\"@id\":\"https:\\\/\\\/r9.ieee.org\\\/panama\\\/#\\\/schema\\\/person\\\/55589d3235274cac7c8800bd577b27f8\"},\"inLanguage\":\"es\",\"potentialAction\":[{\"@type\":\"ReadAction\",\"target\":[\"https:\\\/\\\/r9.ieee.org\\\/panama\\\/jovenes-estudiantes-de-ingenieria-ocuparon-el-segundo-lugar-en-competencia-tecnologica\\\/\"]}]},{\"@type\":\"ImageObject\",\"inLanguage\":\"es\",\"@id\":\"https:\\\/\\\/r9.ieee.org\\\/panama\\\/jovenes-estudiantes-de-ingenieria-ocuparon-el-segundo-lugar-en-competencia-tecnologica\\\/#primaryimage\",\"url\":\"https:\\\/\\\/r9.ieee.org\\\/panama\\\/wp-content\\\/uploads\\\/sites\\\/25\\\/2025\\\/10\\\/rising.jpg\",\"contentUrl\":\"https:\\\/\\\/r9.ieee.org\\\/panama\\\/wp-content\\\/uploads\\\/sites\\\/25\\\/2025\\\/10\\\/rising.jpg\",\"width\":1280,\"height\":853},{\"@type\":\"WebSite\",\"@id\":\"https:\\\/\\\/r9.ieee.org\\\/panama\\\/#website\",\"url\":\"https:\\\/\\\/r9.ieee.org\\\/panama\\\/\",\"name\":\"IEEE Secci\u00f3n Panam\u00e1\",\"description\":\"\",\"potentialAction\":[{\"@type\":\"SearchAction\",\"target\":{\"@type\":\"EntryPoint\",\"urlTemplate\":\"https:\\\/\\\/r9.ieee.org\\\/panama\\\/?s={search_term_string}\"},\"query-input\":{\"@type\":\"PropertyValueSpecification\",\"valueRequired\":true,\"valueName\":\"search_term_string\"}}],\"inLanguage\":\"es\"},{\"@type\":\"Person\",\"@id\":\"https:\\\/\\\/r9.ieee.org\\\/panama\\\/#\\\/schema\\\/person\\\/55589d3235274cac7c8800bd577b27f8\",\"name\":\"Tania Quiel\",\"image\":{\"@type\":\"ImageObject\",\"inLanguage\":\"es\",\"@id\":\"https:\\\/\\\/secure.gravatar.com\\\/avatar\\\/ffa3f852d60a71e7c3d7fabf3655b0e50e5d359f4d45655f66f9ccf80322cecb?s=96&r=g\",\"url\":\"https:\\\/\\\/secure.gravatar.com\\\/avatar\\\/ffa3f852d60a71e7c3d7fabf3655b0e50e5d359f4d45655f66f9ccf80322cecb?s=96&r=g\",\"contentUrl\":\"https:\\\/\\\/secure.gravatar.com\\\/avatar\\\/ffa3f852d60a71e7c3d7fabf3655b0e50e5d359f4d45655f66f9ccf80322cecb?s=96&r=g\",\"caption\":\"Tania Quiel\"},\"url\":\"https:\\\/\\\/r9.ieee.org\\\/panama\\\/author\\\/tquiel\\\/\"}]}<\/script>\n<!-- \/ Yoast SEO plugin. -->","yoast_head_json":{"title":"J\u00f3venes estudiantes de Ingenier\u00eda ocuparon el segundo lugar en competencia tecnol\u00f3gica - IEEE Secci\u00f3n Panam\u00e1","robots":{"index":"index","follow":"follow","max-snippet":"max-snippet:-1","max-image-preview":"max-image-preview:large","max-video-preview":"max-video-preview:-1"},"canonical":"https:\/\/r9.ieee.org\/panama\/jovenes-estudiantes-de-ingenieria-ocuparon-el-segundo-lugar-en-competencia-tecnologica\/","twitter_misc":{"Escrito por":"Tania Quiel","Tiempo de lectura":"4 minutos"},"schema":{"@context":"https:\/\/schema.org","@graph":[{"@type":"Article","@id":"https:\/\/r9.ieee.org\/panama\/jovenes-estudiantes-de-ingenieria-ocuparon-el-segundo-lugar-en-competencia-tecnologica\/#article","isPartOf":{"@id":"https:\/\/r9.ieee.org\/panama\/jovenes-estudiantes-de-ingenieria-ocuparon-el-segundo-lugar-en-competencia-tecnologica\/"},"author":{"name":"Tania Quiel","@id":"https:\/\/r9.ieee.org\/panama\/#\/schema\/person\/55589d3235274cac7c8800bd577b27f8"},"headline":"J\u00f3venes estudiantes de Ingenier\u00eda ocuparon el segundo lugar en competencia tecnol\u00f3gica","datePublished":"2025-08-20T18:51:15+00:00","dateModified":"2025-10-08T19:05:58+00:00","mainEntityOfPage":{"@id":"https:\/\/r9.ieee.org\/panama\/jovenes-estudiantes-de-ingenieria-ocuparon-el-segundo-lugar-en-competencia-tecnologica\/"},"wordCount":848,"image":{"@id":"https:\/\/r9.ieee.org\/panama\/jovenes-estudiantes-de-ingenieria-ocuparon-el-segundo-lugar-en-competencia-tecnologica\/#primaryimage"},"thumbnailUrl":"https:\/\/r9.ieee.org\/panama\/wp-content\/uploads\/sites\/25\/2025\/10\/rising.jpg","articleSection":["Medios","Noticias"],"inLanguage":"es"},{"@type":"WebPage","@id":"https:\/\/r9.ieee.org\/panama\/jovenes-estudiantes-de-ingenieria-ocuparon-el-segundo-lugar-en-competencia-tecnologica\/","url":"https:\/\/r9.ieee.org\/panama\/jovenes-estudiantes-de-ingenieria-ocuparon-el-segundo-lugar-en-competencia-tecnologica\/","name":"J\u00f3venes estudiantes de Ingenier\u00eda ocuparon el segundo lugar en competencia tecnol\u00f3gica - IEEE Secci\u00f3n Panam\u00e1","isPartOf":{"@id":"https:\/\/r9.ieee.org\/panama\/#website"},"primaryImageOfPage":{"@id":"https:\/\/r9.ieee.org\/panama\/jovenes-estudiantes-de-ingenieria-ocuparon-el-segundo-lugar-en-competencia-tecnologica\/#primaryimage"},"image":{"@id":"https:\/\/r9.ieee.org\/panama\/jovenes-estudiantes-de-ingenieria-ocuparon-el-segundo-lugar-en-competencia-tecnologica\/#primaryimage"},"thumbnailUrl":"https:\/\/r9.ieee.org\/panama\/wp-content\/uploads\/sites\/25\/2025\/10\/rising.jpg","datePublished":"2025-08-20T18:51:15+00:00","dateModified":"2025-10-08T19:05:58+00:00","author":{"@id":"https:\/\/r9.ieee.org\/panama\/#\/schema\/person\/55589d3235274cac7c8800bd577b27f8"},"inLanguage":"es","potentialAction":[{"@type":"ReadAction","target":["https:\/\/r9.ieee.org\/panama\/jovenes-estudiantes-de-ingenieria-ocuparon-el-segundo-lugar-en-competencia-tecnologica\/"]}]},{"@type":"ImageObject","inLanguage":"es","@id":"https:\/\/r9.ieee.org\/panama\/jovenes-estudiantes-de-ingenieria-ocuparon-el-segundo-lugar-en-competencia-tecnologica\/#primaryimage","url":"https:\/\/r9.ieee.org\/panama\/wp-content\/uploads\/sites\/25\/2025\/10\/rising.jpg","contentUrl":"https:\/\/r9.ieee.org\/panama\/wp-content\/uploads\/sites\/25\/2025\/10\/rising.jpg","width":1280,"height":853},{"@type":"WebSite","@id":"https:\/\/r9.ieee.org\/panama\/#website","url":"https:\/\/r9.ieee.org\/panama\/","name":"IEEE Secci\u00f3n Panam\u00e1","description":"","potentialAction":[{"@type":"SearchAction","target":{"@type":"EntryPoint","urlTemplate":"https:\/\/r9.ieee.org\/panama\/?s={search_term_string}"},"query-input":{"@type":"PropertyValueSpecification","valueRequired":true,"valueName":"search_term_string"}}],"inLanguage":"es"},{"@type":"Person","@id":"https:\/\/r9.ieee.org\/panama\/#\/schema\/person\/55589d3235274cac7c8800bd577b27f8","name":"Tania Quiel","image":{"@type":"ImageObject","inLanguage":"es","@id":"https:\/\/secure.gravatar.com\/avatar\/ffa3f852d60a71e7c3d7fabf3655b0e50e5d359f4d45655f66f9ccf80322cecb?s=96&r=g","url":"https:\/\/secure.gravatar.com\/avatar\/ffa3f852d60a71e7c3d7fabf3655b0e50e5d359f4d45655f66f9ccf80322cecb?s=96&r=g","contentUrl":"https:\/\/secure.gravatar.com\/avatar\/ffa3f852d60a71e7c3d7fabf3655b0e50e5d359f4d45655f66f9ccf80322cecb?s=96&r=g","caption":"Tania Quiel"},"url":"https:\/\/r9.ieee.org\/panama\/author\/tquiel\/"}]}},"_links":{"self":[{"href":"https:\/\/r9.ieee.org\/panama\/wp-json\/wp\/v2\/posts\/31133","targetHints":{"allow":["GET"]}}],"collection":[{"href":"https:\/\/r9.ieee.org\/panama\/wp-json\/wp\/v2\/posts"}],"about":[{"href":"https:\/\/r9.ieee.org\/panama\/wp-json\/wp\/v2\/types\/post"}],"author":[{"embeddable":true,"href":"https:\/\/r9.ieee.org\/panama\/wp-json\/wp\/v2\/users\/53"}],"replies":[{"embeddable":true,"href":"https:\/\/r9.ieee.org\/panama\/wp-json\/wp\/v2\/comments?post=31133"}],"version-history":[{"count":0,"href":"https:\/\/r9.ieee.org\/panama\/wp-json\/wp\/v2\/posts\/31133\/revisions"}],"wp:featuredmedia":[{"embeddable":true,"href":"https:\/\/r9.ieee.org\/panama\/wp-json\/wp\/v2\/media\/31135"}],"wp:attachment":[{"href":"https:\/\/r9.ieee.org\/panama\/wp-json\/wp\/v2\/media?parent=31133"}],"wp:term":[{"taxonomy":"category","embeddable":true,"href":"https:\/\/r9.ieee.org\/panama\/wp-json\/wp\/v2\/categories?post=31133"},{"taxonomy":"post_tag","embeddable":true,"href":"https:\/\/r9.ieee.org\/panama\/wp-json\/wp\/v2\/tags?post=31133"}],"curies":[{"name":"wp","href":"https:\/\/api.w.org\/{rel}","templated":true}]}},{"id":31141,"date":"2025-08-08T14:04:36","date_gmt":"2025-08-08T19:04:36","guid":{"rendered":"https:\/\/r9.ieee.org\/panama\/?p=31141"},"modified":"2025-10-08T14:05:24","modified_gmt":"2025-10-08T19:05:24","slug":"panama-sera-sede-de-uno-de-los-eventos-tecnologicos-mas-importantes-de-latinoamerica","status":"publish","type":"post","link":"https:\/\/r9.ieee.org\/panama\/panama-sera-sede-de-uno-de-los-eventos-tecnologicos-mas-importantes-de-latinoamerica\/","title":{"rendered":"Panam\u00e1 ser\u00e1 sede de uno de los eventos tecnol\u00f3gicos m\u00e1s importantes de Latinoam\u00e9rica"},"content":{"rendered":"<div class=\"wpb-content-wrapper\"><p>[vc_row][vc_column][vc_column_text css=\u00bb\u00bb]<\/p>\n<p style=\"text-align: center\"><em>Rising Stars Latin America &amp; Caribbean 2025 reunir\u00e1 a j\u00f3venes profesionales, expertos y l\u00edderes del sector tecnol\u00f3gico en una experiencia \u00fanica de innovaci\u00f3n, desarrollo profesional y tendencias emergentes.<\/em><\/p>\n<p>[\/vc_column_text][vc_single_image image=\u00bb31143&#8243; img_size=\u00bb700&#215;400&#8243; alignment=\u00bbcenter\u00bb css=\u00bb\u00bb][vc_empty_space][\/vc_column][\/vc_row][vc_row][vc_column][vc_column_text css=\u00bb\u00bb]<\/p>\n<p style=\"text-align: justify\">Por primera vez en la historia, el evento internacional <strong><em>Rising Stars<\/em><\/strong>, organizado por el Instituto de <strong>Ingenieros El\u00e9ctricos y Electr\u00f3nicos (IEEE), <\/strong>llega a<strong> Am\u00e9rica Latina. <\/strong><\/p>\n<p style=\"text-align: justify\">Tras 10 exitosas ediciones en Las Vegas, Estados Unidos, el encuentro se celebrar\u00e1 del <strong>15 al 17 de agosto de 2025 en el Hotel Riu de Ciudad de Panam\u00e1<\/strong>, consolidando a <strong>Panam\u00e1 <\/strong>como un nuevo punto de encuentro clave para el talento tecnol\u00f3gico de la regi\u00f3n.<\/p>\n<p style=\"text-align: justify\">Organizado por la <strong>Regi\u00f3n 9 de IEEE (Latinoam\u00e9rica y el Caribe),<\/strong> <strong><em>Rising Stars<\/em><\/strong> tiene como misi\u00f3n conectar, inspirar y empoderar a los mejores estudiantes de ingenier\u00eda y j\u00f3venes profesionales, brindando herramientas clave para su crecimiento personal y profesional.<\/p>\n<p style=\"text-align: justify\">\u201cLos asistentes saldr\u00e1n del evento energizados y mejor preparados para enfrentar los desaf\u00edos t\u00e9cnicos y profesionales del futuro, con nuevas habilidades, perspectivas y una red de contactos valiosa para apoyar su desarrollo\u201d, destac\u00f3 <strong>Ruben Barrera-Michel, presidente de la conferencia.\u00a0 <\/strong><\/p>\n<h2 style=\"text-align: justify\"><strong>Agenda destacada: IA, sostenibilidad y predicciones tecnol\u00f3gicas<\/strong><\/h2>\n<p style=\"text-align: justify\">El evento contar\u00e1 con ponentes de alto nivel y una programaci\u00f3n orientada a los retos m\u00e1s apremiantes de la industria tecnol\u00f3gica. Entre los oradores principales destacan:<\/p>\n<ul style=\"text-align: justify\">\n<li><strong>Julio Toro<\/strong>, CTO de Copa Airlines, quien ofrecer\u00e1 la conferencia inaugural titulada:<br \/>\n<em>\u201cAlgoritmo para un futuro incierto: reflexiones sobre el impacto de la inteligencia artificial en nuestra profesi\u00f3n\u201d<\/em>.<\/li>\n<li><strong>Ilya Espino de Marotta<\/strong>, exadministradora adjunta del Canal de Panam\u00e1 y actual Oficial de Sostenibilidad, quien abordar\u00e1 temas de energ\u00eda y sostenibilidad.<\/li>\n<li><strong>Dejan Milojicic<\/strong>, reconocido investigador de Hewlett Packard Labs, presentar\u00e1 la conferencia <em>\u201cTechnology Predictions and Megatrends\u201d<\/em>.<\/li>\n<\/ul>\n<p style=\"text-align: justify\">El programa completo puede consultarse en: <a href=\"https:\/\/r9.ieee.org\/risingstars-2025\/\">Calendario de eventos \u2013 IEEE Regi\u00f3n 9 Rising Stars 2025<\/a>].<\/p>\n<h2 style=\"text-align: justify\"><strong>Hackathon Copa Airlines \u2013 AWS: tecnolog\u00eda en acci\u00f3n<\/strong><\/h2>\n<p style=\"text-align: justify\">Uno de los momentos m\u00e1s esperados ser\u00e1 la Hackathon Copa Airlines \u2013 AWS, que se realizar\u00e1 el 16 de agosto. Durante seis horas, equipos multidisciplinarios resolver\u00e1n retos reales del mundo de la aviaci\u00f3n utilizando herramientas de nube, datos e inteligencia artificial generativa.<\/p>\n<p style=\"text-align: justify\">Los participantes competir\u00e1n en tiempo real, resolviendo desaf\u00edos por etapas que aumentar\u00e1n su puntaje en un tablero visible en una transmisi\u00f3n en vivo. Los ganadores de la hackathon recibir\u00e1n boletos a\u00e9reos en la red de Copa Airlines.<\/p>\n<p>[\/vc_column_text][\/vc_column][\/vc_row]<\/p>\n<\/div>","protected":false},"excerpt":{"rendered":"<p>[vc_row][vc_column][vc_column_text css=\u00bb\u00bb]<br \/>\nRising Stars Latin America &amp; Caribbean 2025 reunir\u00e1 a j\u00f3venes profesionales, expertos y l\u00edderes del sector tecnol\u00f3gico en una experiencia \u00fanica de innovaci\u00f3n, desarrollo profesional y tendencias emergentes.<br \/>\n[\/vc_column_text][vc_single_image image=\u00bb31143&#8243; img_size=\u00bb700&#215;400&#8243; alignment=\u00bbcenter\u00bb css=\u00bb\u00bb][vc_empty_space][\/vc_column][\/vc_row][vc_row][vc_column][vc_column_text css=\u00bb\u00bb]<br \/>\nPor primera vez en la historia, el evento internacional Rising Stars, organizado &#8230;<\/p>\n","protected":false},"author":53,"featured_media":31143,"comment_status":"closed","ping_status":"closed","sticky":false,"template":"","format":"standard","meta":{"footnotes":"","_links_to":"","_links_to_target":""},"categories":[663944,48],"tags":[],"class_list":["post-31141","post","type-post","status-publish","format-standard","has-post-thumbnail","hentry","category-medios","category-noticias"],"yoast_head":"<!-- This site is optimized with the Yoast SEO plugin v27.5 - https:\/\/yoast.com\/product\/yoast-seo-wordpress\/ -->\n<title>Panam\u00e1 ser\u00e1 sede de uno de los eventos tecnol\u00f3gicos m\u00e1s importantes de Latinoam\u00e9rica - IEEE Secci\u00f3n Panam\u00e1<\/title>\n<meta name=\"robots\" content=\"index, follow, max-snippet:-1, max-image-preview:large, max-video-preview:-1\" \/>\n<link rel=\"canonical\" href=\"https:\/\/r9.ieee.org\/panama\/panama-sera-sede-de-uno-de-los-eventos-tecnologicos-mas-importantes-de-latinoamerica\/\" \/>\n<meta name=\"twitter:label1\" content=\"Escrito por\" \/>\n\t<meta name=\"twitter:data1\" content=\"Tania Quiel\" \/>\n\t<meta name=\"twitter:label2\" content=\"Tiempo de lectura\" \/>\n\t<meta name=\"twitter:data2\" content=\"2 minutos\" \/>\n<script type=\"application\/ld+json\" class=\"yoast-schema-graph\">{\"@context\":\"https:\\\/\\\/schema.org\",\"@graph\":[{\"@type\":\"Article\",\"@id\":\"https:\\\/\\\/r9.ieee.org\\\/panama\\\/panama-sera-sede-de-uno-de-los-eventos-tecnologicos-mas-importantes-de-latinoamerica\\\/#article\",\"isPartOf\":{\"@id\":\"https:\\\/\\\/r9.ieee.org\\\/panama\\\/panama-sera-sede-de-uno-de-los-eventos-tecnologicos-mas-importantes-de-latinoamerica\\\/\"},\"author\":{\"name\":\"Tania Quiel\",\"@id\":\"https:\\\/\\\/r9.ieee.org\\\/panama\\\/#\\\/schema\\\/person\\\/55589d3235274cac7c8800bd577b27f8\"},\"headline\":\"Panam\u00e1 ser\u00e1 sede de uno de los eventos tecnol\u00f3gicos m\u00e1s importantes de Latinoam\u00e9rica\",\"datePublished\":\"2025-08-08T19:04:36+00:00\",\"dateModified\":\"2025-10-08T19:05:24+00:00\",\"mainEntityOfPage\":{\"@id\":\"https:\\\/\\\/r9.ieee.org\\\/panama\\\/panama-sera-sede-de-uno-de-los-eventos-tecnologicos-mas-importantes-de-latinoamerica\\\/\"},\"wordCount\":459,\"image\":{\"@id\":\"https:\\\/\\\/r9.ieee.org\\\/panama\\\/panama-sera-sede-de-uno-de-los-eventos-tecnologicos-mas-importantes-de-latinoamerica\\\/#primaryimage\"},\"thumbnailUrl\":\"https:\\\/\\\/r9.ieee.org\\\/panama\\\/wp-content\\\/uploads\\\/sites\\\/25\\\/2025\\\/10\\\/foto-rising.jpg\",\"articleSection\":[\"Medios\",\"Noticias\"],\"inLanguage\":\"es\"},{\"@type\":\"WebPage\",\"@id\":\"https:\\\/\\\/r9.ieee.org\\\/panama\\\/panama-sera-sede-de-uno-de-los-eventos-tecnologicos-mas-importantes-de-latinoamerica\\\/\",\"url\":\"https:\\\/\\\/r9.ieee.org\\\/panama\\\/panama-sera-sede-de-uno-de-los-eventos-tecnologicos-mas-importantes-de-latinoamerica\\\/\",\"name\":\"Panam\u00e1 ser\u00e1 sede de uno de los eventos tecnol\u00f3gicos m\u00e1s importantes de Latinoam\u00e9rica - IEEE Secci\u00f3n Panam\u00e1\",\"isPartOf\":{\"@id\":\"https:\\\/\\\/r9.ieee.org\\\/panama\\\/#website\"},\"primaryImageOfPage\":{\"@id\":\"https:\\\/\\\/r9.ieee.org\\\/panama\\\/panama-sera-sede-de-uno-de-los-eventos-tecnologicos-mas-importantes-de-latinoamerica\\\/#primaryimage\"},\"image\":{\"@id\":\"https:\\\/\\\/r9.ieee.org\\\/panama\\\/panama-sera-sede-de-uno-de-los-eventos-tecnologicos-mas-importantes-de-latinoamerica\\\/#primaryimage\"},\"thumbnailUrl\":\"https:\\\/\\\/r9.ieee.org\\\/panama\\\/wp-content\\\/uploads\\\/sites\\\/25\\\/2025\\\/10\\\/foto-rising.jpg\",\"datePublished\":\"2025-08-08T19:04:36+00:00\",\"dateModified\":\"2025-10-08T19:05:24+00:00\",\"author\":{\"@id\":\"https:\\\/\\\/r9.ieee.org\\\/panama\\\/#\\\/schema\\\/person\\\/55589d3235274cac7c8800bd577b27f8\"},\"inLanguage\":\"es\",\"potentialAction\":[{\"@type\":\"ReadAction\",\"target\":[\"https:\\\/\\\/r9.ieee.org\\\/panama\\\/panama-sera-sede-de-uno-de-los-eventos-tecnologicos-mas-importantes-de-latinoamerica\\\/\"]}]},{\"@type\":\"ImageObject\",\"inLanguage\":\"es\",\"@id\":\"https:\\\/\\\/r9.ieee.org\\\/panama\\\/panama-sera-sede-de-uno-de-los-eventos-tecnologicos-mas-importantes-de-latinoamerica\\\/#primaryimage\",\"url\":\"https:\\\/\\\/r9.ieee.org\\\/panama\\\/wp-content\\\/uploads\\\/sites\\\/25\\\/2025\\\/10\\\/foto-rising.jpg\",\"contentUrl\":\"https:\\\/\\\/r9.ieee.org\\\/panama\\\/wp-content\\\/uploads\\\/sites\\\/25\\\/2025\\\/10\\\/foto-rising.jpg\",\"width\":1600,\"height\":1006},{\"@type\":\"WebSite\",\"@id\":\"https:\\\/\\\/r9.ieee.org\\\/panama\\\/#website\",\"url\":\"https:\\\/\\\/r9.ieee.org\\\/panama\\\/\",\"name\":\"IEEE Secci\u00f3n Panam\u00e1\",\"description\":\"\",\"potentialAction\":[{\"@type\":\"SearchAction\",\"target\":{\"@type\":\"EntryPoint\",\"urlTemplate\":\"https:\\\/\\\/r9.ieee.org\\\/panama\\\/?s={search_term_string}\"},\"query-input\":{\"@type\":\"PropertyValueSpecification\",\"valueRequired\":true,\"valueName\":\"search_term_string\"}}],\"inLanguage\":\"es\"},{\"@type\":\"Person\",\"@id\":\"https:\\\/\\\/r9.ieee.org\\\/panama\\\/#\\\/schema\\\/person\\\/55589d3235274cac7c8800bd577b27f8\",\"name\":\"Tania Quiel\",\"image\":{\"@type\":\"ImageObject\",\"inLanguage\":\"es\",\"@id\":\"https:\\\/\\\/secure.gravatar.com\\\/avatar\\\/ffa3f852d60a71e7c3d7fabf3655b0e50e5d359f4d45655f66f9ccf80322cecb?s=96&r=g\",\"url\":\"https:\\\/\\\/secure.gravatar.com\\\/avatar\\\/ffa3f852d60a71e7c3d7fabf3655b0e50e5d359f4d45655f66f9ccf80322cecb?s=96&r=g\",\"contentUrl\":\"https:\\\/\\\/secure.gravatar.com\\\/avatar\\\/ffa3f852d60a71e7c3d7fabf3655b0e50e5d359f4d45655f66f9ccf80322cecb?s=96&r=g\",\"caption\":\"Tania Quiel\"},\"url\":\"https:\\\/\\\/r9.ieee.org\\\/panama\\\/author\\\/tquiel\\\/\"}]}<\/script>\n<!-- \/ Yoast SEO plugin. -->","yoast_head_json":{"title":"Panam\u00e1 ser\u00e1 sede de uno de los eventos tecnol\u00f3gicos m\u00e1s importantes de Latinoam\u00e9rica - IEEE Secci\u00f3n Panam\u00e1","robots":{"index":"index","follow":"follow","max-snippet":"max-snippet:-1","max-image-preview":"max-image-preview:large","max-video-preview":"max-video-preview:-1"},"canonical":"https:\/\/r9.ieee.org\/panama\/panama-sera-sede-de-uno-de-los-eventos-tecnologicos-mas-importantes-de-latinoamerica\/","twitter_misc":{"Escrito por":"Tania Quiel","Tiempo de lectura":"2 minutos"},"schema":{"@context":"https:\/\/schema.org","@graph":[{"@type":"Article","@id":"https:\/\/r9.ieee.org\/panama\/panama-sera-sede-de-uno-de-los-eventos-tecnologicos-mas-importantes-de-latinoamerica\/#article","isPartOf":{"@id":"https:\/\/r9.ieee.org\/panama\/panama-sera-sede-de-uno-de-los-eventos-tecnologicos-mas-importantes-de-latinoamerica\/"},"author":{"name":"Tania Quiel","@id":"https:\/\/r9.ieee.org\/panama\/#\/schema\/person\/55589d3235274cac7c8800bd577b27f8"},"headline":"Panam\u00e1 ser\u00e1 sede de uno de los eventos tecnol\u00f3gicos m\u00e1s importantes de Latinoam\u00e9rica","datePublished":"2025-08-08T19:04:36+00:00","dateModified":"2025-10-08T19:05:24+00:00","mainEntityOfPage":{"@id":"https:\/\/r9.ieee.org\/panama\/panama-sera-sede-de-uno-de-los-eventos-tecnologicos-mas-importantes-de-latinoamerica\/"},"wordCount":459,"image":{"@id":"https:\/\/r9.ieee.org\/panama\/panama-sera-sede-de-uno-de-los-eventos-tecnologicos-mas-importantes-de-latinoamerica\/#primaryimage"},"thumbnailUrl":"https:\/\/r9.ieee.org\/panama\/wp-content\/uploads\/sites\/25\/2025\/10\/foto-rising.jpg","articleSection":["Medios","Noticias"],"inLanguage":"es"},{"@type":"WebPage","@id":"https:\/\/r9.ieee.org\/panama\/panama-sera-sede-de-uno-de-los-eventos-tecnologicos-mas-importantes-de-latinoamerica\/","url":"https:\/\/r9.ieee.org\/panama\/panama-sera-sede-de-uno-de-los-eventos-tecnologicos-mas-importantes-de-latinoamerica\/","name":"Panam\u00e1 ser\u00e1 sede de uno de los eventos tecnol\u00f3gicos m\u00e1s importantes de Latinoam\u00e9rica - IEEE Secci\u00f3n Panam\u00e1","isPartOf":{"@id":"https:\/\/r9.ieee.org\/panama\/#website"},"primaryImageOfPage":{"@id":"https:\/\/r9.ieee.org\/panama\/panama-sera-sede-de-uno-de-los-eventos-tecnologicos-mas-importantes-de-latinoamerica\/#primaryimage"},"image":{"@id":"https:\/\/r9.ieee.org\/panama\/panama-sera-sede-de-uno-de-los-eventos-tecnologicos-mas-importantes-de-latinoamerica\/#primaryimage"},"thumbnailUrl":"https:\/\/r9.ieee.org\/panama\/wp-content\/uploads\/sites\/25\/2025\/10\/foto-rising.jpg","datePublished":"2025-08-08T19:04:36+00:00","dateModified":"2025-10-08T19:05:24+00:00","author":{"@id":"https:\/\/r9.ieee.org\/panama\/#\/schema\/person\/55589d3235274cac7c8800bd577b27f8"},"inLanguage":"es","potentialAction":[{"@type":"ReadAction","target":["https:\/\/r9.ieee.org\/panama\/panama-sera-sede-de-uno-de-los-eventos-tecnologicos-mas-importantes-de-latinoamerica\/"]}]},{"@type":"ImageObject","inLanguage":"es","@id":"https:\/\/r9.ieee.org\/panama\/panama-sera-sede-de-uno-de-los-eventos-tecnologicos-mas-importantes-de-latinoamerica\/#primaryimage","url":"https:\/\/r9.ieee.org\/panama\/wp-content\/uploads\/sites\/25\/2025\/10\/foto-rising.jpg","contentUrl":"https:\/\/r9.ieee.org\/panama\/wp-content\/uploads\/sites\/25\/2025\/10\/foto-rising.jpg","width":1600,"height":1006},{"@type":"WebSite","@id":"https:\/\/r9.ieee.org\/panama\/#website","url":"https:\/\/r9.ieee.org\/panama\/","name":"IEEE Secci\u00f3n Panam\u00e1","description":"","potentialAction":[{"@type":"SearchAction","target":{"@type":"EntryPoint","urlTemplate":"https:\/\/r9.ieee.org\/panama\/?s={search_term_string}"},"query-input":{"@type":"PropertyValueSpecification","valueRequired":true,"valueName":"search_term_string"}}],"inLanguage":"es"},{"@type":"Person","@id":"https:\/\/r9.ieee.org\/panama\/#\/schema\/person\/55589d3235274cac7c8800bd577b27f8","name":"Tania Quiel","image":{"@type":"ImageObject","inLanguage":"es","@id":"https:\/\/secure.gravatar.com\/avatar\/ffa3f852d60a71e7c3d7fabf3655b0e50e5d359f4d45655f66f9ccf80322cecb?s=96&r=g","url":"https:\/\/secure.gravatar.com\/avatar\/ffa3f852d60a71e7c3d7fabf3655b0e50e5d359f4d45655f66f9ccf80322cecb?s=96&r=g","contentUrl":"https:\/\/secure.gravatar.com\/avatar\/ffa3f852d60a71e7c3d7fabf3655b0e50e5d359f4d45655f66f9ccf80322cecb?s=96&r=g","caption":"Tania Quiel"},"url":"https:\/\/r9.ieee.org\/panama\/author\/tquiel\/"}]}},"_links":{"self":[{"href":"https:\/\/r9.ieee.org\/panama\/wp-json\/wp\/v2\/posts\/31141","targetHints":{"allow":["GET"]}}],"collection":[{"href":"https:\/\/r9.ieee.org\/panama\/wp-json\/wp\/v2\/posts"}],"about":[{"href":"https:\/\/r9.ieee.org\/panama\/wp-json\/wp\/v2\/types\/post"}],"author":[{"embeddable":true,"href":"https:\/\/r9.ieee.org\/panama\/wp-json\/wp\/v2\/users\/53"}],"replies":[{"embeddable":true,"href":"https:\/\/r9.ieee.org\/panama\/wp-json\/wp\/v2\/comments?post=31141"}],"version-history":[{"count":0,"href":"https:\/\/r9.ieee.org\/panama\/wp-json\/wp\/v2\/posts\/31141\/revisions"}],"wp:featuredmedia":[{"embeddable":true,"href":"https:\/\/r9.ieee.org\/panama\/wp-json\/wp\/v2\/media\/31143"}],"wp:attachment":[{"href":"https:\/\/r9.ieee.org\/panama\/wp-json\/wp\/v2\/media?parent=31141"}],"wp:term":[{"taxonomy":"category","embeddable":true,"href":"https:\/\/r9.ieee.org\/panama\/wp-json\/wp\/v2\/categories?post=31141"},{"taxonomy":"post_tag","embeddable":true,"href":"https:\/\/r9.ieee.org\/panama\/wp-json\/wp\/v2\/tags?post=31141"}],"curies":[{"name":"wp","href":"https:\/\/api.w.org\/{rel}","templated":true}]}},{"id":31128,"date":"2025-07-08T12:51:16","date_gmt":"2025-07-08T17:51:16","guid":{"rendered":"https:\/\/r9.ieee.org\/panama\/?p=31128"},"modified":"2025-10-08T12:53:26","modified_gmt":"2025-10-08T17:53:26","slug":"ingenieria-biomedica-de-panama-trasciende-fronteras","status":"publish","type":"post","link":"https:\/\/r9.ieee.org\/panama\/ingenieria-biomedica-de-panama-trasciende-fronteras\/","title":{"rendered":"Ingenier\u00eda Biom\u00e9dica de Panam\u00e1 trasciende fronteras"},"content":{"rendered":"<div class=\"wpb-content-wrapper\"><p>[vc_row][vc_column][vc_column_text css=\u00bb\u00bb]<\/p>\n<p style=\"text-align: center\"><em>Por Dr. Luis Carlos Estrada-Petrocelli, Presidente del Cap\u00edtulo IEEE EMBS Panam\u00e1<\/em><\/p>\n<p>[\/vc_column_text][vc_empty_space][\/vc_column][\/vc_row][vc_row][vc_column][vc_column_text css=\u00bb\u00bb]<\/p>\n<p style=\"text-align: justify\">En respuesta a los avances tecnol\u00f3gicos que redefinen la pr\u00e1ctica m\u00e9dica, surgi\u00f3 en <strong>Panam\u00e1<\/strong> la necesidad de contar con profesionales en <strong>Ingenier\u00eda Biom\u00e9dica<\/strong> capacitados para trabajar de manera articulada con m\u00e9dicos, enfermeras y otros integrantes del personal de salud. Esta demanda dio origen a la formaci\u00f3n de ingenieros biom\u00e9dicos: una carrera que integra conocimientos de ingenier\u00eda con el compromiso por el bienestar humano.<\/p>\n<p style=\"text-align: justify\"><strong>Reconocimiento internacional en 2025: <\/strong>Como reflejo de ese compromiso, el <strong>Cap\u00edtulo Panam\u00e1 de la Sociedad de Ingenier\u00eda en Medicina y Biolog\u00eda del IEEE (IEEE EMBS Panam\u00e1)<\/strong> ha sido reconocido este a\u00f1o <strong>2025 <\/strong>con el premio <strong><em>Best Regional Professional Chapter Award<\/em><\/strong>, que lo distingue como el <strong>mejor cap\u00edtulo profesional de Am\u00e9rica Latina.<\/strong> El galard\u00f3n ser\u00e1 entregado en <strong>julio<\/strong> durante una ceremonia especial en <strong>Dinamarca\u00b8 <\/strong>un premio que reconoce el esfuerzo colectivo en fortalecer la ingenier\u00eda biom\u00e9dica en Panam\u00e1 y Latinoam\u00e9rica.<\/p>\n<p style=\"text-align: justify\">La ingenier\u00eda biom\u00e9dica es una disciplina que combina los principios de la ingenier\u00eda con las ciencias de la vida para desarrollar soluciones que mejoren la salud humana. Su campo de acci\u00f3n abarca desde el dise\u00f1o y mantenimiento de equipos m\u00e9dicos hasta la innovaci\u00f3n en tecnolog\u00edas aplicadas al diagn\u00f3stico, tratamiento y rehabilitaci\u00f3n de pacientes.<\/p>\n<p style=\"text-align: justify\"><strong>Formaci\u00f3n profesional en el pa\u00eds: <\/strong>En este contexto de evoluci\u00f3n profesional, lo que comenz\u00f3 como una necesidad estrat\u00e9gica del pa\u00eds, pronto se transform\u00f3 en una apuesta acad\u00e9mica concreta. Con visi\u00f3n de futuro y compromiso institucional, Panam\u00e1 dio sus primeros pasos en la formaci\u00f3n de ingenieros biom\u00e9dicos, un perfil profesional que hasta entonces no exist\u00eda en el entorno nacional.<\/p>\n<p style=\"text-align: justify\">En <strong>2003<\/strong>, la <strong>Universidad Latina de Panam\u00e1 (ULATINA) <\/strong>gradu\u00f3 a la primera cohorte de ingenieros biom\u00e9dicos formados en el pa\u00eds, a nivel de licenciatura, marcando un hito en la educaci\u00f3n superior nacional. Desde entonces, ha mantenido activa esta oferta acad\u00e9mica, consolid\u00e1ndose como una de las principales instituciones en esta \u00e1rea.<\/p>\n<p style=\"text-align: justify\">A este esfuerzo se sum\u00f3 la <strong>Universidad Especializada de las Am\u00e9ricas (UDELAS),<\/strong> que ampli\u00f3 las oportunidades de formaci\u00f3n al ofrecer tanto el nivel t\u00e9cnico como la licenciatura en ingenier\u00eda biom\u00e9dica. La primera promoci\u00f3n de Ingenieros biom\u00e9dicos egresados de UDELAS fue en el a\u00f1o <strong>2007<\/strong>.<\/p>\n<p style=\"text-align: justify\">Por su parte, la <strong>Universidad Tecnol\u00f3gica de Panam\u00e1 (UTP)<\/strong> actualmente imparte el programa t\u00e9cnico en electr\u00f3nica biom\u00e9dica, cuyo inicio se remonta al a\u00f1o <strong>2017<\/strong>, lo que fortalecer\u00e1 a\u00fan m\u00e1s la formaci\u00f3n nacional en este campo estrat\u00e9gico para el sistema de salud.<\/p>\n<p style=\"text-align: justify\">Gracias a estos esfuerzos conjuntos, hasta la fecha, se han formado m\u00e1s de <strong>400 profesionales<\/strong> en el campo de la ingenier\u00eda biom\u00e9dica en <strong>Panam\u00e1<\/strong>. Solo entre <strong>2020 y 2025<\/strong>, la <strong>Universidad Especializada de las Am\u00e9ricas (UDELAS)<\/strong> ha graduado <strong>148 ingenieros<\/strong> biom\u00e9dicos a nivel de licenciatura, mientras que la <strong>Universidad Latina de Panam\u00e1<\/strong> (ULATINA) ha aportado <strong>79 nuevos profesionales<\/strong> durante el mismo periodo. Este crecimiento sostenido refleja el fortalecimiento de la oferta acad\u00e9mica y la creciente demanda de estos especialistas en \u00e1reas clave del sistema de salud y en el desarrollo de investigaci\u00f3n aplicada.<\/p>\n<p style=\"text-align: justify\"><strong>Aplicaciones actuales y nuevos campos de especializaci\u00f3n: <\/strong>En cuanto a sus aplicaciones pr\u00e1cticas, durante la pandemia de COVID-19, los ingenieros biom\u00e9dicos demostraron su capacidad de respuesta r\u00e1pida, participando en la instalaci\u00f3n de equipos m\u00e9dicos y la adecuaci\u00f3n de espacios hospitalarios. Pero su labor va mucho m\u00e1s all\u00e1 de la emergencia: hoy tienen un rol activo en casi todas las \u00e1reas del sistema de salud.<\/p>\n<p style=\"text-align: justify\">Desde el dise\u00f1o de instalaciones cl\u00ednicas con tecnolog\u00eda de \u00faltima generaci\u00f3n, hasta el mantenimiento de equipos m\u00e9dicos, los ingenieros biom\u00e9dicos garantizan el funcionamiento seguro de la infraestructura hospitalaria. Tambi\u00e9n colaboran en la gesti\u00f3n de insumos quir\u00fargicos, sistemas de monitoreo y materiales especializados como las suturas utilizadas en procedimientos complejos.<\/p>\n<p style=\"text-align: justify\">Su presencia es especialmente importante dentro del sal\u00f3n de operaciones, donde colaboran con m\u00e9dicos especialistas para garantizar el funcionamiento seguro y preciso de la tecnolog\u00eda utilizada en procedimientos cr\u00edticos, como la implantaci\u00f3n de marcapasos o la ejecuci\u00f3n de cirug\u00edas rob\u00f3ticas. Tambi\u00e9n intervienen en otros contextos cl\u00ednicos que requieren alta especializaci\u00f3n t\u00e9cnica, como la supervisi\u00f3n de sistemas de hemodi\u00e1lisis, cuya correcta operaci\u00f3n puede ser vital para la vida del paciente.<\/p>\n<p style=\"text-align: justify\">Cada vez m\u00e1s profesionales del sector ampl\u00edan su formaci\u00f3n en distintas ramas del conocimiento, como la incorporaci\u00f3n de tecnolog\u00edas emergentes en la atenci\u00f3n cl\u00ednica, la vigilancia de dispositivos m\u00e9dicos, la seguridad radiol\u00f3gica y \u00e1reas como la telemedicina y la inform\u00e1tica m\u00e9dica, lo cual refuerza su impacto en entornos altamente especializados. Esta evoluci\u00f3n evidencia una ampliaci\u00f3n constante del perfil del ingeniero biom\u00e9dico paname\u00f1o.<\/p>\n<p style=\"text-align: justify\"><strong>Un logro colectivo: <\/strong>Este reconocimiento de <strong>IEEE<\/strong> no surge por casualidad. Es el resultado de a\u00f1os de trabajo conjunto entre universidades, investigadores, estudiantes y profesionales, respaldados por el <strong>Cap\u00edtulo IEEE EMBS Panam\u00e1<\/strong> y por la <strong>Asociaci\u00f3n Paname\u00f1a de Ingenier\u00eda Biom\u00e9dica (APIB).<\/strong> Refleja adem\u00e1s el compromiso de una juventud que no solo quiere participar en el sistema de salud, sino transformarlo.<\/p>\n<p style=\"text-align: justify\">Adem\u00e1s de su impacto t\u00e9cnico y cl\u00ednico, la ingenier\u00eda biom\u00e9dica ha demostrado ser una de las carreras m\u00e1s atractivas para ambos sexos, gracias a la diversidad de campos de aplicaci\u00f3n que ofrece. Desde el entorno hospitalario hasta la investigaci\u00f3n, pasando por el dise\u00f1o de tecnolog\u00eda, el uso de inteligencia artificial aplicada a la salud o la gesti\u00f3n de proyectos biom\u00e9dicos, sus m\u00faltiples salidas profesionales han motivado una participaci\u00f3n equilibrada entre hombres y mujeres. Actualmente, la proporci\u00f3n de estudiantes y egresados se acerca al 50\u202f% por cada g\u00e9nero, reflejando un perfil acad\u00e9mico inclusivo y representativo de la sociedad paname\u00f1a.<\/p>\n<p style=\"text-align: justify\"><strong>Rumbo a nuevas fronteras del conocimiento: <\/strong>Mirando al futuro, lo que se busca ahora es que estos profesionales sigan abriendo camino en nuevas fronteras del saber. La meta no es solo mantener el avance logrado, sino consolidar una comunidad t\u00e9cnica capaz de innovar, investigar y liderar en un entorno cada vez m\u00e1s competitivo, tanto a nivel regional como internacional.<\/p>\n<p style=\"text-align: justify\"><strong>Actualizaci\u00f3n y visi\u00f3n a futuro: <\/strong>Para contribuir con este prop\u00f3sito, cada a\u00f1o, el <strong>Cap\u00edtulo IEEE-EMBS Panam\u00e1<\/strong> organiza congresos, talleres y actividades para fomentar la actualizaci\u00f3n profesional en un campo que evoluciona con rapidez. Este premio internacional confirma que Panam\u00e1 avanza con paso firme en ciencia, tecnolog\u00eda y salud, y que est\u00e1 listo para competir \u2014y destacar\u2014 en las grandes ligas de la ingenier\u00eda biom\u00e9dica a nivel global.<\/p>\n<p>[\/vc_column_text][\/vc_column][\/vc_row]<\/p>\n<\/div>","protected":false},"excerpt":{"rendered":"<p>[vc_row][vc_column][vc_column_text css=\u00bb\u00bb]<br \/>\nPor Dr. Luis Carlos Estrada-Petrocelli, Presidente del Cap\u00edtulo IEEE EMBS Panam\u00e1<br \/>\n[\/vc_column_text][vc_empty_space][\/vc_column][\/vc_row][vc_row][vc_column][vc_column_text css=\u00bb\u00bb]<br \/>\nEn respuesta a los avances tecnol\u00f3gicos que redefinen la pr\u00e1ctica m\u00e9dica, surgi\u00f3 en Panam\u00e1 la necesidad de contar con profesionales en Ingenier\u00eda Biom\u00e9dica capacitados para trabajar de manera articulada con m\u00e9dicos, enfermeras y &#8230;<\/p>\n","protected":false},"author":53,"featured_media":30876,"comment_status":"closed","ping_status":"closed","sticky":false,"template":"","format":"standard","meta":{"footnotes":"","_links_to":"","_links_to_target":""},"categories":[663944,48],"tags":[],"class_list":["post-31128","post","type-post","status-publish","format-standard","has-post-thumbnail","hentry","category-medios","category-noticias"],"yoast_head":"<!-- This site is optimized with the Yoast SEO plugin v27.5 - https:\/\/yoast.com\/product\/yoast-seo-wordpress\/ -->\n<title>Ingenier\u00eda Biom\u00e9dica de Panam\u00e1 trasciende fronteras - IEEE Secci\u00f3n Panam\u00e1<\/title>\n<meta name=\"robots\" content=\"index, follow, max-snippet:-1, max-image-preview:large, max-video-preview:-1\" \/>\n<link rel=\"canonical\" href=\"https:\/\/r9.ieee.org\/panama\/ingenieria-biomedica-de-panama-trasciende-fronteras\/\" \/>\n<meta name=\"twitter:label1\" content=\"Escrito por\" \/>\n\t<meta name=\"twitter:data1\" content=\"Tania Quiel\" \/>\n\t<meta name=\"twitter:label2\" content=\"Tiempo de lectura\" \/>\n\t<meta name=\"twitter:data2\" content=\"6 minutos\" \/>\n<script type=\"application\/ld+json\" class=\"yoast-schema-graph\">{\"@context\":\"https:\\\/\\\/schema.org\",\"@graph\":[{\"@type\":\"Article\",\"@id\":\"https:\\\/\\\/r9.ieee.org\\\/panama\\\/ingenieria-biomedica-de-panama-trasciende-fronteras\\\/#article\",\"isPartOf\":{\"@id\":\"https:\\\/\\\/r9.ieee.org\\\/panama\\\/ingenieria-biomedica-de-panama-trasciende-fronteras\\\/\"},\"author\":{\"name\":\"Tania Quiel\",\"@id\":\"https:\\\/\\\/r9.ieee.org\\\/panama\\\/#\\\/schema\\\/person\\\/55589d3235274cac7c8800bd577b27f8\"},\"headline\":\"Ingenier\u00eda Biom\u00e9dica de Panam\u00e1 trasciende fronteras\",\"datePublished\":\"2025-07-08T17:51:16+00:00\",\"dateModified\":\"2025-10-08T17:53:26+00:00\",\"mainEntityOfPage\":{\"@id\":\"https:\\\/\\\/r9.ieee.org\\\/panama\\\/ingenieria-biomedica-de-panama-trasciende-fronteras\\\/\"},\"wordCount\":1202,\"image\":{\"@id\":\"https:\\\/\\\/r9.ieee.org\\\/panama\\\/ingenieria-biomedica-de-panama-trasciende-fronteras\\\/#primaryimage\"},\"thumbnailUrl\":\"https:\\\/\\\/r9.ieee.org\\\/panama\\\/wp-content\\\/uploads\\\/sites\\\/25\\\/2025\\\/03\\\/IEEE-EMBS-Panama-Color.png\",\"articleSection\":[\"Medios\",\"Noticias\"],\"inLanguage\":\"es\"},{\"@type\":\"WebPage\",\"@id\":\"https:\\\/\\\/r9.ieee.org\\\/panama\\\/ingenieria-biomedica-de-panama-trasciende-fronteras\\\/\",\"url\":\"https:\\\/\\\/r9.ieee.org\\\/panama\\\/ingenieria-biomedica-de-panama-trasciende-fronteras\\\/\",\"name\":\"Ingenier\u00eda Biom\u00e9dica de Panam\u00e1 trasciende fronteras - IEEE Secci\u00f3n Panam\u00e1\",\"isPartOf\":{\"@id\":\"https:\\\/\\\/r9.ieee.org\\\/panama\\\/#website\"},\"primaryImageOfPage\":{\"@id\":\"https:\\\/\\\/r9.ieee.org\\\/panama\\\/ingenieria-biomedica-de-panama-trasciende-fronteras\\\/#primaryimage\"},\"image\":{\"@id\":\"https:\\\/\\\/r9.ieee.org\\\/panama\\\/ingenieria-biomedica-de-panama-trasciende-fronteras\\\/#primaryimage\"},\"thumbnailUrl\":\"https:\\\/\\\/r9.ieee.org\\\/panama\\\/wp-content\\\/uploads\\\/sites\\\/25\\\/2025\\\/03\\\/IEEE-EMBS-Panama-Color.png\",\"datePublished\":\"2025-07-08T17:51:16+00:00\",\"dateModified\":\"2025-10-08T17:53:26+00:00\",\"author\":{\"@id\":\"https:\\\/\\\/r9.ieee.org\\\/panama\\\/#\\\/schema\\\/person\\\/55589d3235274cac7c8800bd577b27f8\"},\"inLanguage\":\"es\",\"potentialAction\":[{\"@type\":\"ReadAction\",\"target\":[\"https:\\\/\\\/r9.ieee.org\\\/panama\\\/ingenieria-biomedica-de-panama-trasciende-fronteras\\\/\"]}]},{\"@type\":\"ImageObject\",\"inLanguage\":\"es\",\"@id\":\"https:\\\/\\\/r9.ieee.org\\\/panama\\\/ingenieria-biomedica-de-panama-trasciende-fronteras\\\/#primaryimage\",\"url\":\"https:\\\/\\\/r9.ieee.org\\\/panama\\\/wp-content\\\/uploads\\\/sites\\\/25\\\/2025\\\/03\\\/IEEE-EMBS-Panama-Color.png\",\"contentUrl\":\"https:\\\/\\\/r9.ieee.org\\\/panama\\\/wp-content\\\/uploads\\\/sites\\\/25\\\/2025\\\/03\\\/IEEE-EMBS-Panama-Color.png\",\"width\":711,\"height\":506},{\"@type\":\"WebSite\",\"@id\":\"https:\\\/\\\/r9.ieee.org\\\/panama\\\/#website\",\"url\":\"https:\\\/\\\/r9.ieee.org\\\/panama\\\/\",\"name\":\"IEEE Secci\u00f3n Panam\u00e1\",\"description\":\"\",\"potentialAction\":[{\"@type\":\"SearchAction\",\"target\":{\"@type\":\"EntryPoint\",\"urlTemplate\":\"https:\\\/\\\/r9.ieee.org\\\/panama\\\/?s={search_term_string}\"},\"query-input\":{\"@type\":\"PropertyValueSpecification\",\"valueRequired\":true,\"valueName\":\"search_term_string\"}}],\"inLanguage\":\"es\"},{\"@type\":\"Person\",\"@id\":\"https:\\\/\\\/r9.ieee.org\\\/panama\\\/#\\\/schema\\\/person\\\/55589d3235274cac7c8800bd577b27f8\",\"name\":\"Tania Quiel\",\"image\":{\"@type\":\"ImageObject\",\"inLanguage\":\"es\",\"@id\":\"https:\\\/\\\/secure.gravatar.com\\\/avatar\\\/ffa3f852d60a71e7c3d7fabf3655b0e50e5d359f4d45655f66f9ccf80322cecb?s=96&r=g\",\"url\":\"https:\\\/\\\/secure.gravatar.com\\\/avatar\\\/ffa3f852d60a71e7c3d7fabf3655b0e50e5d359f4d45655f66f9ccf80322cecb?s=96&r=g\",\"contentUrl\":\"https:\\\/\\\/secure.gravatar.com\\\/avatar\\\/ffa3f852d60a71e7c3d7fabf3655b0e50e5d359f4d45655f66f9ccf80322cecb?s=96&r=g\",\"caption\":\"Tania Quiel\"},\"url\":\"https:\\\/\\\/r9.ieee.org\\\/panama\\\/author\\\/tquiel\\\/\"}]}<\/script>\n<!-- \/ Yoast SEO plugin. -->","yoast_head_json":{"title":"Ingenier\u00eda Biom\u00e9dica de Panam\u00e1 trasciende fronteras - IEEE Secci\u00f3n Panam\u00e1","robots":{"index":"index","follow":"follow","max-snippet":"max-snippet:-1","max-image-preview":"max-image-preview:large","max-video-preview":"max-video-preview:-1"},"canonical":"https:\/\/r9.ieee.org\/panama\/ingenieria-biomedica-de-panama-trasciende-fronteras\/","twitter_misc":{"Escrito por":"Tania Quiel","Tiempo de lectura":"6 minutos"},"schema":{"@context":"https:\/\/schema.org","@graph":[{"@type":"Article","@id":"https:\/\/r9.ieee.org\/panama\/ingenieria-biomedica-de-panama-trasciende-fronteras\/#article","isPartOf":{"@id":"https:\/\/r9.ieee.org\/panama\/ingenieria-biomedica-de-panama-trasciende-fronteras\/"},"author":{"name":"Tania Quiel","@id":"https:\/\/r9.ieee.org\/panama\/#\/schema\/person\/55589d3235274cac7c8800bd577b27f8"},"headline":"Ingenier\u00eda Biom\u00e9dica de Panam\u00e1 trasciende fronteras","datePublished":"2025-07-08T17:51:16+00:00","dateModified":"2025-10-08T17:53:26+00:00","mainEntityOfPage":{"@id":"https:\/\/r9.ieee.org\/panama\/ingenieria-biomedica-de-panama-trasciende-fronteras\/"},"wordCount":1202,"image":{"@id":"https:\/\/r9.ieee.org\/panama\/ingenieria-biomedica-de-panama-trasciende-fronteras\/#primaryimage"},"thumbnailUrl":"https:\/\/r9.ieee.org\/panama\/wp-content\/uploads\/sites\/25\/2025\/03\/IEEE-EMBS-Panama-Color.png","articleSection":["Medios","Noticias"],"inLanguage":"es"},{"@type":"WebPage","@id":"https:\/\/r9.ieee.org\/panama\/ingenieria-biomedica-de-panama-trasciende-fronteras\/","url":"https:\/\/r9.ieee.org\/panama\/ingenieria-biomedica-de-panama-trasciende-fronteras\/","name":"Ingenier\u00eda Biom\u00e9dica de Panam\u00e1 trasciende fronteras - IEEE Secci\u00f3n Panam\u00e1","isPartOf":{"@id":"https:\/\/r9.ieee.org\/panama\/#website"},"primaryImageOfPage":{"@id":"https:\/\/r9.ieee.org\/panama\/ingenieria-biomedica-de-panama-trasciende-fronteras\/#primaryimage"},"image":{"@id":"https:\/\/r9.ieee.org\/panama\/ingenieria-biomedica-de-panama-trasciende-fronteras\/#primaryimage"},"thumbnailUrl":"https:\/\/r9.ieee.org\/panama\/wp-content\/uploads\/sites\/25\/2025\/03\/IEEE-EMBS-Panama-Color.png","datePublished":"2025-07-08T17:51:16+00:00","dateModified":"2025-10-08T17:53:26+00:00","author":{"@id":"https:\/\/r9.ieee.org\/panama\/#\/schema\/person\/55589d3235274cac7c8800bd577b27f8"},"inLanguage":"es","potentialAction":[{"@type":"ReadAction","target":["https:\/\/r9.ieee.org\/panama\/ingenieria-biomedica-de-panama-trasciende-fronteras\/"]}]},{"@type":"ImageObject","inLanguage":"es","@id":"https:\/\/r9.ieee.org\/panama\/ingenieria-biomedica-de-panama-trasciende-fronteras\/#primaryimage","url":"https:\/\/r9.ieee.org\/panama\/wp-content\/uploads\/sites\/25\/2025\/03\/IEEE-EMBS-Panama-Color.png","contentUrl":"https:\/\/r9.ieee.org\/panama\/wp-content\/uploads\/sites\/25\/2025\/03\/IEEE-EMBS-Panama-Color.png","width":711,"height":506},{"@type":"WebSite","@id":"https:\/\/r9.ieee.org\/panama\/#website","url":"https:\/\/r9.ieee.org\/panama\/","name":"IEEE Secci\u00f3n Panam\u00e1","description":"","potentialAction":[{"@type":"SearchAction","target":{"@type":"EntryPoint","urlTemplate":"https:\/\/r9.ieee.org\/panama\/?s={search_term_string}"},"query-input":{"@type":"PropertyValueSpecification","valueRequired":true,"valueName":"search_term_string"}}],"inLanguage":"es"},{"@type":"Person","@id":"https:\/\/r9.ieee.org\/panama\/#\/schema\/person\/55589d3235274cac7c8800bd577b27f8","name":"Tania Quiel","image":{"@type":"ImageObject","inLanguage":"es","@id":"https:\/\/secure.gravatar.com\/avatar\/ffa3f852d60a71e7c3d7fabf3655b0e50e5d359f4d45655f66f9ccf80322cecb?s=96&r=g","url":"https:\/\/secure.gravatar.com\/avatar\/ffa3f852d60a71e7c3d7fabf3655b0e50e5d359f4d45655f66f9ccf80322cecb?s=96&r=g","contentUrl":"https:\/\/secure.gravatar.com\/avatar\/ffa3f852d60a71e7c3d7fabf3655b0e50e5d359f4d45655f66f9ccf80322cecb?s=96&r=g","caption":"Tania Quiel"},"url":"https:\/\/r9.ieee.org\/panama\/author\/tquiel\/"}]}},"_links":{"self":[{"href":"https:\/\/r9.ieee.org\/panama\/wp-json\/wp\/v2\/posts\/31128","targetHints":{"allow":["GET"]}}],"collection":[{"href":"https:\/\/r9.ieee.org\/panama\/wp-json\/wp\/v2\/posts"}],"about":[{"href":"https:\/\/r9.ieee.org\/panama\/wp-json\/wp\/v2\/types\/post"}],"author":[{"embeddable":true,"href":"https:\/\/r9.ieee.org\/panama\/wp-json\/wp\/v2\/users\/53"}],"replies":[{"embeddable":true,"href":"https:\/\/r9.ieee.org\/panama\/wp-json\/wp\/v2\/comments?post=31128"}],"version-history":[{"count":0,"href":"https:\/\/r9.ieee.org\/panama\/wp-json\/wp\/v2\/posts\/31128\/revisions"}],"wp:featuredmedia":[{"embeddable":true,"href":"https:\/\/r9.ieee.org\/panama\/wp-json\/wp\/v2\/media\/30876"}],"wp:attachment":[{"href":"https:\/\/r9.ieee.org\/panama\/wp-json\/wp\/v2\/media?parent=31128"}],"wp:term":[{"taxonomy":"category","embeddable":true,"href":"https:\/\/r9.ieee.org\/panama\/wp-json\/wp\/v2\/categories?post=31128"},{"taxonomy":"post_tag","embeddable":true,"href":"https:\/\/r9.ieee.org\/panama\/wp-json\/wp\/v2\/tags?post=31128"}],"curies":[{"name":"wp","href":"https:\/\/api.w.org\/{rel}","templated":true}]}},{"id":31122,"date":"2025-07-08T12:41:28","date_gmt":"2025-07-08T17:41:28","guid":{"rendered":"https:\/\/r9.ieee.org\/panama\/?p=31122"},"modified":"2025-10-08T12:45:03","modified_gmt":"2025-10-08T17:45:03","slug":"panama-recibira-uno-de-los-eventos-tecnologicos-mas-importantes-de-latinoamerica","status":"publish","type":"post","link":"https:\/\/r9.ieee.org\/panama\/panama-recibira-uno-de-los-eventos-tecnologicos-mas-importantes-de-latinoamerica\/","title":{"rendered":"Panam\u00e1 recibir\u00e1 uno de los eventos tecnol\u00f3gicos m\u00e1s importantes de Latinoam\u00e9rica"},"content":{"rendered":"<div class=\"wpb-content-wrapper\"><p>[vc_row][vc_column][vc_column_text css=\u00bb\u00bb]<\/p>\n<p style=\"text-align: center\"><em>Rising Stars Latin America &amp; Caribbean 2025 reunir\u00e1 a j\u00f3venes profesionales, expertos y l\u00edderes del sector tecnol\u00f3gico en una experiencia \u00fanica de innovaci\u00f3n, desarrollo profesional y tendencias emergentes<\/em><\/p>\n<p>[\/vc_column_text][vc_empty_space][\/vc_column][\/vc_row][vc_row][vc_column width=\u00bb1\/4&#8243;][vc_single_image image=\u00bb31124&#8243; img_size=\u00bbfull\u00bb alignment=\u00bbcenter\u00bb css=\u00bb\u00bb][\/vc_column][vc_column width=\u00bb3\/4&#8243;][vc_column_text css=\u00bb\u00bb]<\/p>\n<p style=\"text-align: justify\"><strong>Latinoam\u00e9rica, 23 de julio de 2025. <\/strong>Por primera vez en la historia, el evento internacional <strong><em>Rising Stars<\/em><\/strong>, organizado por el Instituto de <strong>Ingenieros El\u00e9ctricos y Electr\u00f3nicos (IEEE)<\/strong> llega a <strong>Am\u00e9rica Latina.<\/strong><\/p>\n<p style=\"text-align: justify\">Tras 10 exitosas ediciones en Las Vegas, Estados Unidos, el encuentro se llevar\u00e1 a cabo del <strong>15 al 17 de agosto en el Hotel Riu de Ciudad de Panam\u00e1<\/strong>, consolidando a <strong>Panam\u00e1<\/strong> como un nuevo punto de encuentro clave para el talento tecnol\u00f3gico de la regi\u00f3n.<\/p>\n<p style=\"text-align: justify\">Organizado por la <strong>Regi\u00f3n 9 de IEEE (Latinoam\u00e9rica y el Caribe),<\/strong> <strong><em>Rising Stars<\/em><\/strong> busca conectar, inspirar y empoderar a los mejores estudiantes de ingenier\u00eda y j\u00f3venes profesionales, brindando herramientas clave para su crecimiento profesional.<\/p>\n<p style=\"text-align: justify\">\u201cLos asistentes saldr\u00e1n del evento energizados y mejor preparados para enfrentar los desaf\u00edos t\u00e9cnicos y profesionales del futuro, con nuevas habilidades, perspectivas y una red de contactos valiosa para apoyar su desarrollo\u201d, destac\u00f3 <strong>Ernesto Ibarra, presidente de IEEE Panam\u00e1.<\/strong><\/p>\n<h2><strong>Agenda destacada: IA, sostenibilidad y predicciones tecnol\u00f3gicas<\/strong><\/h2>\n<p style=\"text-align: justify\">La conferencia inaugural estar\u00e1 a cargo de <strong>Julio Toro, CTO de Copa Airlines<\/strong> con el tema <strong><em>\u201cAlgoritmo para un futuro incierto: reflexiones sobre el impacto de la inteligencia artificial en nuestra profesi\u00f3n\u201d<\/em>. <\/strong>El programa incluye tambi\u00e9n sesiones con figuras como:<\/p>\n<ul style=\"text-align: justify\">\n<li><strong>Ilya Espino de Marotta, ex administradora adjunta del Canal de Panam\u00e1 y actual Oficial de Sostenibilidad<\/strong>, quien abordar\u00e1 temas de energ\u00eda y sostenibilidad.<\/li>\n<li><strong>Dejan Milojicic<\/strong>, reconocido investigador de <strong>Hewlett Packard<\/strong> Labs, presentar\u00e1 la conferencia <strong><em>\u201cTechnology Predictions and Megatrends\u201d.<\/em><\/strong><\/li>\n<\/ul>\n<p style=\"text-align: justify\">El programa completo puede consultarse en: <a href=\"https:\/\/r9.ieee.org\/risingstars-2025\/\"><strong>Calendario de eventos \u2013 IEEE Regi\u00f3n 9 Rising Stars 2025<\/strong><\/a><strong>]. <\/strong><\/p>\n<h2><strong>Hackathon Copa Airlines \u2013 AWS: tecnolog\u00eda en acci\u00f3n<\/strong><\/h2>\n<p style=\"text-align: justify\">Uno de los momentos m\u00e1s esperados ser\u00e1 la <strong>Hackathon Copa Airlines \u2013 AWS,<\/strong> que se realizar\u00e1 el <strong>16 de agosto<\/strong>. Durante seis horas, equipos multidisciplinarios resolver\u00e1n retos reales del mundo de la aviaci\u00f3n utilizando herramientas de nube, datos e inteligencia artificial generativa.<\/p>\n<p style=\"text-align: justify\">Los participantes competir\u00e1n en tiempo real, resolviendo desaf\u00edos por etapas que aumentar\u00e1n su puntaje en un tablero visible en una transmisi\u00f3n en vivo. Los ganadores del hackathon recibir\u00e1n boletos a\u00e9reos en la red de Copa Airlines.<\/p>\n<p>[\/vc_column_text][\/vc_column][\/vc_row]<\/p>\n<\/div>","protected":false},"excerpt":{"rendered":"<p>[vc_row][vc_column][vc_column_text css=\u00bb\u00bb]<br \/>\nRising Stars Latin America &amp; Caribbean 2025 reunir\u00e1 a j\u00f3venes profesionales, expertos y l\u00edderes del sector tecnol\u00f3gico en una experiencia \u00fanica de innovaci\u00f3n, desarrollo profesional y tendencias emergentes<br \/>\n[\/vc_column_text][vc_empty_space][\/vc_column][\/vc_row][vc_row][vc_column width=\u00bb1\/4&#8243;][vc_single_image image=\u00bb31124&#8243; img_size=\u00bbfull\u00bb alignment=\u00bbcenter\u00bb css=\u00bb\u00bb][\/vc_column][vc_column width=\u00bb3\/4&#8243;][vc_column_text css=\u00bb\u00bb]<br \/>\nLatinoam\u00e9rica, 23 de julio de 2025. Por primera vez en &#8230;<\/p>\n","protected":false},"author":53,"featured_media":31124,"comment_status":"closed","ping_status":"closed","sticky":false,"template":"","format":"standard","meta":{"footnotes":"","_links_to":"","_links_to_target":""},"categories":[663944,48],"tags":[],"class_list":["post-31122","post","type-post","status-publish","format-standard","has-post-thumbnail","hentry","category-medios","category-noticias"],"yoast_head":"<!-- This site is optimized with the Yoast SEO plugin v27.5 - https:\/\/yoast.com\/product\/yoast-seo-wordpress\/ -->\n<title>Panam\u00e1 recibir\u00e1 uno de los eventos tecnol\u00f3gicos m\u00e1s importantes de Latinoam\u00e9rica - IEEE Secci\u00f3n Panam\u00e1<\/title>\n<meta name=\"robots\" content=\"index, follow, max-snippet:-1, max-image-preview:large, max-video-preview:-1\" \/>\n<link rel=\"canonical\" href=\"https:\/\/r9.ieee.org\/panama\/panama-recibira-uno-de-los-eventos-tecnologicos-mas-importantes-de-latinoamerica\/\" \/>\n<meta name=\"twitter:label1\" content=\"Escrito por\" \/>\n\t<meta name=\"twitter:data1\" content=\"Tania Quiel\" \/>\n\t<meta name=\"twitter:label2\" content=\"Tiempo de lectura\" \/>\n\t<meta name=\"twitter:data2\" content=\"2 minutos\" \/>\n<script type=\"application\/ld+json\" class=\"yoast-schema-graph\">{\"@context\":\"https:\\\/\\\/schema.org\",\"@graph\":[{\"@type\":\"Article\",\"@id\":\"https:\\\/\\\/r9.ieee.org\\\/panama\\\/panama-recibira-uno-de-los-eventos-tecnologicos-mas-importantes-de-latinoamerica\\\/#article\",\"isPartOf\":{\"@id\":\"https:\\\/\\\/r9.ieee.org\\\/panama\\\/panama-recibira-uno-de-los-eventos-tecnologicos-mas-importantes-de-latinoamerica\\\/\"},\"author\":{\"name\":\"Tania Quiel\",\"@id\":\"https:\\\/\\\/r9.ieee.org\\\/panama\\\/#\\\/schema\\\/person\\\/55589d3235274cac7c8800bd577b27f8\"},\"headline\":\"Panam\u00e1 recibir\u00e1 uno de los eventos tecnol\u00f3gicos m\u00e1s importantes de Latinoam\u00e9rica\",\"datePublished\":\"2025-07-08T17:41:28+00:00\",\"dateModified\":\"2025-10-08T17:45:03+00:00\",\"mainEntityOfPage\":{\"@id\":\"https:\\\/\\\/r9.ieee.org\\\/panama\\\/panama-recibira-uno-de-los-eventos-tecnologicos-mas-importantes-de-latinoamerica\\\/\"},\"wordCount\":448,\"image\":{\"@id\":\"https:\\\/\\\/r9.ieee.org\\\/panama\\\/panama-recibira-uno-de-los-eventos-tecnologicos-mas-importantes-de-latinoamerica\\\/#primaryimage\"},\"thumbnailUrl\":\"https:\\\/\\\/r9.ieee.org\\\/panama\\\/wp-content\\\/uploads\\\/sites\\\/25\\\/2025\\\/10\\\/RS1.jpeg\",\"articleSection\":[\"Medios\",\"Noticias\"],\"inLanguage\":\"es\"},{\"@type\":\"WebPage\",\"@id\":\"https:\\\/\\\/r9.ieee.org\\\/panama\\\/panama-recibira-uno-de-los-eventos-tecnologicos-mas-importantes-de-latinoamerica\\\/\",\"url\":\"https:\\\/\\\/r9.ieee.org\\\/panama\\\/panama-recibira-uno-de-los-eventos-tecnologicos-mas-importantes-de-latinoamerica\\\/\",\"name\":\"Panam\u00e1 recibir\u00e1 uno de los eventos tecnol\u00f3gicos m\u00e1s importantes de Latinoam\u00e9rica - IEEE Secci\u00f3n Panam\u00e1\",\"isPartOf\":{\"@id\":\"https:\\\/\\\/r9.ieee.org\\\/panama\\\/#website\"},\"primaryImageOfPage\":{\"@id\":\"https:\\\/\\\/r9.ieee.org\\\/panama\\\/panama-recibira-uno-de-los-eventos-tecnologicos-mas-importantes-de-latinoamerica\\\/#primaryimage\"},\"image\":{\"@id\":\"https:\\\/\\\/r9.ieee.org\\\/panama\\\/panama-recibira-uno-de-los-eventos-tecnologicos-mas-importantes-de-latinoamerica\\\/#primaryimage\"},\"thumbnailUrl\":\"https:\\\/\\\/r9.ieee.org\\\/panama\\\/wp-content\\\/uploads\\\/sites\\\/25\\\/2025\\\/10\\\/RS1.jpeg\",\"datePublished\":\"2025-07-08T17:41:28+00:00\",\"dateModified\":\"2025-10-08T17:45:03+00:00\",\"author\":{\"@id\":\"https:\\\/\\\/r9.ieee.org\\\/panama\\\/#\\\/schema\\\/person\\\/55589d3235274cac7c8800bd577b27f8\"},\"inLanguage\":\"es\",\"potentialAction\":[{\"@type\":\"ReadAction\",\"target\":[\"https:\\\/\\\/r9.ieee.org\\\/panama\\\/panama-recibira-uno-de-los-eventos-tecnologicos-mas-importantes-de-latinoamerica\\\/\"]}]},{\"@type\":\"ImageObject\",\"inLanguage\":\"es\",\"@id\":\"https:\\\/\\\/r9.ieee.org\\\/panama\\\/panama-recibira-uno-de-los-eventos-tecnologicos-mas-importantes-de-latinoamerica\\\/#primaryimage\",\"url\":\"https:\\\/\\\/r9.ieee.org\\\/panama\\\/wp-content\\\/uploads\\\/sites\\\/25\\\/2025\\\/10\\\/RS1.jpeg\",\"contentUrl\":\"https:\\\/\\\/r9.ieee.org\\\/panama\\\/wp-content\\\/uploads\\\/sites\\\/25\\\/2025\\\/10\\\/RS1.jpeg\",\"width\":836,\"height\":910},{\"@type\":\"WebSite\",\"@id\":\"https:\\\/\\\/r9.ieee.org\\\/panama\\\/#website\",\"url\":\"https:\\\/\\\/r9.ieee.org\\\/panama\\\/\",\"name\":\"IEEE Secci\u00f3n Panam\u00e1\",\"description\":\"\",\"potentialAction\":[{\"@type\":\"SearchAction\",\"target\":{\"@type\":\"EntryPoint\",\"urlTemplate\":\"https:\\\/\\\/r9.ieee.org\\\/panama\\\/?s={search_term_string}\"},\"query-input\":{\"@type\":\"PropertyValueSpecification\",\"valueRequired\":true,\"valueName\":\"search_term_string\"}}],\"inLanguage\":\"es\"},{\"@type\":\"Person\",\"@id\":\"https:\\\/\\\/r9.ieee.org\\\/panama\\\/#\\\/schema\\\/person\\\/55589d3235274cac7c8800bd577b27f8\",\"name\":\"Tania Quiel\",\"image\":{\"@type\":\"ImageObject\",\"inLanguage\":\"es\",\"@id\":\"https:\\\/\\\/secure.gravatar.com\\\/avatar\\\/ffa3f852d60a71e7c3d7fabf3655b0e50e5d359f4d45655f66f9ccf80322cecb?s=96&r=g\",\"url\":\"https:\\\/\\\/secure.gravatar.com\\\/avatar\\\/ffa3f852d60a71e7c3d7fabf3655b0e50e5d359f4d45655f66f9ccf80322cecb?s=96&r=g\",\"contentUrl\":\"https:\\\/\\\/secure.gravatar.com\\\/avatar\\\/ffa3f852d60a71e7c3d7fabf3655b0e50e5d359f4d45655f66f9ccf80322cecb?s=96&r=g\",\"caption\":\"Tania Quiel\"},\"url\":\"https:\\\/\\\/r9.ieee.org\\\/panama\\\/author\\\/tquiel\\\/\"}]}<\/script>\n<!-- \/ Yoast SEO plugin. -->","yoast_head_json":{"title":"Panam\u00e1 recibir\u00e1 uno de los eventos tecnol\u00f3gicos m\u00e1s importantes de Latinoam\u00e9rica - IEEE Secci\u00f3n Panam\u00e1","robots":{"index":"index","follow":"follow","max-snippet":"max-snippet:-1","max-image-preview":"max-image-preview:large","max-video-preview":"max-video-preview:-1"},"canonical":"https:\/\/r9.ieee.org\/panama\/panama-recibira-uno-de-los-eventos-tecnologicos-mas-importantes-de-latinoamerica\/","twitter_misc":{"Escrito por":"Tania Quiel","Tiempo de lectura":"2 minutos"},"schema":{"@context":"https:\/\/schema.org","@graph":[{"@type":"Article","@id":"https:\/\/r9.ieee.org\/panama\/panama-recibira-uno-de-los-eventos-tecnologicos-mas-importantes-de-latinoamerica\/#article","isPartOf":{"@id":"https:\/\/r9.ieee.org\/panama\/panama-recibira-uno-de-los-eventos-tecnologicos-mas-importantes-de-latinoamerica\/"},"author":{"name":"Tania Quiel","@id":"https:\/\/r9.ieee.org\/panama\/#\/schema\/person\/55589d3235274cac7c8800bd577b27f8"},"headline":"Panam\u00e1 recibir\u00e1 uno de los eventos tecnol\u00f3gicos m\u00e1s importantes de Latinoam\u00e9rica","datePublished":"2025-07-08T17:41:28+00:00","dateModified":"2025-10-08T17:45:03+00:00","mainEntityOfPage":{"@id":"https:\/\/r9.ieee.org\/panama\/panama-recibira-uno-de-los-eventos-tecnologicos-mas-importantes-de-latinoamerica\/"},"wordCount":448,"image":{"@id":"https:\/\/r9.ieee.org\/panama\/panama-recibira-uno-de-los-eventos-tecnologicos-mas-importantes-de-latinoamerica\/#primaryimage"},"thumbnailUrl":"https:\/\/r9.ieee.org\/panama\/wp-content\/uploads\/sites\/25\/2025\/10\/RS1.jpeg","articleSection":["Medios","Noticias"],"inLanguage":"es"},{"@type":"WebPage","@id":"https:\/\/r9.ieee.org\/panama\/panama-recibira-uno-de-los-eventos-tecnologicos-mas-importantes-de-latinoamerica\/","url":"https:\/\/r9.ieee.org\/panama\/panama-recibira-uno-de-los-eventos-tecnologicos-mas-importantes-de-latinoamerica\/","name":"Panam\u00e1 recibir\u00e1 uno de los eventos tecnol\u00f3gicos m\u00e1s importantes de Latinoam\u00e9rica - IEEE Secci\u00f3n Panam\u00e1","isPartOf":{"@id":"https:\/\/r9.ieee.org\/panama\/#website"},"primaryImageOfPage":{"@id":"https:\/\/r9.ieee.org\/panama\/panama-recibira-uno-de-los-eventos-tecnologicos-mas-importantes-de-latinoamerica\/#primaryimage"},"image":{"@id":"https:\/\/r9.ieee.org\/panama\/panama-recibira-uno-de-los-eventos-tecnologicos-mas-importantes-de-latinoamerica\/#primaryimage"},"thumbnailUrl":"https:\/\/r9.ieee.org\/panama\/wp-content\/uploads\/sites\/25\/2025\/10\/RS1.jpeg","datePublished":"2025-07-08T17:41:28+00:00","dateModified":"2025-10-08T17:45:03+00:00","author":{"@id":"https:\/\/r9.ieee.org\/panama\/#\/schema\/person\/55589d3235274cac7c8800bd577b27f8"},"inLanguage":"es","potentialAction":[{"@type":"ReadAction","target":["https:\/\/r9.ieee.org\/panama\/panama-recibira-uno-de-los-eventos-tecnologicos-mas-importantes-de-latinoamerica\/"]}]},{"@type":"ImageObject","inLanguage":"es","@id":"https:\/\/r9.ieee.org\/panama\/panama-recibira-uno-de-los-eventos-tecnologicos-mas-importantes-de-latinoamerica\/#primaryimage","url":"https:\/\/r9.ieee.org\/panama\/wp-content\/uploads\/sites\/25\/2025\/10\/RS1.jpeg","contentUrl":"https:\/\/r9.ieee.org\/panama\/wp-content\/uploads\/sites\/25\/2025\/10\/RS1.jpeg","width":836,"height":910},{"@type":"WebSite","@id":"https:\/\/r9.ieee.org\/panama\/#website","url":"https:\/\/r9.ieee.org\/panama\/","name":"IEEE Secci\u00f3n Panam\u00e1","description":"","potentialAction":[{"@type":"SearchAction","target":{"@type":"EntryPoint","urlTemplate":"https:\/\/r9.ieee.org\/panama\/?s={search_term_string}"},"query-input":{"@type":"PropertyValueSpecification","valueRequired":true,"valueName":"search_term_string"}}],"inLanguage":"es"},{"@type":"Person","@id":"https:\/\/r9.ieee.org\/panama\/#\/schema\/person\/55589d3235274cac7c8800bd577b27f8","name":"Tania Quiel","image":{"@type":"ImageObject","inLanguage":"es","@id":"https:\/\/secure.gravatar.com\/avatar\/ffa3f852d60a71e7c3d7fabf3655b0e50e5d359f4d45655f66f9ccf80322cecb?s=96&r=g","url":"https:\/\/secure.gravatar.com\/avatar\/ffa3f852d60a71e7c3d7fabf3655b0e50e5d359f4d45655f66f9ccf80322cecb?s=96&r=g","contentUrl":"https:\/\/secure.gravatar.com\/avatar\/ffa3f852d60a71e7c3d7fabf3655b0e50e5d359f4d45655f66f9ccf80322cecb?s=96&r=g","caption":"Tania Quiel"},"url":"https:\/\/r9.ieee.org\/panama\/author\/tquiel\/"}]}},"_links":{"self":[{"href":"https:\/\/r9.ieee.org\/panama\/wp-json\/wp\/v2\/posts\/31122","targetHints":{"allow":["GET"]}}],"collection":[{"href":"https:\/\/r9.ieee.org\/panama\/wp-json\/wp\/v2\/posts"}],"about":[{"href":"https:\/\/r9.ieee.org\/panama\/wp-json\/wp\/v2\/types\/post"}],"author":[{"embeddable":true,"href":"https:\/\/r9.ieee.org\/panama\/wp-json\/wp\/v2\/users\/53"}],"replies":[{"embeddable":true,"href":"https:\/\/r9.ieee.org\/panama\/wp-json\/wp\/v2\/comments?post=31122"}],"version-history":[{"count":0,"href":"https:\/\/r9.ieee.org\/panama\/wp-json\/wp\/v2\/posts\/31122\/revisions"}],"wp:featuredmedia":[{"embeddable":true,"href":"https:\/\/r9.ieee.org\/panama\/wp-json\/wp\/v2\/media\/31124"}],"wp:attachment":[{"href":"https:\/\/r9.ieee.org\/panama\/wp-json\/wp\/v2\/media?parent=31122"}],"wp:term":[{"taxonomy":"category","embeddable":true,"href":"https:\/\/r9.ieee.org\/panama\/wp-json\/wp\/v2\/categories?post=31122"},{"taxonomy":"post_tag","embeddable":true,"href":"https:\/\/r9.ieee.org\/panama\/wp-json\/wp\/v2\/tags?post=31122"}],"curies":[{"name":"wp","href":"https:\/\/api.w.org\/{rel}","templated":true}]}},{"id":31108,"date":"2025-07-08T12:15:56","date_gmt":"2025-07-08T17:15:56","guid":{"rendered":"https:\/\/r9.ieee.org\/panama\/?p=31108"},"modified":"2025-10-08T12:17:36","modified_gmt":"2025-10-08T17:17:36","slug":"desarrollan-iniciativa-que-busca-crear-alianzas-entre-universidades-y-el-sector-empresarial","status":"publish","type":"post","link":"https:\/\/r9.ieee.org\/panama\/desarrollan-iniciativa-que-busca-crear-alianzas-entre-universidades-y-el-sector-empresarial\/","title":{"rendered":"Desarrollan iniciativa que busca crear alianzas entre Universidades y el sector empresarial"},"content":{"rendered":"<div class=\"wpb-content-wrapper\"><p>[vc_row][vc_column][vc_column_text css=\u00bb\u00bb]<\/p>\n<p style=\"text-align: center\"><em>Proyecto SUCCESS (Society and Business Centric Education through Sustainable and Smart Co-production) financiado por el programa Erasmus+ de la Uni\u00f3n Europea<\/em><\/p>\n<p>[\/vc_column_text][vc_single_image image=\u00bb31109&#8243; img_size=\u00bb700&#215;400&#8243; alignment=\u00bbcenter\u00bb css=\u00bb\u00bb][vc_empty_space][\/vc_column][\/vc_row][vc_row][vc_column][vc_column_text css=\u00bb\u00bb]<\/p>\n<p style=\"text-align: justify\"><strong>Latinoam\u00e9rica, 4 de julio del 2025.<\/strong> En un intento para remodelar el futuro de la educaci\u00f3n y el desarrollo econ\u00f3mico en Am\u00e9rica Latina, un consorcio de universidades de <strong>Europa, Panam\u00e1 y Colombia<\/strong> lanz\u00f3 el proyecto <strong>SUCCESS,<\/strong> una ambiciosa iniciativa dise\u00f1ada para cerrar la brecha de larga data entre la academia y la industria.<\/p>\n<p style=\"text-align: justify\">El<strong> Proyecto Success <\/strong>est\u00e1 impulsado por miembros del<strong> Instituto de Ingenieros El\u00e9ctricos y Electr\u00f3nicos (IEEE, siglas en ingl\u00e9s) <\/strong>de estos pa\u00edses con el financiamiento del programa <strong>Erasmus+ de la Uni\u00f3n Europea.<\/strong><\/p>\n<p style=\"text-align: justify\">La iniciativa<strong> SUCCESS (Society and Business Centric Education through Sustainable and Smart Co-production)<\/strong> busca establecer centros de colaboraci\u00f3n sostenibles que conecten a las universidades con el sector tecnol\u00f3gico regional.<\/p>\n<p style=\"text-align: justify\">\u201cLos objetivos principales de esta iniciativa son fomentar la innovaci\u00f3n, impulsar la empleabilidad e impulsar el crecimiento inclusivo\u201d coment\u00f3 la <strong>Profesora, Donna Roper,<\/strong> <strong>Coordinadora del Proyecto por la Universidad de Panam\u00e1<\/strong> <strong>y miembro de la Sociedad de Computaci\u00f3n de la Secci\u00f3n de Panam\u00e1 de IEEE.<\/strong><\/p>\n<p style=\"text-align: justify\"><strong>Una desconexi\u00f3n entre la universidad y la empresa con consecuencias preocupantes: <\/strong>\u201cA pesar de contar con instituciones acad\u00e9micas vibrantes y una creciente reserva de talento, tanto Panam\u00e1 como Colombia enfrentan un desaf\u00edo cr\u00edtico: la limitada colaboraci\u00f3n entre las universidades y el sector privado. Esta desconexi\u00f3n ha sofocado la innovaci\u00f3n, ha ralentizado la adopci\u00f3n de tecnolog\u00edas emergentes y ha dejado a muchos graduados mal preparados para las demandas de la fuerza laboral moderna\u201d indic\u00f3 el <strong>Profesor Iv\u00e1n Armuelles Voinov de la Universidad de Panam\u00e1; adem\u00e1s, Presidente del Cap\u00edtulo de Panam\u00e1 de la Sociedad de Circuitos y Sistemas del IEEE<\/strong>.<\/p>\n<p style=\"text-align: justify\">En <strong>Colombia,<\/strong> las peque\u00f1as y medianas empresas (pymes) dominan el panorama empresarial, pero pocas tienen v\u00ednculos formales con las universidades. En <strong>Panam\u00e1,<\/strong> la situaci\u00f3n se ve agravada por el alto desempleo y la r\u00e1pida expansi\u00f3n de la econom\u00eda informal, en la que muchos trabajadores carecen de acceso a la formaci\u00f3n y a la promoci\u00f3n profesional.<\/p>\n<p style=\"text-align: justify\">En <strong>Panam\u00e1,<\/strong> la tasa de desempleo alcanz\u00f3 el <a href=\"https:\/\/es.tradingeconomics.com\/panama\/unemployment-rate\" target=\"_blank\" rel=\"noopener\"><strong>9,5 ciento en el 2024<\/strong><\/a> y la econom\u00eda informal se triplic\u00f3 tras la pandemia. Casi la mitad de las empresas paname\u00f1as informan de dificultades para encontrar trabajadores cualificados. Se observaron importantes deficiencias en materia de educaci\u00f3n y formaci\u00f3n, especialmente en campos de las TIC como la inteligencia artificial y la ciberseguridad. En 2023, <a href=\"https:\/\/oec.world\/es\/profile\/country\/pan\" target=\"_blank\" rel=\"noopener\"><strong>Panam\u00e1<\/strong><\/a> fue la econom\u00eda n\u00famero 73 (de 132) m\u00e1s compleja seg\u00fan el \u00cdndice de Complejidad Econ\u00f3mica (Comercio,\u00a02023),<\/p>\n<p style=\"text-align: justify\"><strong>Colombia<\/strong> ocup\u00f3 el puesto <strong>58 de 64 pa\u00edses en el Anuario de Competitividad Mundial de 2023, su posici\u00f3n m\u00e1s baja en cinco a\u00f1os.<\/strong> Si bien el crecimiento de la fuerza laboral mejor\u00f3 significativamente, el \u00edndice de Emprendimiento cay\u00f3 22 posiciones. A nivel regional, Antioquia obtuvo una puntuaci\u00f3n de 6.72\/10 en competitividad, mientras que Cauca obtuvo una puntuaci\u00f3n de 4.52. Las pymes dominan la econom\u00eda, pero carecen de v\u00ednculos s\u00f3lidos con el mundo acad\u00e9mico.<\/p>\n<p style=\"text-align: justify\"><a href=\"https:\/\/oec.world\/es\/profile\/country\/col\" target=\"_blank\" rel=\"noopener\"><strong>Colombia<\/strong><\/a> fue la econom\u00eda n\u00famero 50 (de 132) m\u00e1s compleja seg\u00fan el \u00cdndice de Complejidad Econ\u00f3mica de 2023, en cambio Panam\u00e1 fue la econom\u00eda n\u00famero 73 m\u00e1s compleja en el mismo estudio. El \u00cdndice de Complejidad Econ\u00f3mica (ICE) es un indicador que mide la capacidad de una econom\u00eda para producir bienes y servicios de manera eficiente y con tecnolog\u00eda avanzada; en otras palabras, mide la \u00absofisticaci\u00f3n\u00bb o la \u00abdiversidad\u00bb de las actividades econ\u00f3micas que un pa\u00eds puede realizar con \u00e9xito.<\/p>\n<p style=\"text-align: justify\">Estas cifras ponen de relieve la necesidad de iniciativas como <strong>SUCCESS<\/strong> para salvar la brecha de competencias, reforzar la colaboraci\u00f3n entre el mundo acad\u00e9mico y la industria y promover el desarrollo inclusivo.<\/p>\n<p style=\"text-align: justify\"><strong>Una alianza europeo-latinoamericana para la reducci\u00f3n del distanciamiento entre la industria y la universidad: <\/strong>El proyecto <strong>SUCCESS<\/strong> re\u00fane a siete universidades, entre ellas la <strong>Universidad de M\u00e4lardalen (Suecia), la Universidad \u00c5bo Akademi (Finlandia) y la Universidad de Castilla-La Mancha (Espa\u00f1a),<\/strong> junto con instituciones clave de <strong>Panam\u00e1 como la Universidad de Panam\u00e1 y la Universidad Tecnol\u00f3gica de Panam\u00e1, y de Colombia, como la Universidad de Antioquia y la Universidad del Cauca.<\/strong><\/p>\n<p style=\"text-align: justify\">Bas\u00e1ndose en la amplia experiencia de <strong>Europa <\/strong>en coproducci\u00f3n y educaci\u00f3n digital, el proyecto transferir\u00e1 modelos probados a estas universidades de <strong>Am\u00e9rica Latina<\/strong>.<\/p>\n<p style=\"text-align: justify\">\u201cEstos incluyen la creaci\u00f3n de Smart Labs, entornos de aprendizaje interactivos donde estudiantes, profesores y profesionales de la industria colaboran en desaf\u00edos del mundo real, y el desarrollo de cursos de aprendizaje de formaci\u00f3n continua en \u00e1reas de alta demanda como inteligencia artificial, ciberseguridad e ingenier\u00eda de software\u201d explic\u00f3 <strong>la Profesora Fabiola Montero de la Universidad de Panam\u00e1<\/strong>.<\/p>\n<p style=\"text-align: justify\"><strong>Empoderar a las personas fortaleciendo las econom\u00edas: <\/strong>En el coraz\u00f3n del proyecto se encuentra el compromiso con la inclusi\u00f3n y la sostenibilidad al ofrecer programas de capacitaci\u00f3n flexibles y accesibles. <strong>SUCCESS<\/strong> tiene como objetivo empoderar a los grupos subrepresentados, incluidas las mujeres. La iniciativa tambi\u00e9n apoya el emprendimiento, ayudando a las personas a pasar del trabajo informal a carreras formales impulsadas por la innovaci\u00f3n.<\/p>\n<p style=\"text-align: justify\">\u201cSe espera que el impacto del proyecto sea de gran alcance. A corto plazo, mejorar\u00e1 la calidad de la educaci\u00f3n y fortalecer\u00e1 los lazos entre las universidades y las empresas. A largo plazo, contribuir\u00e1 a la competitividad nacional, reducir\u00e1 la desigualdad y fomentar\u00e1 una cultura de innovaci\u00f3n en toda la regi\u00f3n\u201d <strong>indica la Profesora Iveth Mart\u00ednez, de la Universidad de Panam\u00e1<\/strong>.<\/p>\n<p style=\"text-align: justify\"><strong>Alineado con objetivos globales: SUCCESS<\/strong> est\u00e1 estrechamente alineado con las prioridades de la Comisi\u00f3n Europea en materia de transformaci\u00f3n digital, crecimiento sostenible y cooperaci\u00f3n internacional. Apoya los Objetivos de Desarrollo Sostenible de las Naciones Unidas, en particular los relacionados con la educaci\u00f3n de calidad, el trabajo decente y la innovaci\u00f3n industrial.<\/p>\n<p style=\"text-align: justify\">A medida que el proyecto se desarrolle en los pr\u00f3ximos tres a\u00f1os, promete servir de modelo para otras regiones que se enfrentan a retos similares. Al construir puentes entre la educaci\u00f3n y la empresa, <strong>SUCCESS <\/strong>no solo prepara a los estudiantes para el futuro, sino que ayuda a darle forma.<\/p>\n<p style=\"text-align: justify\">Algunos miembros del <strong>IEEE de Panam\u00e1<\/strong> y <strong>Colombia<\/strong> participantes del <strong>Proyecto SUCCESS<\/strong> son <strong>Aris Castillo, Karla Arosemena, Sergio Armando Guti\u00e9rrez y\u00a0 Juan Felipe Botero Vega<\/strong> entre otros.<\/p>\n<p style=\"text-align: justify\">Para el <strong>Ing. Ernesto Ibarra, Presidente de IEEE Secci\u00f3n Panam\u00e1<\/strong>, \u201cel proyecto planteado es una muestra del compromiso que el IEEE sostiene promoviendo el avance de la tecnolog\u00eda en beneficio de la sociedad\u201d.<\/p>\n<p style=\"text-align: justify\">Para obtener m\u00e1s informaci\u00f3n, visite el sitio web del proyecto <strong>SUCCESS<\/strong> en <a href=\"https:\/\/success-project.se\/\" target=\"_blank\" rel=\"noopener\">https:\/\/success-project.se\/<\/a><\/p>\n<p>[\/vc_column_text][\/vc_column][\/vc_row]<\/p>\n<\/div>","protected":false},"excerpt":{"rendered":"<p>[vc_row][vc_column][vc_column_text css=\u00bb\u00bb]<br \/>\nProyecto SUCCESS (Society and Business Centric Education through Sustainable and Smart Co-production) financiado por el programa Erasmus+ de la Uni\u00f3n Europea<br \/>\n[\/vc_column_text][vc_single_image image=\u00bb31109&#8243; img_size=\u00bb700&#215;400&#8243; alignment=\u00bbcenter\u00bb css=\u00bb\u00bb][vc_empty_space][\/vc_column][\/vc_row][vc_row][vc_column][vc_column_text css=\u00bb\u00bb]<br \/>\nLatinoam\u00e9rica, 4 de julio del 2025. En un intento para remodelar el futuro de la educaci\u00f3n y el desarrollo &#8230;<\/p>\n","protected":false},"author":53,"featured_media":31109,"comment_status":"closed","ping_status":"closed","sticky":false,"template":"","format":"standard","meta":{"footnotes":"","_links_to":"","_links_to_target":""},"categories":[663944,48],"tags":[],"class_list":["post-31108","post","type-post","status-publish","format-standard","has-post-thumbnail","hentry","category-medios","category-noticias"],"yoast_head":"<!-- This site is optimized with the Yoast SEO plugin v27.5 - https:\/\/yoast.com\/product\/yoast-seo-wordpress\/ -->\n<title>Desarrollan iniciativa que busca crear alianzas entre Universidades y el sector empresarial - IEEE Secci\u00f3n Panam\u00e1<\/title>\n<meta name=\"robots\" content=\"index, follow, max-snippet:-1, max-image-preview:large, max-video-preview:-1\" \/>\n<link rel=\"canonical\" href=\"https:\/\/r9.ieee.org\/panama\/desarrollan-iniciativa-que-busca-crear-alianzas-entre-universidades-y-el-sector-empresarial\/\" \/>\n<meta name=\"twitter:label1\" content=\"Escrito por\" \/>\n\t<meta name=\"twitter:data1\" content=\"Tania Quiel\" \/>\n\t<meta name=\"twitter:label2\" content=\"Tiempo de lectura\" \/>\n\t<meta name=\"twitter:data2\" content=\"6 minutos\" \/>\n<script type=\"application\/ld+json\" class=\"yoast-schema-graph\">{\"@context\":\"https:\\\/\\\/schema.org\",\"@graph\":[{\"@type\":\"Article\",\"@id\":\"https:\\\/\\\/r9.ieee.org\\\/panama\\\/desarrollan-iniciativa-que-busca-crear-alianzas-entre-universidades-y-el-sector-empresarial\\\/#article\",\"isPartOf\":{\"@id\":\"https:\\\/\\\/r9.ieee.org\\\/panama\\\/desarrollan-iniciativa-que-busca-crear-alianzas-entre-universidades-y-el-sector-empresarial\\\/\"},\"author\":{\"name\":\"Tania Quiel\",\"@id\":\"https:\\\/\\\/r9.ieee.org\\\/panama\\\/#\\\/schema\\\/person\\\/55589d3235274cac7c8800bd577b27f8\"},\"headline\":\"Desarrollan iniciativa que busca crear alianzas entre Universidades y el sector empresarial\",\"datePublished\":\"2025-07-08T17:15:56+00:00\",\"dateModified\":\"2025-10-08T17:17:36+00:00\",\"mainEntityOfPage\":{\"@id\":\"https:\\\/\\\/r9.ieee.org\\\/panama\\\/desarrollan-iniciativa-que-busca-crear-alianzas-entre-universidades-y-el-sector-empresarial\\\/\"},\"wordCount\":1192,\"image\":{\"@id\":\"https:\\\/\\\/r9.ieee.org\\\/panama\\\/desarrollan-iniciativa-que-busca-crear-alianzas-entre-universidades-y-el-sector-empresarial\\\/#primaryimage\"},\"thumbnailUrl\":\"https:\\\/\\\/r9.ieee.org\\\/panama\\\/wp-content\\\/uploads\\\/sites\\\/25\\\/2025\\\/10\\\/sucess.jpg\",\"articleSection\":[\"Medios\",\"Noticias\"],\"inLanguage\":\"es\"},{\"@type\":\"WebPage\",\"@id\":\"https:\\\/\\\/r9.ieee.org\\\/panama\\\/desarrollan-iniciativa-que-busca-crear-alianzas-entre-universidades-y-el-sector-empresarial\\\/\",\"url\":\"https:\\\/\\\/r9.ieee.org\\\/panama\\\/desarrollan-iniciativa-que-busca-crear-alianzas-entre-universidades-y-el-sector-empresarial\\\/\",\"name\":\"Desarrollan iniciativa que busca crear alianzas entre Universidades y el sector empresarial - IEEE Secci\u00f3n Panam\u00e1\",\"isPartOf\":{\"@id\":\"https:\\\/\\\/r9.ieee.org\\\/panama\\\/#website\"},\"primaryImageOfPage\":{\"@id\":\"https:\\\/\\\/r9.ieee.org\\\/panama\\\/desarrollan-iniciativa-que-busca-crear-alianzas-entre-universidades-y-el-sector-empresarial\\\/#primaryimage\"},\"image\":{\"@id\":\"https:\\\/\\\/r9.ieee.org\\\/panama\\\/desarrollan-iniciativa-que-busca-crear-alianzas-entre-universidades-y-el-sector-empresarial\\\/#primaryimage\"},\"thumbnailUrl\":\"https:\\\/\\\/r9.ieee.org\\\/panama\\\/wp-content\\\/uploads\\\/sites\\\/25\\\/2025\\\/10\\\/sucess.jpg\",\"datePublished\":\"2025-07-08T17:15:56+00:00\",\"dateModified\":\"2025-10-08T17:17:36+00:00\",\"author\":{\"@id\":\"https:\\\/\\\/r9.ieee.org\\\/panama\\\/#\\\/schema\\\/person\\\/55589d3235274cac7c8800bd577b27f8\"},\"inLanguage\":\"es\",\"potentialAction\":[{\"@type\":\"ReadAction\",\"target\":[\"https:\\\/\\\/r9.ieee.org\\\/panama\\\/desarrollan-iniciativa-que-busca-crear-alianzas-entre-universidades-y-el-sector-empresarial\\\/\"]}]},{\"@type\":\"ImageObject\",\"inLanguage\":\"es\",\"@id\":\"https:\\\/\\\/r9.ieee.org\\\/panama\\\/desarrollan-iniciativa-que-busca-crear-alianzas-entre-universidades-y-el-sector-empresarial\\\/#primaryimage\",\"url\":\"https:\\\/\\\/r9.ieee.org\\\/panama\\\/wp-content\\\/uploads\\\/sites\\\/25\\\/2025\\\/10\\\/sucess.jpg\",\"contentUrl\":\"https:\\\/\\\/r9.ieee.org\\\/panama\\\/wp-content\\\/uploads\\\/sites\\\/25\\\/2025\\\/10\\\/sucess.jpg\",\"width\":921,\"height\":604},{\"@type\":\"WebSite\",\"@id\":\"https:\\\/\\\/r9.ieee.org\\\/panama\\\/#website\",\"url\":\"https:\\\/\\\/r9.ieee.org\\\/panama\\\/\",\"name\":\"IEEE Secci\u00f3n Panam\u00e1\",\"description\":\"\",\"potentialAction\":[{\"@type\":\"SearchAction\",\"target\":{\"@type\":\"EntryPoint\",\"urlTemplate\":\"https:\\\/\\\/r9.ieee.org\\\/panama\\\/?s={search_term_string}\"},\"query-input\":{\"@type\":\"PropertyValueSpecification\",\"valueRequired\":true,\"valueName\":\"search_term_string\"}}],\"inLanguage\":\"es\"},{\"@type\":\"Person\",\"@id\":\"https:\\\/\\\/r9.ieee.org\\\/panama\\\/#\\\/schema\\\/person\\\/55589d3235274cac7c8800bd577b27f8\",\"name\":\"Tania Quiel\",\"image\":{\"@type\":\"ImageObject\",\"inLanguage\":\"es\",\"@id\":\"https:\\\/\\\/secure.gravatar.com\\\/avatar\\\/ffa3f852d60a71e7c3d7fabf3655b0e50e5d359f4d45655f66f9ccf80322cecb?s=96&r=g\",\"url\":\"https:\\\/\\\/secure.gravatar.com\\\/avatar\\\/ffa3f852d60a71e7c3d7fabf3655b0e50e5d359f4d45655f66f9ccf80322cecb?s=96&r=g\",\"contentUrl\":\"https:\\\/\\\/secure.gravatar.com\\\/avatar\\\/ffa3f852d60a71e7c3d7fabf3655b0e50e5d359f4d45655f66f9ccf80322cecb?s=96&r=g\",\"caption\":\"Tania Quiel\"},\"url\":\"https:\\\/\\\/r9.ieee.org\\\/panama\\\/author\\\/tquiel\\\/\"}]}<\/script>\n<!-- \/ Yoast SEO plugin. -->","yoast_head_json":{"title":"Desarrollan iniciativa que busca crear alianzas entre Universidades y el sector empresarial - IEEE Secci\u00f3n Panam\u00e1","robots":{"index":"index","follow":"follow","max-snippet":"max-snippet:-1","max-image-preview":"max-image-preview:large","max-video-preview":"max-video-preview:-1"},"canonical":"https:\/\/r9.ieee.org\/panama\/desarrollan-iniciativa-que-busca-crear-alianzas-entre-universidades-y-el-sector-empresarial\/","twitter_misc":{"Escrito por":"Tania Quiel","Tiempo de lectura":"6 minutos"},"schema":{"@context":"https:\/\/schema.org","@graph":[{"@type":"Article","@id":"https:\/\/r9.ieee.org\/panama\/desarrollan-iniciativa-que-busca-crear-alianzas-entre-universidades-y-el-sector-empresarial\/#article","isPartOf":{"@id":"https:\/\/r9.ieee.org\/panama\/desarrollan-iniciativa-que-busca-crear-alianzas-entre-universidades-y-el-sector-empresarial\/"},"author":{"name":"Tania Quiel","@id":"https:\/\/r9.ieee.org\/panama\/#\/schema\/person\/55589d3235274cac7c8800bd577b27f8"},"headline":"Desarrollan iniciativa que busca crear alianzas entre Universidades y el sector empresarial","datePublished":"2025-07-08T17:15:56+00:00","dateModified":"2025-10-08T17:17:36+00:00","mainEntityOfPage":{"@id":"https:\/\/r9.ieee.org\/panama\/desarrollan-iniciativa-que-busca-crear-alianzas-entre-universidades-y-el-sector-empresarial\/"},"wordCount":1192,"image":{"@id":"https:\/\/r9.ieee.org\/panama\/desarrollan-iniciativa-que-busca-crear-alianzas-entre-universidades-y-el-sector-empresarial\/#primaryimage"},"thumbnailUrl":"https:\/\/r9.ieee.org\/panama\/wp-content\/uploads\/sites\/25\/2025\/10\/sucess.jpg","articleSection":["Medios","Noticias"],"inLanguage":"es"},{"@type":"WebPage","@id":"https:\/\/r9.ieee.org\/panama\/desarrollan-iniciativa-que-busca-crear-alianzas-entre-universidades-y-el-sector-empresarial\/","url":"https:\/\/r9.ieee.org\/panama\/desarrollan-iniciativa-que-busca-crear-alianzas-entre-universidades-y-el-sector-empresarial\/","name":"Desarrollan iniciativa que busca crear alianzas entre Universidades y el sector empresarial - IEEE Secci\u00f3n Panam\u00e1","isPartOf":{"@id":"https:\/\/r9.ieee.org\/panama\/#website"},"primaryImageOfPage":{"@id":"https:\/\/r9.ieee.org\/panama\/desarrollan-iniciativa-que-busca-crear-alianzas-entre-universidades-y-el-sector-empresarial\/#primaryimage"},"image":{"@id":"https:\/\/r9.ieee.org\/panama\/desarrollan-iniciativa-que-busca-crear-alianzas-entre-universidades-y-el-sector-empresarial\/#primaryimage"},"thumbnailUrl":"https:\/\/r9.ieee.org\/panama\/wp-content\/uploads\/sites\/25\/2025\/10\/sucess.jpg","datePublished":"2025-07-08T17:15:56+00:00","dateModified":"2025-10-08T17:17:36+00:00","author":{"@id":"https:\/\/r9.ieee.org\/panama\/#\/schema\/person\/55589d3235274cac7c8800bd577b27f8"},"inLanguage":"es","potentialAction":[{"@type":"ReadAction","target":["https:\/\/r9.ieee.org\/panama\/desarrollan-iniciativa-que-busca-crear-alianzas-entre-universidades-y-el-sector-empresarial\/"]}]},{"@type":"ImageObject","inLanguage":"es","@id":"https:\/\/r9.ieee.org\/panama\/desarrollan-iniciativa-que-busca-crear-alianzas-entre-universidades-y-el-sector-empresarial\/#primaryimage","url":"https:\/\/r9.ieee.org\/panama\/wp-content\/uploads\/sites\/25\/2025\/10\/sucess.jpg","contentUrl":"https:\/\/r9.ieee.org\/panama\/wp-content\/uploads\/sites\/25\/2025\/10\/sucess.jpg","width":921,"height":604},{"@type":"WebSite","@id":"https:\/\/r9.ieee.org\/panama\/#website","url":"https:\/\/r9.ieee.org\/panama\/","name":"IEEE Secci\u00f3n Panam\u00e1","description":"","potentialAction":[{"@type":"SearchAction","target":{"@type":"EntryPoint","urlTemplate":"https:\/\/r9.ieee.org\/panama\/?s={search_term_string}"},"query-input":{"@type":"PropertyValueSpecification","valueRequired":true,"valueName":"search_term_string"}}],"inLanguage":"es"},{"@type":"Person","@id":"https:\/\/r9.ieee.org\/panama\/#\/schema\/person\/55589d3235274cac7c8800bd577b27f8","name":"Tania Quiel","image":{"@type":"ImageObject","inLanguage":"es","@id":"https:\/\/secure.gravatar.com\/avatar\/ffa3f852d60a71e7c3d7fabf3655b0e50e5d359f4d45655f66f9ccf80322cecb?s=96&r=g","url":"https:\/\/secure.gravatar.com\/avatar\/ffa3f852d60a71e7c3d7fabf3655b0e50e5d359f4d45655f66f9ccf80322cecb?s=96&r=g","contentUrl":"https:\/\/secure.gravatar.com\/avatar\/ffa3f852d60a71e7c3d7fabf3655b0e50e5d359f4d45655f66f9ccf80322cecb?s=96&r=g","caption":"Tania Quiel"},"url":"https:\/\/r9.ieee.org\/panama\/author\/tquiel\/"}]}},"_links":{"self":[{"href":"https:\/\/r9.ieee.org\/panama\/wp-json\/wp\/v2\/posts\/31108","targetHints":{"allow":["GET"]}}],"collection":[{"href":"https:\/\/r9.ieee.org\/panama\/wp-json\/wp\/v2\/posts"}],"about":[{"href":"https:\/\/r9.ieee.org\/panama\/wp-json\/wp\/v2\/types\/post"}],"author":[{"embeddable":true,"href":"https:\/\/r9.ieee.org\/panama\/wp-json\/wp\/v2\/users\/53"}],"replies":[{"embeddable":true,"href":"https:\/\/r9.ieee.org\/panama\/wp-json\/wp\/v2\/comments?post=31108"}],"version-history":[{"count":0,"href":"https:\/\/r9.ieee.org\/panama\/wp-json\/wp\/v2\/posts\/31108\/revisions"}],"wp:featuredmedia":[{"embeddable":true,"href":"https:\/\/r9.ieee.org\/panama\/wp-json\/wp\/v2\/media\/31109"}],"wp:attachment":[{"href":"https:\/\/r9.ieee.org\/panama\/wp-json\/wp\/v2\/media?parent=31108"}],"wp:term":[{"taxonomy":"category","embeddable":true,"href":"https:\/\/r9.ieee.org\/panama\/wp-json\/wp\/v2\/categories?post=31108"},{"taxonomy":"post_tag","embeddable":true,"href":"https:\/\/r9.ieee.org\/panama\/wp-json\/wp\/v2\/tags?post=31108"}],"curies":[{"name":"wp","href":"https:\/\/api.w.org\/{rel}","templated":true}]}},{"id":31113,"date":"2025-06-08T12:32:41","date_gmt":"2025-06-08T17:32:41","guid":{"rendered":"https:\/\/r9.ieee.org\/panama\/?p=31113"},"modified":"2025-10-08T12:33:48","modified_gmt":"2025-10-08T17:33:48","slug":"panama-mercadea-sus-fortalezas-para-atraer-mercado-de-turismo-de-eventos","status":"publish","type":"post","link":"https:\/\/r9.ieee.org\/panama\/panama-mercadea-sus-fortalezas-para-atraer-mercado-de-turismo-de-eventos\/","title":{"rendered":"Panam\u00e1 mercadea sus fortalezas para atraer mercado de turismo de eventos"},"content":{"rendered":"<div class=\"wpb-content-wrapper\"><p>[vc_row][vc_column][vc_column_text css=\u00bb\u00bb]<\/p>\n<p style=\"text-align: center\"><em><u>Evento latinoamericano en Costa Rica<\/u><\/em><\/p>\n<p style=\"text-align: center\"><em>Secci\u00f3n Local de IEEE resalt\u00f3 impacto positivo de Congresos y Reuniones <\/em><\/p>\n<p>[\/vc_column_text][vc_single_image image=\u00bb31114&#8243; img_size=\u00bb700&#215;400&#8243; alignment=\u00bbcenter\u00bb css=\u00bb\u00bb][vc_empty_space][\/vc_column][\/vc_row][vc_row][vc_column][vc_column_text css=\u00bb\u00bb]<\/p>\n<p style=\"text-align: justify\"><strong>Barreal de Heredia, Costa Rica, 13 de junio del 2025.<\/strong> Una delegaci\u00f3n de empresas y organizaciones de <strong>Panam\u00e1<\/strong> particip\u00f3 en el evento \u201c<strong>FIEXPO Latin Am\u00e9rica 2025\u201d,<\/strong> que reuni\u00f3 del <strong>9 al 12 de junio<\/strong> a m\u00e1s de <strong>300 compradores<\/strong> internacionales, as\u00ed como a los tomadores de decisiones m\u00e1s influyentes de la regi\u00f3n, convirti\u00e9ndose en una plataforma \u00fanica para consolidar al pa\u00eds como epicentro de negocios y encuentros profesionales en Am\u00e9rica Latina.<\/p>\n<p style=\"text-align: justify\">El encuentro latinoamericano junt\u00f3 a los destinos m\u00e1s importantes de la regi\u00f3n que compiten por atraer el mercado de turismo de <strong>Reuniones, Congresos, Convenciones, Incentivos y Exhibiciones (MICE, por sus siglas en ingl\u00e9s).<\/strong><\/p>\n<p style=\"text-align: justify\">La \u201c<strong>FIEXPO Latin Am\u00e9rica 2025\u201d se llev\u00f3 a cabo en el Centro de Convenciones de Costa Rica <\/strong>ubicado en la comunidad de<strong> Barreal de Heredia, Costa Rica.<\/strong><\/p>\n<p style=\"text-align: justify\"><strong>Andr\u00e9s Escand\u00f3n<\/strong>, <strong>director regional de la Asociaci\u00f3n Internacional de Congresos y Convenciones Latinoam\u00e9rica (ICCA, por sus siglas en ingl\u00e9s),<\/strong> se\u00f1al\u00f3 que esta es la feria m\u00e1s importante de eventos y reuniones, significando para el sector, oportunidades de negocios y promoci\u00f3n internacional de marketing de destinos.<\/p>\n<p style=\"text-align: justify\">Entre el <strong>16 y 19 de setiembre, Panam\u00e1<\/strong> ser\u00e1 la sede de la <strong>Conferencia Latinoamericana de la Sociedad de Potencia y Energ\u00eda del Instituto de Ingenieros El\u00e9ctricos y Electr\u00f3nicos (PES-IEEE, en ingl\u00e9s) <\/strong>encuentro en que participar\u00e1n unos <strong>500 especialistas de todo el mundo en el hotel Hotel Marriott Panama, en Albrook.<\/strong><\/p>\n<p style=\"text-align: justify\">De acuerdo con la p\u00e1gina web oficial la <a href=\"https:\/\/ieee-isgt-latam.org\/\" target=\"_blank\" rel=\"noopener\"><strong>Conferencia<\/strong><\/a> congregar\u00e1 \u201ca expertos del sector energ\u00e9tico, investigadores, acad\u00e9micos y profesionales de todo el mundo para discutir la transformaci\u00f3n del sistema el\u00e9ctrico a trav\u00e9s de tecnolog\u00edas inteligentes, almacenamiento de energ\u00eda y digitalizaci\u00f3n\u201d.<\/p>\n<p style=\"text-align: justify\">\u201cLa industria energ\u00e9tica est\u00e1 evolucionando r\u00e1pidamente hacia una infraestructura m\u00e1s inteligente y sostenible. El evento explorar\u00e1 los avances en redes inteligentes, integraci\u00f3n de energ\u00edas renovables, almacenamiento de energ\u00eda y regulaciones para permitir un sistema energ\u00e9tico eficiente y confiable\u201d, se\u00f1ala la web.<\/p>\n<p>[\/vc_column_text][vc_empty_space][vc_column_text css=\u00bb\u00bb]<\/p>\n<h3><strong><u>Experiencias exitosas<\/u><\/strong><\/h3>\n<p>&nbsp;<\/p>\n<p style=\"text-align: justify\">El <strong>Ing. Julio Garc\u00eda, Presidente de PES-IEEE-Panam\u00e1, <\/strong>indic\u00f3 que ese pa\u00eds es un punto de referencia para todo Latinoam\u00e9rica y el mundo como un lugar de congresos de Ingenier\u00eda y otra gran cantidad de sectores de esa profesi\u00f3n.<\/p>\n<p style=\"text-align: justify\">\u201cJunto con otros socios locales como <strong>Promtur <\/strong>y la <strong>Autoridad de Turismo de Panam\u00e1<\/strong> se ha hecho una alianza para promocionar a nuestro pa\u00eds como un punto de destino atrayendo este tipo de actividades que aparte de tener un enorme impacto econ\u00f3mico nos ponen a la vanguardia en materia cient\u00edfica y tecnol\u00f3gica. En el pasado hicimos con gran \u00e9xito eventos de <strong>Telecomunicaciones y de Ingenier\u00eda Biom\u00e9dica,<\/strong> poco a poco hemos ido ganado terreno en este campo gracias a las facilidades que ofrece el pa\u00eds\u201d, resalt\u00f3 <strong>Garc\u00eda.<\/strong><\/p>\n<p style=\"text-align: justify\"><strong>Por su parte, el Dr. Ernesto Ibarra, Presidente de IEEE-Panam\u00e1, <\/strong>explic\u00f3 que el <strong>turismo MICE<\/strong> tiene un impacto \u201csumamente amplio que va m\u00e1s all\u00e1 de la esfera estrictamente t\u00e9cnica\u201d.<\/p>\n<p style=\"text-align: justify\">\u201cPor lo general, una persona que ingresa al pa\u00eds para asistir a un congreso presenta un nivel de gasto local superior al de un turista promedio. Adem\u00e1s, este tipo de eventos ofrece una valiosa oportunidad para que nuestros profesionales se beneficien del intercambio de conocimientos con referentes internacionales en sus respectivas \u00e1reas. En consecuencia, los beneficios van m\u00e1s all\u00e1 del impacto econ\u00f3mico, fortaleciendo tambi\u00e9n el capital humano y profesional del pa\u00eds\u201d, afirm\u00f3 <strong>Ibarra.<\/strong><\/p>\n<p style=\"text-align: justify\"><strong>Seg\u00fan el Consejo Mundial de Viajes y Turismo (WTTC),<\/strong> los\u00a0<strong>viajes de negocios crecieron en un 6,2 por ciento los niveles prepandemia<\/strong>\u00a0para alcanzar un valor r\u00e9cord de <strong>USD $1,5 billones de d\u00f3lares.<\/strong><\/p>\n<p>[\/vc_column_text][\/vc_column][\/vc_row]<\/p>\n<\/div>","protected":false},"excerpt":{"rendered":"<p>[vc_row][vc_column][vc_column_text css=\u00bb\u00bb]<br \/>\nEvento latinoamericano en Costa Rica<br \/>\nSecci\u00f3n Local de IEEE resalt\u00f3 impacto positivo de Congresos y Reuniones<br \/>\n[\/vc_column_text][vc_single_image image=\u00bb31114&#8243; img_size=\u00bb700&#215;400&#8243; alignment=\u00bbcenter\u00bb css=\u00bb\u00bb][vc_empty_space][\/vc_column][\/vc_row][vc_row][vc_column][vc_column_text css=\u00bb\u00bb]<br \/>\nBarreal de Heredia, Costa Rica, 13 de junio del 2025. Una delegaci\u00f3n de empresas y organizaciones de Panam\u00e1 particip\u00f3 en el evento \u201cFIEXPO Latin &#8230;<\/p>\n","protected":false},"author":53,"featured_media":31114,"comment_status":"closed","ping_status":"closed","sticky":false,"template":"","format":"standard","meta":{"footnotes":"","_links_to":"","_links_to_target":""},"categories":[663944,48],"tags":[],"class_list":["post-31113","post","type-post","status-publish","format-standard","has-post-thumbnail","hentry","category-medios","category-noticias"],"yoast_head":"<!-- This site is optimized with the Yoast SEO plugin v27.5 - https:\/\/yoast.com\/product\/yoast-seo-wordpress\/ -->\n<title>Panam\u00e1 mercadea sus fortalezas para atraer mercado de turismo de eventos - IEEE Secci\u00f3n Panam\u00e1<\/title>\n<meta name=\"robots\" content=\"index, follow, max-snippet:-1, max-image-preview:large, max-video-preview:-1\" \/>\n<link rel=\"canonical\" href=\"https:\/\/r9.ieee.org\/panama\/panama-mercadea-sus-fortalezas-para-atraer-mercado-de-turismo-de-eventos\/\" \/>\n<meta name=\"twitter:label1\" content=\"Escrito por\" \/>\n\t<meta name=\"twitter:data1\" content=\"Tania Quiel\" \/>\n\t<meta name=\"twitter:label2\" content=\"Tiempo de lectura\" \/>\n\t<meta name=\"twitter:data2\" content=\"3 minutos\" \/>\n<script type=\"application\/ld+json\" class=\"yoast-schema-graph\">{\"@context\":\"https:\\\/\\\/schema.org\",\"@graph\":[{\"@type\":\"Article\",\"@id\":\"https:\\\/\\\/r9.ieee.org\\\/panama\\\/panama-mercadea-sus-fortalezas-para-atraer-mercado-de-turismo-de-eventos\\\/#article\",\"isPartOf\":{\"@id\":\"https:\\\/\\\/r9.ieee.org\\\/panama\\\/panama-mercadea-sus-fortalezas-para-atraer-mercado-de-turismo-de-eventos\\\/\"},\"author\":{\"name\":\"Tania Quiel\",\"@id\":\"https:\\\/\\\/r9.ieee.org\\\/panama\\\/#\\\/schema\\\/person\\\/55589d3235274cac7c8800bd577b27f8\"},\"headline\":\"Panam\u00e1 mercadea sus fortalezas para atraer mercado de turismo de eventos\",\"datePublished\":\"2025-06-08T17:32:41+00:00\",\"dateModified\":\"2025-10-08T17:33:48+00:00\",\"mainEntityOfPage\":{\"@id\":\"https:\\\/\\\/r9.ieee.org\\\/panama\\\/panama-mercadea-sus-fortalezas-para-atraer-mercado-de-turismo-de-eventos\\\/\"},\"wordCount\":705,\"image\":{\"@id\":\"https:\\\/\\\/r9.ieee.org\\\/panama\\\/panama-mercadea-sus-fortalezas-para-atraer-mercado-de-turismo-de-eventos\\\/#primaryimage\"},\"thumbnailUrl\":\"https:\\\/\\\/r9.ieee.org\\\/panama\\\/wp-content\\\/uploads\\\/sites\\\/25\\\/2025\\\/10\\\/FIEXPO.jpg\",\"articleSection\":[\"Medios\",\"Noticias\"],\"inLanguage\":\"es\"},{\"@type\":\"WebPage\",\"@id\":\"https:\\\/\\\/r9.ieee.org\\\/panama\\\/panama-mercadea-sus-fortalezas-para-atraer-mercado-de-turismo-de-eventos\\\/\",\"url\":\"https:\\\/\\\/r9.ieee.org\\\/panama\\\/panama-mercadea-sus-fortalezas-para-atraer-mercado-de-turismo-de-eventos\\\/\",\"name\":\"Panam\u00e1 mercadea sus fortalezas para atraer mercado de turismo de eventos - IEEE Secci\u00f3n Panam\u00e1\",\"isPartOf\":{\"@id\":\"https:\\\/\\\/r9.ieee.org\\\/panama\\\/#website\"},\"primaryImageOfPage\":{\"@id\":\"https:\\\/\\\/r9.ieee.org\\\/panama\\\/panama-mercadea-sus-fortalezas-para-atraer-mercado-de-turismo-de-eventos\\\/#primaryimage\"},\"image\":{\"@id\":\"https:\\\/\\\/r9.ieee.org\\\/panama\\\/panama-mercadea-sus-fortalezas-para-atraer-mercado-de-turismo-de-eventos\\\/#primaryimage\"},\"thumbnailUrl\":\"https:\\\/\\\/r9.ieee.org\\\/panama\\\/wp-content\\\/uploads\\\/sites\\\/25\\\/2025\\\/10\\\/FIEXPO.jpg\",\"datePublished\":\"2025-06-08T17:32:41+00:00\",\"dateModified\":\"2025-10-08T17:33:48+00:00\",\"author\":{\"@id\":\"https:\\\/\\\/r9.ieee.org\\\/panama\\\/#\\\/schema\\\/person\\\/55589d3235274cac7c8800bd577b27f8\"},\"inLanguage\":\"es\",\"potentialAction\":[{\"@type\":\"ReadAction\",\"target\":[\"https:\\\/\\\/r9.ieee.org\\\/panama\\\/panama-mercadea-sus-fortalezas-para-atraer-mercado-de-turismo-de-eventos\\\/\"]}]},{\"@type\":\"ImageObject\",\"inLanguage\":\"es\",\"@id\":\"https:\\\/\\\/r9.ieee.org\\\/panama\\\/panama-mercadea-sus-fortalezas-para-atraer-mercado-de-turismo-de-eventos\\\/#primaryimage\",\"url\":\"https:\\\/\\\/r9.ieee.org\\\/panama\\\/wp-content\\\/uploads\\\/sites\\\/25\\\/2025\\\/10\\\/FIEXPO.jpg\",\"contentUrl\":\"https:\\\/\\\/r9.ieee.org\\\/panama\\\/wp-content\\\/uploads\\\/sites\\\/25\\\/2025\\\/10\\\/FIEXPO.jpg\",\"width\":1599,\"height\":899},{\"@type\":\"WebSite\",\"@id\":\"https:\\\/\\\/r9.ieee.org\\\/panama\\\/#website\",\"url\":\"https:\\\/\\\/r9.ieee.org\\\/panama\\\/\",\"name\":\"IEEE Secci\u00f3n Panam\u00e1\",\"description\":\"\",\"potentialAction\":[{\"@type\":\"SearchAction\",\"target\":{\"@type\":\"EntryPoint\",\"urlTemplate\":\"https:\\\/\\\/r9.ieee.org\\\/panama\\\/?s={search_term_string}\"},\"query-input\":{\"@type\":\"PropertyValueSpecification\",\"valueRequired\":true,\"valueName\":\"search_term_string\"}}],\"inLanguage\":\"es\"},{\"@type\":\"Person\",\"@id\":\"https:\\\/\\\/r9.ieee.org\\\/panama\\\/#\\\/schema\\\/person\\\/55589d3235274cac7c8800bd577b27f8\",\"name\":\"Tania Quiel\",\"image\":{\"@type\":\"ImageObject\",\"inLanguage\":\"es\",\"@id\":\"https:\\\/\\\/secure.gravatar.com\\\/avatar\\\/ffa3f852d60a71e7c3d7fabf3655b0e50e5d359f4d45655f66f9ccf80322cecb?s=96&r=g\",\"url\":\"https:\\\/\\\/secure.gravatar.com\\\/avatar\\\/ffa3f852d60a71e7c3d7fabf3655b0e50e5d359f4d45655f66f9ccf80322cecb?s=96&r=g\",\"contentUrl\":\"https:\\\/\\\/secure.gravatar.com\\\/avatar\\\/ffa3f852d60a71e7c3d7fabf3655b0e50e5d359f4d45655f66f9ccf80322cecb?s=96&r=g\",\"caption\":\"Tania Quiel\"},\"url\":\"https:\\\/\\\/r9.ieee.org\\\/panama\\\/author\\\/tquiel\\\/\"}]}<\/script>\n<!-- \/ Yoast SEO plugin. -->","yoast_head_json":{"title":"Panam\u00e1 mercadea sus fortalezas para atraer mercado de turismo de eventos - IEEE Secci\u00f3n Panam\u00e1","robots":{"index":"index","follow":"follow","max-snippet":"max-snippet:-1","max-image-preview":"max-image-preview:large","max-video-preview":"max-video-preview:-1"},"canonical":"https:\/\/r9.ieee.org\/panama\/panama-mercadea-sus-fortalezas-para-atraer-mercado-de-turismo-de-eventos\/","twitter_misc":{"Escrito por":"Tania Quiel","Tiempo de lectura":"3 minutos"},"schema":{"@context":"https:\/\/schema.org","@graph":[{"@type":"Article","@id":"https:\/\/r9.ieee.org\/panama\/panama-mercadea-sus-fortalezas-para-atraer-mercado-de-turismo-de-eventos\/#article","isPartOf":{"@id":"https:\/\/r9.ieee.org\/panama\/panama-mercadea-sus-fortalezas-para-atraer-mercado-de-turismo-de-eventos\/"},"author":{"name":"Tania Quiel","@id":"https:\/\/r9.ieee.org\/panama\/#\/schema\/person\/55589d3235274cac7c8800bd577b27f8"},"headline":"Panam\u00e1 mercadea sus fortalezas para atraer mercado de turismo de eventos","datePublished":"2025-06-08T17:32:41+00:00","dateModified":"2025-10-08T17:33:48+00:00","mainEntityOfPage":{"@id":"https:\/\/r9.ieee.org\/panama\/panama-mercadea-sus-fortalezas-para-atraer-mercado-de-turismo-de-eventos\/"},"wordCount":705,"image":{"@id":"https:\/\/r9.ieee.org\/panama\/panama-mercadea-sus-fortalezas-para-atraer-mercado-de-turismo-de-eventos\/#primaryimage"},"thumbnailUrl":"https:\/\/r9.ieee.org\/panama\/wp-content\/uploads\/sites\/25\/2025\/10\/FIEXPO.jpg","articleSection":["Medios","Noticias"],"inLanguage":"es"},{"@type":"WebPage","@id":"https:\/\/r9.ieee.org\/panama\/panama-mercadea-sus-fortalezas-para-atraer-mercado-de-turismo-de-eventos\/","url":"https:\/\/r9.ieee.org\/panama\/panama-mercadea-sus-fortalezas-para-atraer-mercado-de-turismo-de-eventos\/","name":"Panam\u00e1 mercadea sus fortalezas para atraer mercado de turismo de eventos - IEEE Secci\u00f3n Panam\u00e1","isPartOf":{"@id":"https:\/\/r9.ieee.org\/panama\/#website"},"primaryImageOfPage":{"@id":"https:\/\/r9.ieee.org\/panama\/panama-mercadea-sus-fortalezas-para-atraer-mercado-de-turismo-de-eventos\/#primaryimage"},"image":{"@id":"https:\/\/r9.ieee.org\/panama\/panama-mercadea-sus-fortalezas-para-atraer-mercado-de-turismo-de-eventos\/#primaryimage"},"thumbnailUrl":"https:\/\/r9.ieee.org\/panama\/wp-content\/uploads\/sites\/25\/2025\/10\/FIEXPO.jpg","datePublished":"2025-06-08T17:32:41+00:00","dateModified":"2025-10-08T17:33:48+00:00","author":{"@id":"https:\/\/r9.ieee.org\/panama\/#\/schema\/person\/55589d3235274cac7c8800bd577b27f8"},"inLanguage":"es","potentialAction":[{"@type":"ReadAction","target":["https:\/\/r9.ieee.org\/panama\/panama-mercadea-sus-fortalezas-para-atraer-mercado-de-turismo-de-eventos\/"]}]},{"@type":"ImageObject","inLanguage":"es","@id":"https:\/\/r9.ieee.org\/panama\/panama-mercadea-sus-fortalezas-para-atraer-mercado-de-turismo-de-eventos\/#primaryimage","url":"https:\/\/r9.ieee.org\/panama\/wp-content\/uploads\/sites\/25\/2025\/10\/FIEXPO.jpg","contentUrl":"https:\/\/r9.ieee.org\/panama\/wp-content\/uploads\/sites\/25\/2025\/10\/FIEXPO.jpg","width":1599,"height":899},{"@type":"WebSite","@id":"https:\/\/r9.ieee.org\/panama\/#website","url":"https:\/\/r9.ieee.org\/panama\/","name":"IEEE Secci\u00f3n Panam\u00e1","description":"","potentialAction":[{"@type":"SearchAction","target":{"@type":"EntryPoint","urlTemplate":"https:\/\/r9.ieee.org\/panama\/?s={search_term_string}"},"query-input":{"@type":"PropertyValueSpecification","valueRequired":true,"valueName":"search_term_string"}}],"inLanguage":"es"},{"@type":"Person","@id":"https:\/\/r9.ieee.org\/panama\/#\/schema\/person\/55589d3235274cac7c8800bd577b27f8","name":"Tania Quiel","image":{"@type":"ImageObject","inLanguage":"es","@id":"https:\/\/secure.gravatar.com\/avatar\/ffa3f852d60a71e7c3d7fabf3655b0e50e5d359f4d45655f66f9ccf80322cecb?s=96&r=g","url":"https:\/\/secure.gravatar.com\/avatar\/ffa3f852d60a71e7c3d7fabf3655b0e50e5d359f4d45655f66f9ccf80322cecb?s=96&r=g","contentUrl":"https:\/\/secure.gravatar.com\/avatar\/ffa3f852d60a71e7c3d7fabf3655b0e50e5d359f4d45655f66f9ccf80322cecb?s=96&r=g","caption":"Tania Quiel"},"url":"https:\/\/r9.ieee.org\/panama\/author\/tquiel\/"}]}},"_links":{"self":[{"href":"https:\/\/r9.ieee.org\/panama\/wp-json\/wp\/v2\/posts\/31113","targetHints":{"allow":["GET"]}}],"collection":[{"href":"https:\/\/r9.ieee.org\/panama\/wp-json\/wp\/v2\/posts"}],"about":[{"href":"https:\/\/r9.ieee.org\/panama\/wp-json\/wp\/v2\/types\/post"}],"author":[{"embeddable":true,"href":"https:\/\/r9.ieee.org\/panama\/wp-json\/wp\/v2\/users\/53"}],"replies":[{"embeddable":true,"href":"https:\/\/r9.ieee.org\/panama\/wp-json\/wp\/v2\/comments?post=31113"}],"version-history":[{"count":0,"href":"https:\/\/r9.ieee.org\/panama\/wp-json\/wp\/v2\/posts\/31113\/revisions"}],"wp:featuredmedia":[{"embeddable":true,"href":"https:\/\/r9.ieee.org\/panama\/wp-json\/wp\/v2\/media\/31114"}],"wp:attachment":[{"href":"https:\/\/r9.ieee.org\/panama\/wp-json\/wp\/v2\/media?parent=31113"}],"wp:term":[{"taxonomy":"category","embeddable":true,"href":"https:\/\/r9.ieee.org\/panama\/wp-json\/wp\/v2\/categories?post=31113"},{"taxonomy":"post_tag","embeddable":true,"href":"https:\/\/r9.ieee.org\/panama\/wp-json\/wp\/v2\/tags?post=31113"}],"curies":[{"name":"wp","href":"https:\/\/api.w.org\/{rel}","templated":true}]}},{"id":31099,"date":"2025-05-08T11:50:55","date_gmt":"2025-05-08T16:50:55","guid":{"rendered":"https:\/\/r9.ieee.org\/panama\/?p=31099"},"modified":"2025-10-08T11:51:35","modified_gmt":"2025-10-08T16:51:35","slug":"porque-triunfamos-en-latinoamerica","status":"publish","type":"post","link":"https:\/\/r9.ieee.org\/panama\/porque-triunfamos-en-latinoamerica\/","title":{"rendered":"Porque triunfamos en Latinoam\u00e9rica"},"content":{"rendered":"<div class=\"wpb-content-wrapper\"><p>[vc_row][vc_column][vc_column_text css=\u00bb\u00bb]<\/p>\n<p style=\"text-align: center\"><em>Por Dr. Luis Carlos Estrada-Petrocelli, Presidente del Cap\u00edtulo IEEE EMBS Panam\u00e1<\/em><\/p>\n<p>[\/vc_column_text][vc_single_image image=\u00bb31100&#8243; img_size=\u00bb700&#215;400&#8243; alignment=\u00bbcenter\u00bb css=\u00bb\u00bb][vc_empty_space][\/vc_column][\/vc_row][vc_row][vc_column][vc_column_text css=\u00bb\u00bb]<\/p>\n<p style=\"text-align: justify\">Hace unas semanas, el <strong>Cap\u00edtulo de Panam\u00e1 de la Sociedad de Ingenier\u00eda en Medicina y Biolog\u00eda (EMBS)<\/strong>, por sus siglas en ingl\u00e9s, del <strong>Instituto de Ingenieros El\u00e9ctricos y Electr\u00f3nicos (IEEE)<\/strong> fue reconocido con el <strong><em>Best Regional Professional Chapter Award 2025<\/em><\/strong>, distingui\u00e9ndose como el <strong>mejor cap\u00edtulo de Am\u00e9rica Latina<\/strong>.<\/p>\n<p style=\"text-align: justify\">Esta distinci\u00f3n, que nos llena de orgullo como pa\u00eds, es el resultado de una labor constante para fortalecer una especialidad de la ingenier\u00eda en la que Panam\u00e1 ha logrado progresos significativos, gracias al compromiso de instituciones acad\u00e9micas como la <strong>Universidad Latina de Panam\u00e1 (ULATINA)<\/strong>, la <strong>Universidad Especializada de las Am\u00e9ricas (UDELAS)<\/strong> y la <strong>Universidad Tecnol\u00f3gica de Panam\u00e1 (UTP)<\/strong>.<\/p>\n<p style=\"text-align: justify\">Gracias a la preparaci\u00f3n brindada en estos centros de educaci\u00f3n superior, el pa\u00eds ya cuenta con una masa cr\u00edtica de profesionales en ingenier\u00eda biom\u00e9dica, con m\u00e1s de<strong> 400 egresados<\/strong> a nivel t\u00e9cnico y de licenciatura, en una disciplina esencial para el fortalecimiento del sistema de salud en<strong> Panam\u00e1<\/strong>.<\/p>\n<p style=\"text-align: justify\">Este reconocimiento es fruto del trabajo incansable de muchos pioneros que, desde hace varias d\u00e9cadas, dieron el primer paso para desarrollar una ingenier\u00eda biom\u00e9dica con sello paname\u00f1o. Adem\u00e1s, fomentaron la formaci\u00f3n de nuevas generaciones que hoy est\u00e1n plenamente incorporadas en los sectores p\u00fablico y privado, alcanzando altos niveles de impacto y desempe\u00f1o.<\/p>\n<p style=\"text-align: justify\">Cada a\u00f1o, el <strong>Cap\u00edtulo EMBS<\/strong>, junto con la <strong>Secci\u00f3n Panam\u00e1 del IEEE<\/strong>, organiza talleres, congresos y charlas, entre otras actividades t\u00e9cnicas y profesionales, que permiten la actualizaci\u00f3n continua de conocimientos en un campo que, como bien sabemos, evoluciona a una velocidad vertiginosa.<\/p>\n<p style=\"text-align: justify\">El hecho de haber recibido esta distinci\u00f3n como el <strong>cap\u00edtulo m\u00e1s sobresaliente de la regi\u00f3n latinoamericana<\/strong> es una se\u00f1al inequ\u00edvoca de que la semilla plantada ha dado frutos valiosos. Pero, sobre todo, destaca el potencial de pa\u00edses como el nuestro, donde los recursos pueden ser limitados, pero el talento humano es abundante.<\/p>\n<p style=\"text-align: justify\">Detr\u00e1s de este logro confluyen m\u00faltiples factores: el compromiso sostenido de nuestras universidades, el respaldo firme de la<strong> Secci\u00f3n Panam\u00e1 del IEEE<\/strong>, la visi\u00f3n de los precursores de la disciplina y, especialmente, el entusiasmo y la vocaci\u00f3n de servicio de una juventud que hoy lidera con determinaci\u00f3n los desaf\u00edos del presente y del futuro.<\/p>\n<p style=\"text-align: justify\"><strong>Panam\u00e1, <\/strong>adem\u00e1s, se posiciona como un referente emergente en salud y tecnolog\u00eda, con modernos hospitales en los sectores p\u00fablico y privado, as\u00ed como con un ecosistema din\u00e1mico de empresas dedicadas a equipos m\u00e9dicos, innovaci\u00f3n digital y soluciones tecnol\u00f3gicas enfocadas en el cuidado de la salud. A este entorno se suman centros de investigaci\u00f3n que van emergiendo, fortaleciendo a\u00fan m\u00e1s las capacidades nacionales en ciencia, tecnolog\u00eda e innovaci\u00f3n.<\/p>\n<p style=\"text-align: justify\">Ahora nos corresponde dise\u00f1ar estrategias sostenibles que nos permitan consolidar nuestra posici\u00f3n de vanguardia. No hay marcha atr\u00e1s cuando la gran beneficiada es la patria que tanto amamos.<\/p>\n<p>[\/vc_column_text][\/vc_column][\/vc_row]<\/p>\n<\/div>","protected":false},"excerpt":{"rendered":"<p>[vc_row][vc_column][vc_column_text css=\u00bb\u00bb]<br \/>\nPor Dr. Luis Carlos Estrada-Petrocelli, Presidente del Cap\u00edtulo IEEE EMBS Panam\u00e1<br \/>\n[\/vc_column_text][vc_single_image image=\u00bb31100&#8243; img_size=\u00bb700&#215;400&#8243; alignment=\u00bbcenter\u00bb css=\u00bb\u00bb][vc_empty_space][\/vc_column][\/vc_row][vc_row][vc_column][vc_column_text css=\u00bb\u00bb]<br \/>\nHace unas semanas, el Cap\u00edtulo de Panam\u00e1 de la Sociedad de Ingenier\u00eda en Medicina y Biolog\u00eda (EMBS), por sus siglas en ingl\u00e9s, del Instituto de Ingenieros El\u00e9ctricos y Electr\u00f3nicos &#8230;<\/p>\n","protected":false},"author":53,"featured_media":31100,"comment_status":"closed","ping_status":"closed","sticky":false,"template":"","format":"standard","meta":{"footnotes":"","_links_to":"","_links_to_target":""},"categories":[133921,663944,48],"tags":[],"class_list":["post-31099","post","type-post","status-publish","format-standard","has-post-thumbnail","hentry","category-biomedica","category-medios","category-noticias"],"yoast_head":"<!-- This site is optimized with the Yoast SEO plugin v27.5 - https:\/\/yoast.com\/product\/yoast-seo-wordpress\/ -->\n<title>Porque triunfamos en Latinoam\u00e9rica - IEEE Secci\u00f3n Panam\u00e1<\/title>\n<meta name=\"robots\" content=\"index, follow, max-snippet:-1, max-image-preview:large, max-video-preview:-1\" \/>\n<link rel=\"canonical\" href=\"https:\/\/r9.ieee.org\/panama\/porque-triunfamos-en-latinoamerica\/\" \/>\n<meta name=\"twitter:label1\" content=\"Escrito por\" \/>\n\t<meta name=\"twitter:data1\" content=\"Tania Quiel\" \/>\n\t<meta name=\"twitter:label2\" content=\"Tiempo de lectura\" \/>\n\t<meta name=\"twitter:data2\" content=\"3 minutos\" \/>\n<script type=\"application\/ld+json\" class=\"yoast-schema-graph\">{\"@context\":\"https:\\\/\\\/schema.org\",\"@graph\":[{\"@type\":\"Article\",\"@id\":\"https:\\\/\\\/r9.ieee.org\\\/panama\\\/porque-triunfamos-en-latinoamerica\\\/#article\",\"isPartOf\":{\"@id\":\"https:\\\/\\\/r9.ieee.org\\\/panama\\\/porque-triunfamos-en-latinoamerica\\\/\"},\"author\":{\"name\":\"Tania Quiel\",\"@id\":\"https:\\\/\\\/r9.ieee.org\\\/panama\\\/#\\\/schema\\\/person\\\/55589d3235274cac7c8800bd577b27f8\"},\"headline\":\"Porque triunfamos en Latinoam\u00e9rica\",\"datePublished\":\"2025-05-08T16:50:55+00:00\",\"dateModified\":\"2025-10-08T16:51:35+00:00\",\"mainEntityOfPage\":{\"@id\":\"https:\\\/\\\/r9.ieee.org\\\/panama\\\/porque-triunfamos-en-latinoamerica\\\/\"},\"wordCount\":573,\"image\":{\"@id\":\"https:\\\/\\\/r9.ieee.org\\\/panama\\\/porque-triunfamos-en-latinoamerica\\\/#primaryimage\"},\"thumbnailUrl\":\"https:\\\/\\\/r9.ieee.org\\\/panama\\\/wp-content\\\/uploads\\\/sites\\\/25\\\/2025\\\/10\\\/petrocelli.jpg\",\"articleSection\":[\"Biomedica\",\"Medios\",\"Noticias\"],\"inLanguage\":\"es\"},{\"@type\":\"WebPage\",\"@id\":\"https:\\\/\\\/r9.ieee.org\\\/panama\\\/porque-triunfamos-en-latinoamerica\\\/\",\"url\":\"https:\\\/\\\/r9.ieee.org\\\/panama\\\/porque-triunfamos-en-latinoamerica\\\/\",\"name\":\"Porque triunfamos en Latinoam\u00e9rica - IEEE Secci\u00f3n Panam\u00e1\",\"isPartOf\":{\"@id\":\"https:\\\/\\\/r9.ieee.org\\\/panama\\\/#website\"},\"primaryImageOfPage\":{\"@id\":\"https:\\\/\\\/r9.ieee.org\\\/panama\\\/porque-triunfamos-en-latinoamerica\\\/#primaryimage\"},\"image\":{\"@id\":\"https:\\\/\\\/r9.ieee.org\\\/panama\\\/porque-triunfamos-en-latinoamerica\\\/#primaryimage\"},\"thumbnailUrl\":\"https:\\\/\\\/r9.ieee.org\\\/panama\\\/wp-content\\\/uploads\\\/sites\\\/25\\\/2025\\\/10\\\/petrocelli.jpg\",\"datePublished\":\"2025-05-08T16:50:55+00:00\",\"dateModified\":\"2025-10-08T16:51:35+00:00\",\"author\":{\"@id\":\"https:\\\/\\\/r9.ieee.org\\\/panama\\\/#\\\/schema\\\/person\\\/55589d3235274cac7c8800bd577b27f8\"},\"inLanguage\":\"es\",\"potentialAction\":[{\"@type\":\"ReadAction\",\"target\":[\"https:\\\/\\\/r9.ieee.org\\\/panama\\\/porque-triunfamos-en-latinoamerica\\\/\"]}]},{\"@type\":\"ImageObject\",\"inLanguage\":\"es\",\"@id\":\"https:\\\/\\\/r9.ieee.org\\\/panama\\\/porque-triunfamos-en-latinoamerica\\\/#primaryimage\",\"url\":\"https:\\\/\\\/r9.ieee.org\\\/panama\\\/wp-content\\\/uploads\\\/sites\\\/25\\\/2025\\\/10\\\/petrocelli.jpg\",\"contentUrl\":\"https:\\\/\\\/r9.ieee.org\\\/panama\\\/wp-content\\\/uploads\\\/sites\\\/25\\\/2025\\\/10\\\/petrocelli.jpg\",\"width\":2048,\"height\":1365},{\"@type\":\"WebSite\",\"@id\":\"https:\\\/\\\/r9.ieee.org\\\/panama\\\/#website\",\"url\":\"https:\\\/\\\/r9.ieee.org\\\/panama\\\/\",\"name\":\"IEEE Secci\u00f3n Panam\u00e1\",\"description\":\"\",\"potentialAction\":[{\"@type\":\"SearchAction\",\"target\":{\"@type\":\"EntryPoint\",\"urlTemplate\":\"https:\\\/\\\/r9.ieee.org\\\/panama\\\/?s={search_term_string}\"},\"query-input\":{\"@type\":\"PropertyValueSpecification\",\"valueRequired\":true,\"valueName\":\"search_term_string\"}}],\"inLanguage\":\"es\"},{\"@type\":\"Person\",\"@id\":\"https:\\\/\\\/r9.ieee.org\\\/panama\\\/#\\\/schema\\\/person\\\/55589d3235274cac7c8800bd577b27f8\",\"name\":\"Tania Quiel\",\"image\":{\"@type\":\"ImageObject\",\"inLanguage\":\"es\",\"@id\":\"https:\\\/\\\/secure.gravatar.com\\\/avatar\\\/ffa3f852d60a71e7c3d7fabf3655b0e50e5d359f4d45655f66f9ccf80322cecb?s=96&r=g\",\"url\":\"https:\\\/\\\/secure.gravatar.com\\\/avatar\\\/ffa3f852d60a71e7c3d7fabf3655b0e50e5d359f4d45655f66f9ccf80322cecb?s=96&r=g\",\"contentUrl\":\"https:\\\/\\\/secure.gravatar.com\\\/avatar\\\/ffa3f852d60a71e7c3d7fabf3655b0e50e5d359f4d45655f66f9ccf80322cecb?s=96&r=g\",\"caption\":\"Tania Quiel\"},\"url\":\"https:\\\/\\\/r9.ieee.org\\\/panama\\\/author\\\/tquiel\\\/\"}]}<\/script>\n<!-- \/ Yoast SEO plugin. -->","yoast_head_json":{"title":"Porque triunfamos en Latinoam\u00e9rica - IEEE Secci\u00f3n Panam\u00e1","robots":{"index":"index","follow":"follow","max-snippet":"max-snippet:-1","max-image-preview":"max-image-preview:large","max-video-preview":"max-video-preview:-1"},"canonical":"https:\/\/r9.ieee.org\/panama\/porque-triunfamos-en-latinoamerica\/","twitter_misc":{"Escrito por":"Tania Quiel","Tiempo de lectura":"3 minutos"},"schema":{"@context":"https:\/\/schema.org","@graph":[{"@type":"Article","@id":"https:\/\/r9.ieee.org\/panama\/porque-triunfamos-en-latinoamerica\/#article","isPartOf":{"@id":"https:\/\/r9.ieee.org\/panama\/porque-triunfamos-en-latinoamerica\/"},"author":{"name":"Tania Quiel","@id":"https:\/\/r9.ieee.org\/panama\/#\/schema\/person\/55589d3235274cac7c8800bd577b27f8"},"headline":"Porque triunfamos en Latinoam\u00e9rica","datePublished":"2025-05-08T16:50:55+00:00","dateModified":"2025-10-08T16:51:35+00:00","mainEntityOfPage":{"@id":"https:\/\/r9.ieee.org\/panama\/porque-triunfamos-en-latinoamerica\/"},"wordCount":573,"image":{"@id":"https:\/\/r9.ieee.org\/panama\/porque-triunfamos-en-latinoamerica\/#primaryimage"},"thumbnailUrl":"https:\/\/r9.ieee.org\/panama\/wp-content\/uploads\/sites\/25\/2025\/10\/petrocelli.jpg","articleSection":["Biomedica","Medios","Noticias"],"inLanguage":"es"},{"@type":"WebPage","@id":"https:\/\/r9.ieee.org\/panama\/porque-triunfamos-en-latinoamerica\/","url":"https:\/\/r9.ieee.org\/panama\/porque-triunfamos-en-latinoamerica\/","name":"Porque triunfamos en Latinoam\u00e9rica - IEEE Secci\u00f3n Panam\u00e1","isPartOf":{"@id":"https:\/\/r9.ieee.org\/panama\/#website"},"primaryImageOfPage":{"@id":"https:\/\/r9.ieee.org\/panama\/porque-triunfamos-en-latinoamerica\/#primaryimage"},"image":{"@id":"https:\/\/r9.ieee.org\/panama\/porque-triunfamos-en-latinoamerica\/#primaryimage"},"thumbnailUrl":"https:\/\/r9.ieee.org\/panama\/wp-content\/uploads\/sites\/25\/2025\/10\/petrocelli.jpg","datePublished":"2025-05-08T16:50:55+00:00","dateModified":"2025-10-08T16:51:35+00:00","author":{"@id":"https:\/\/r9.ieee.org\/panama\/#\/schema\/person\/55589d3235274cac7c8800bd577b27f8"},"inLanguage":"es","potentialAction":[{"@type":"ReadAction","target":["https:\/\/r9.ieee.org\/panama\/porque-triunfamos-en-latinoamerica\/"]}]},{"@type":"ImageObject","inLanguage":"es","@id":"https:\/\/r9.ieee.org\/panama\/porque-triunfamos-en-latinoamerica\/#primaryimage","url":"https:\/\/r9.ieee.org\/panama\/wp-content\/uploads\/sites\/25\/2025\/10\/petrocelli.jpg","contentUrl":"https:\/\/r9.ieee.org\/panama\/wp-content\/uploads\/sites\/25\/2025\/10\/petrocelli.jpg","width":2048,"height":1365},{"@type":"WebSite","@id":"https:\/\/r9.ieee.org\/panama\/#website","url":"https:\/\/r9.ieee.org\/panama\/","name":"IEEE Secci\u00f3n Panam\u00e1","description":"","potentialAction":[{"@type":"SearchAction","target":{"@type":"EntryPoint","urlTemplate":"https:\/\/r9.ieee.org\/panama\/?s={search_term_string}"},"query-input":{"@type":"PropertyValueSpecification","valueRequired":true,"valueName":"search_term_string"}}],"inLanguage":"es"},{"@type":"Person","@id":"https:\/\/r9.ieee.org\/panama\/#\/schema\/person\/55589d3235274cac7c8800bd577b27f8","name":"Tania Quiel","image":{"@type":"ImageObject","inLanguage":"es","@id":"https:\/\/secure.gravatar.com\/avatar\/ffa3f852d60a71e7c3d7fabf3655b0e50e5d359f4d45655f66f9ccf80322cecb?s=96&r=g","url":"https:\/\/secure.gravatar.com\/avatar\/ffa3f852d60a71e7c3d7fabf3655b0e50e5d359f4d45655f66f9ccf80322cecb?s=96&r=g","contentUrl":"https:\/\/secure.gravatar.com\/avatar\/ffa3f852d60a71e7c3d7fabf3655b0e50e5d359f4d45655f66f9ccf80322cecb?s=96&r=g","caption":"Tania Quiel"},"url":"https:\/\/r9.ieee.org\/panama\/author\/tquiel\/"}]}},"_links":{"self":[{"href":"https:\/\/r9.ieee.org\/panama\/wp-json\/wp\/v2\/posts\/31099","targetHints":{"allow":["GET"]}}],"collection":[{"href":"https:\/\/r9.ieee.org\/panama\/wp-json\/wp\/v2\/posts"}],"about":[{"href":"https:\/\/r9.ieee.org\/panama\/wp-json\/wp\/v2\/types\/post"}],"author":[{"embeddable":true,"href":"https:\/\/r9.ieee.org\/panama\/wp-json\/wp\/v2\/users\/53"}],"replies":[{"embeddable":true,"href":"https:\/\/r9.ieee.org\/panama\/wp-json\/wp\/v2\/comments?post=31099"}],"version-history":[{"count":0,"href":"https:\/\/r9.ieee.org\/panama\/wp-json\/wp\/v2\/posts\/31099\/revisions"}],"wp:featuredmedia":[{"embeddable":true,"href":"https:\/\/r9.ieee.org\/panama\/wp-json\/wp\/v2\/media\/31100"}],"wp:attachment":[{"href":"https:\/\/r9.ieee.org\/panama\/wp-json\/wp\/v2\/media?parent=31099"}],"wp:term":[{"taxonomy":"category","embeddable":true,"href":"https:\/\/r9.ieee.org\/panama\/wp-json\/wp\/v2\/categories?post=31099"},{"taxonomy":"post_tag","embeddable":true,"href":"https:\/\/r9.ieee.org\/panama\/wp-json\/wp\/v2\/tags?post=31099"}],"curies":[{"name":"wp","href":"https:\/\/api.w.org\/{rel}","templated":true}]}},{"id":31092,"date":"2025-05-08T11:39:56","date_gmt":"2025-05-08T16:39:56","guid":{"rendered":"https:\/\/r9.ieee.org\/panama\/?p=31092"},"modified":"2025-10-08T11:41:05","modified_gmt":"2025-10-08T16:41:05","slug":"ingenieria-biomedica-de-panama-llega-a-la-cima-de-latinoamerica","status":"publish","type":"post","link":"https:\/\/r9.ieee.org\/panama\/ingenieria-biomedica-de-panama-llega-a-la-cima-de-latinoamerica\/","title":{"rendered":"Ingenier\u00eda biom\u00e9dica de Panam\u00e1 llega a la cima de Latinoam\u00e9rica"},"content":{"rendered":"<div class=\"wpb-content-wrapper\"><p>[vc_row][vc_column][vc_column_text css=\u00bb\u00bb]<\/p>\n<p style=\"text-align: center\"><em>El galard\u00f3n ser\u00e1 entregado en Copenhague, Dinamarca, el pr\u00f3ximo 14 de julio<\/em><\/p>\n<p>[\/vc_column_text][\/vc_column][\/vc_row][vc_row][vc_column width=\u00bb1\/4&#8243;][vc_single_image image=\u00bb31093&#8243; img_size=\u00bbfull\u00bb alignment=\u00bbcenter\u00bb css=\u00bb\u00bb][\/vc_column][vc_column width=\u00bb3\/4&#8243;][vc_empty_space][vc_column_text css=\u00bb\u00bb]<strong>Latinoam\u00e9rica, 25 de mayo del 2025.<\/strong> \u00a0La <strong>Sociedad de Ingenier\u00eda en Medicina y Biolog\u00eda del Instituto de Ingenieros El\u00e9ctricos y Electr\u00f3nicos (IEEE EMBS, por sus siglas en ingl\u00e9s)<\/strong> ha distinguido al <strong>Capitulo IEEE EMB<\/strong> de <strong>Panam\u00e1<\/strong> como el <strong>mejor de Latinoam\u00e9rica <\/strong>otorg\u00e1ndole el <strong>Best Regional Professional Chapter Award 2025<\/strong>.<\/p>\n<p>Este reconocimiento resalta la destacada trayectoria del cap\u00edtulo en la promoci\u00f3n de la ingenier\u00eda biom\u00e9dica, la organizaci\u00f3n de eventos cient\u00edficos de alto nivel y su firme compromiso con la formaci\u00f3n t\u00e9cnica, acad\u00e9mica y humanitaria.<\/p>\n<p>El premio fue anunciado mediante una nota oficial firmada por <strong>Natalie Mrachacz-Kersting, vicepresidenta de Membres\u00eda y Actividades Estudiantiles de la IEEE EMBS <\/strong>y ser\u00e1 entregado durante la ceremonia inaugural de la <strong>43.\u00aa Conferencia Internacional EMBC, el pr\u00f3ximo 14 de julio en el Bella Centre de Copenhague, Dinamarca.<\/strong><\/p>\n<p>La ingenier\u00eda biom\u00e9dica es una disciplina que aplica los principios y t\u00e9cnicas de la ingenier\u00eda al \u00e1mbito de la medicina y la biolog\u00eda. Su objetivo es dise\u00f1ar, desarrollar y mejorar dispositivos, sistemas y tecnolog\u00edas que contribuyan al diagn\u00f3stico, tratamiento y monitoreo de enfermedades, as\u00ed como a la mejora general de la atenci\u00f3n m\u00e9dica.<\/p>\n<p>&nbsp;<\/p>\n<h2><strong><u>Aportes que trascienden<\/u><\/strong><\/h2>\n<p>Seg\u00fan el <strong>Dr. Luis Carlos Estrada-Petrocelli, presidente del Cap\u00edtulo IEEE EMBS Panam\u00e1<\/strong>, este logro \u201ces fruto del trabajo colectivo y de una visi\u00f3n compartida.<\/p>\n<p>\u201cDurante los \u00faltimos a\u00f1os, el cap\u00edtulo ha desarrollado un trabajo constante y articulado a trav\u00e9s de eventos locales e internacionales, promoviendo la participaci\u00f3n acad\u00e9mica y profesional, y fortaleciendo los lazos con aliados estrat\u00e9gicos. Este logro reconoce una trayectoria construida colectivamente con visi\u00f3n y compromiso\u201d, expres\u00f3 el <strong>Dr. Estrada-Petrocelli.<\/strong><\/p>\n<p>\u201cSabemos que este premio fue otorgado tras un proceso de evaluaci\u00f3n riguroso por parte de un comit\u00e9 internacional, que valor\u00f3 el impacto, la calidad y el alcance de nuestras acciones. M\u00e1s all\u00e1 de lo t\u00e9cnico, esta distinci\u00f3n tiene un profundo significado para quienes hemos impulsado estas iniciativas con vocaci\u00f3n y convicci\u00f3n. Nos anima a seguir promoviendo una ingenier\u00eda biom\u00e9dica orientada al conocimiento, la formaci\u00f3n y el bienestar, desde Panam\u00e1 para el mundo. Adem\u00e1s, representa una muestra clara del potencial que tiene nuestra regi\u00f3n para liderar, innovar y contribuir significativamente al avance cient\u00edfico y tecnol\u00f3gico en el \u00e1mbito de la salud.\u201d, a\u00f1adi\u00f3 el <strong>presidente del Cap\u00edtulo IEEE EMBS Panam\u00e1<\/strong><\/p>\n<p>Por su parte, el <strong>Dr. Ernesto Ibarra, presidente de IEEE Secci\u00f3n Panam\u00e1<\/strong>, resalt\u00f3 que \u201cla ingenier\u00eda biom\u00e9dica ha jugado un papel fundamental en el fortalecimiento del sector salud en Panam\u00e1, aportando talento humano de alta calidad. Este reconocimiento no solo valida el camino recorrido, sino que tambi\u00e9n nos compromete a seguir apostando por la excelencia, la actualizaci\u00f3n permanente y el impacto social de nuestra labor\u201d. El Capitulo IEEE EMB de Panam\u00e1 fue fundado en el a\u00f1o 2009, contribuyendo durante m\u00e1s de 15 a\u00f1os al avance profesional y acad\u00e9micos de la ingenier\u00eda biom\u00e9dica en nuestro pa\u00eds, destaco el Dr. Ibarra.<\/p>\n<p>Actualmente, tres universidades paname\u00f1as ofrecen formaci\u00f3n acad\u00e9mica en esta especialidad: <strong>la Universidad Especializada de las Am\u00e9ricas (UDELAS), la Universidad Latina de Panam\u00e1 (ULATINA) y la Universidad Tecnol\u00f3gica de Panam\u00e1 (UTP). <\/strong>Entre ellas han graduado ya m\u00e1s de <strong>400 profesionales<\/strong> en ingenier\u00eda biom\u00e9dica, tanto a nivel t\u00e9cnico como de licenciatura, reflejando el crecimiento sostenido y la relevancia de esta disciplina en el pa\u00eds.[\/vc_column_text][\/vc_column][\/vc_row]<\/p>\n<\/div>","protected":false},"excerpt":{"rendered":"<p>[vc_row][vc_column][vc_column_text css=\u00bb\u00bb]<br \/>\nEl galard\u00f3n ser\u00e1 entregado en Copenhague, Dinamarca, el pr\u00f3ximo 14 de julio<br \/>\n[\/vc_column_text][\/vc_column][\/vc_row][vc_row][vc_column width=\u00bb1\/4&#8243;][vc_single_image image=\u00bb31093&#8243; img_size=\u00bbfull\u00bb alignment=\u00bbcenter\u00bb css=\u00bb\u00bb][\/vc_column][vc_column width=\u00bb3\/4&#8243;][vc_empty_space][vc_column_text css=\u00bb\u00bb]Latinoam\u00e9rica, 25 de mayo del 2025. \u00a0La Sociedad de Ingenier\u00eda en Medicina y Biolog\u00eda del Instituto de Ingenieros El\u00e9ctricos y Electr\u00f3nicos (IEEE EMBS, por sus siglas &#8230;<\/p>\n","protected":false},"author":53,"featured_media":31093,"comment_status":"closed","ping_status":"closed","sticky":false,"template":"","format":"standard","meta":{"footnotes":"","_links_to":"","_links_to_target":""},"categories":[133921,48],"tags":[],"class_list":["post-31092","post","type-post","status-publish","format-standard","has-post-thumbnail","hentry","category-biomedica","category-noticias"],"yoast_head":"<!-- This site is optimized with the Yoast SEO plugin v27.5 - https:\/\/yoast.com\/product\/yoast-seo-wordpress\/ -->\n<title>Ingenier\u00eda biom\u00e9dica de Panam\u00e1 llega a la cima de Latinoam\u00e9rica - IEEE Secci\u00f3n Panam\u00e1<\/title>\n<meta name=\"robots\" content=\"index, follow, max-snippet:-1, max-image-preview:large, max-video-preview:-1\" \/>\n<link rel=\"canonical\" href=\"https:\/\/r9.ieee.org\/panama\/ingenieria-biomedica-de-panama-llega-a-la-cima-de-latinoamerica\/\" \/>\n<meta name=\"twitter:label1\" content=\"Escrito por\" \/>\n\t<meta name=\"twitter:data1\" content=\"Tania Quiel\" \/>\n\t<meta name=\"twitter:label2\" content=\"Tiempo de lectura\" \/>\n\t<meta name=\"twitter:data2\" content=\"3 minutos\" \/>\n<script type=\"application\/ld+json\" class=\"yoast-schema-graph\">{\"@context\":\"https:\\\/\\\/schema.org\",\"@graph\":[{\"@type\":\"Article\",\"@id\":\"https:\\\/\\\/r9.ieee.org\\\/panama\\\/ingenieria-biomedica-de-panama-llega-a-la-cima-de-latinoamerica\\\/#article\",\"isPartOf\":{\"@id\":\"https:\\\/\\\/r9.ieee.org\\\/panama\\\/ingenieria-biomedica-de-panama-llega-a-la-cima-de-latinoamerica\\\/\"},\"author\":{\"name\":\"Tania Quiel\",\"@id\":\"https:\\\/\\\/r9.ieee.org\\\/panama\\\/#\\\/schema\\\/person\\\/55589d3235274cac7c8800bd577b27f8\"},\"headline\":\"Ingenier\u00eda biom\u00e9dica de Panam\u00e1 llega a la cima de Latinoam\u00e9rica\",\"datePublished\":\"2025-05-08T16:39:56+00:00\",\"dateModified\":\"2025-10-08T16:41:05+00:00\",\"mainEntityOfPage\":{\"@id\":\"https:\\\/\\\/r9.ieee.org\\\/panama\\\/ingenieria-biomedica-de-panama-llega-a-la-cima-de-latinoamerica\\\/\"},\"wordCount\":671,\"image\":{\"@id\":\"https:\\\/\\\/r9.ieee.org\\\/panama\\\/ingenieria-biomedica-de-panama-llega-a-la-cima-de-latinoamerica\\\/#primaryimage\"},\"thumbnailUrl\":\"https:\\\/\\\/r9.ieee.org\\\/panama\\\/wp-content\\\/uploads\\\/sites\\\/25\\\/2025\\\/10\\\/luis-estrada.jpg\",\"articleSection\":[\"Biomedica\",\"Noticias\"],\"inLanguage\":\"es\"},{\"@type\":\"WebPage\",\"@id\":\"https:\\\/\\\/r9.ieee.org\\\/panama\\\/ingenieria-biomedica-de-panama-llega-a-la-cima-de-latinoamerica\\\/\",\"url\":\"https:\\\/\\\/r9.ieee.org\\\/panama\\\/ingenieria-biomedica-de-panama-llega-a-la-cima-de-latinoamerica\\\/\",\"name\":\"Ingenier\u00eda biom\u00e9dica de Panam\u00e1 llega a la cima de Latinoam\u00e9rica - IEEE Secci\u00f3n Panam\u00e1\",\"isPartOf\":{\"@id\":\"https:\\\/\\\/r9.ieee.org\\\/panama\\\/#website\"},\"primaryImageOfPage\":{\"@id\":\"https:\\\/\\\/r9.ieee.org\\\/panama\\\/ingenieria-biomedica-de-panama-llega-a-la-cima-de-latinoamerica\\\/#primaryimage\"},\"image\":{\"@id\":\"https:\\\/\\\/r9.ieee.org\\\/panama\\\/ingenieria-biomedica-de-panama-llega-a-la-cima-de-latinoamerica\\\/#primaryimage\"},\"thumbnailUrl\":\"https:\\\/\\\/r9.ieee.org\\\/panama\\\/wp-content\\\/uploads\\\/sites\\\/25\\\/2025\\\/10\\\/luis-estrada.jpg\",\"datePublished\":\"2025-05-08T16:39:56+00:00\",\"dateModified\":\"2025-10-08T16:41:05+00:00\",\"author\":{\"@id\":\"https:\\\/\\\/r9.ieee.org\\\/panama\\\/#\\\/schema\\\/person\\\/55589d3235274cac7c8800bd577b27f8\"},\"inLanguage\":\"es\",\"potentialAction\":[{\"@type\":\"ReadAction\",\"target\":[\"https:\\\/\\\/r9.ieee.org\\\/panama\\\/ingenieria-biomedica-de-panama-llega-a-la-cima-de-latinoamerica\\\/\"]}]},{\"@type\":\"ImageObject\",\"inLanguage\":\"es\",\"@id\":\"https:\\\/\\\/r9.ieee.org\\\/panama\\\/ingenieria-biomedica-de-panama-llega-a-la-cima-de-latinoamerica\\\/#primaryimage\",\"url\":\"https:\\\/\\\/r9.ieee.org\\\/panama\\\/wp-content\\\/uploads\\\/sites\\\/25\\\/2025\\\/10\\\/luis-estrada.jpg\",\"contentUrl\":\"https:\\\/\\\/r9.ieee.org\\\/panama\\\/wp-content\\\/uploads\\\/sites\\\/25\\\/2025\\\/10\\\/luis-estrada.jpg\",\"width\":1280,\"height\":1128},{\"@type\":\"WebSite\",\"@id\":\"https:\\\/\\\/r9.ieee.org\\\/panama\\\/#website\",\"url\":\"https:\\\/\\\/r9.ieee.org\\\/panama\\\/\",\"name\":\"IEEE Secci\u00f3n Panam\u00e1\",\"description\":\"\",\"potentialAction\":[{\"@type\":\"SearchAction\",\"target\":{\"@type\":\"EntryPoint\",\"urlTemplate\":\"https:\\\/\\\/r9.ieee.org\\\/panama\\\/?s={search_term_string}\"},\"query-input\":{\"@type\":\"PropertyValueSpecification\",\"valueRequired\":true,\"valueName\":\"search_term_string\"}}],\"inLanguage\":\"es\"},{\"@type\":\"Person\",\"@id\":\"https:\\\/\\\/r9.ieee.org\\\/panama\\\/#\\\/schema\\\/person\\\/55589d3235274cac7c8800bd577b27f8\",\"name\":\"Tania Quiel\",\"image\":{\"@type\":\"ImageObject\",\"inLanguage\":\"es\",\"@id\":\"https:\\\/\\\/secure.gravatar.com\\\/avatar\\\/ffa3f852d60a71e7c3d7fabf3655b0e50e5d359f4d45655f66f9ccf80322cecb?s=96&r=g\",\"url\":\"https:\\\/\\\/secure.gravatar.com\\\/avatar\\\/ffa3f852d60a71e7c3d7fabf3655b0e50e5d359f4d45655f66f9ccf80322cecb?s=96&r=g\",\"contentUrl\":\"https:\\\/\\\/secure.gravatar.com\\\/avatar\\\/ffa3f852d60a71e7c3d7fabf3655b0e50e5d359f4d45655f66f9ccf80322cecb?s=96&r=g\",\"caption\":\"Tania Quiel\"},\"url\":\"https:\\\/\\\/r9.ieee.org\\\/panama\\\/author\\\/tquiel\\\/\"}]}<\/script>\n<!-- \/ Yoast SEO plugin. -->","yoast_head_json":{"title":"Ingenier\u00eda biom\u00e9dica de Panam\u00e1 llega a la cima de Latinoam\u00e9rica - IEEE Secci\u00f3n Panam\u00e1","robots":{"index":"index","follow":"follow","max-snippet":"max-snippet:-1","max-image-preview":"max-image-preview:large","max-video-preview":"max-video-preview:-1"},"canonical":"https:\/\/r9.ieee.org\/panama\/ingenieria-biomedica-de-panama-llega-a-la-cima-de-latinoamerica\/","twitter_misc":{"Escrito por":"Tania Quiel","Tiempo de lectura":"3 minutos"},"schema":{"@context":"https:\/\/schema.org","@graph":[{"@type":"Article","@id":"https:\/\/r9.ieee.org\/panama\/ingenieria-biomedica-de-panama-llega-a-la-cima-de-latinoamerica\/#article","isPartOf":{"@id":"https:\/\/r9.ieee.org\/panama\/ingenieria-biomedica-de-panama-llega-a-la-cima-de-latinoamerica\/"},"author":{"name":"Tania Quiel","@id":"https:\/\/r9.ieee.org\/panama\/#\/schema\/person\/55589d3235274cac7c8800bd577b27f8"},"headline":"Ingenier\u00eda biom\u00e9dica de Panam\u00e1 llega a la cima de Latinoam\u00e9rica","datePublished":"2025-05-08T16:39:56+00:00","dateModified":"2025-10-08T16:41:05+00:00","mainEntityOfPage":{"@id":"https:\/\/r9.ieee.org\/panama\/ingenieria-biomedica-de-panama-llega-a-la-cima-de-latinoamerica\/"},"wordCount":671,"image":{"@id":"https:\/\/r9.ieee.org\/panama\/ingenieria-biomedica-de-panama-llega-a-la-cima-de-latinoamerica\/#primaryimage"},"thumbnailUrl":"https:\/\/r9.ieee.org\/panama\/wp-content\/uploads\/sites\/25\/2025\/10\/luis-estrada.jpg","articleSection":["Biomedica","Noticias"],"inLanguage":"es"},{"@type":"WebPage","@id":"https:\/\/r9.ieee.org\/panama\/ingenieria-biomedica-de-panama-llega-a-la-cima-de-latinoamerica\/","url":"https:\/\/r9.ieee.org\/panama\/ingenieria-biomedica-de-panama-llega-a-la-cima-de-latinoamerica\/","name":"Ingenier\u00eda biom\u00e9dica de Panam\u00e1 llega a la cima de Latinoam\u00e9rica - IEEE Secci\u00f3n Panam\u00e1","isPartOf":{"@id":"https:\/\/r9.ieee.org\/panama\/#website"},"primaryImageOfPage":{"@id":"https:\/\/r9.ieee.org\/panama\/ingenieria-biomedica-de-panama-llega-a-la-cima-de-latinoamerica\/#primaryimage"},"image":{"@id":"https:\/\/r9.ieee.org\/panama\/ingenieria-biomedica-de-panama-llega-a-la-cima-de-latinoamerica\/#primaryimage"},"thumbnailUrl":"https:\/\/r9.ieee.org\/panama\/wp-content\/uploads\/sites\/25\/2025\/10\/luis-estrada.jpg","datePublished":"2025-05-08T16:39:56+00:00","dateModified":"2025-10-08T16:41:05+00:00","author":{"@id":"https:\/\/r9.ieee.org\/panama\/#\/schema\/person\/55589d3235274cac7c8800bd577b27f8"},"inLanguage":"es","potentialAction":[{"@type":"ReadAction","target":["https:\/\/r9.ieee.org\/panama\/ingenieria-biomedica-de-panama-llega-a-la-cima-de-latinoamerica\/"]}]},{"@type":"ImageObject","inLanguage":"es","@id":"https:\/\/r9.ieee.org\/panama\/ingenieria-biomedica-de-panama-llega-a-la-cima-de-latinoamerica\/#primaryimage","url":"https:\/\/r9.ieee.org\/panama\/wp-content\/uploads\/sites\/25\/2025\/10\/luis-estrada.jpg","contentUrl":"https:\/\/r9.ieee.org\/panama\/wp-content\/uploads\/sites\/25\/2025\/10\/luis-estrada.jpg","width":1280,"height":1128},{"@type":"WebSite","@id":"https:\/\/r9.ieee.org\/panama\/#website","url":"https:\/\/r9.ieee.org\/panama\/","name":"IEEE Secci\u00f3n Panam\u00e1","description":"","potentialAction":[{"@type":"SearchAction","target":{"@type":"EntryPoint","urlTemplate":"https:\/\/r9.ieee.org\/panama\/?s={search_term_string}"},"query-input":{"@type":"PropertyValueSpecification","valueRequired":true,"valueName":"search_term_string"}}],"inLanguage":"es"},{"@type":"Person","@id":"https:\/\/r9.ieee.org\/panama\/#\/schema\/person\/55589d3235274cac7c8800bd577b27f8","name":"Tania Quiel","image":{"@type":"ImageObject","inLanguage":"es","@id":"https:\/\/secure.gravatar.com\/avatar\/ffa3f852d60a71e7c3d7fabf3655b0e50e5d359f4d45655f66f9ccf80322cecb?s=96&r=g","url":"https:\/\/secure.gravatar.com\/avatar\/ffa3f852d60a71e7c3d7fabf3655b0e50e5d359f4d45655f66f9ccf80322cecb?s=96&r=g","contentUrl":"https:\/\/secure.gravatar.com\/avatar\/ffa3f852d60a71e7c3d7fabf3655b0e50e5d359f4d45655f66f9ccf80322cecb?s=96&r=g","caption":"Tania Quiel"},"url":"https:\/\/r9.ieee.org\/panama\/author\/tquiel\/"}]}},"_links":{"self":[{"href":"https:\/\/r9.ieee.org\/panama\/wp-json\/wp\/v2\/posts\/31092","targetHints":{"allow":["GET"]}}],"collection":[{"href":"https:\/\/r9.ieee.org\/panama\/wp-json\/wp\/v2\/posts"}],"about":[{"href":"https:\/\/r9.ieee.org\/panama\/wp-json\/wp\/v2\/types\/post"}],"author":[{"embeddable":true,"href":"https:\/\/r9.ieee.org\/panama\/wp-json\/wp\/v2\/users\/53"}],"replies":[{"embeddable":true,"href":"https:\/\/r9.ieee.org\/panama\/wp-json\/wp\/v2\/comments?post=31092"}],"version-history":[{"count":0,"href":"https:\/\/r9.ieee.org\/panama\/wp-json\/wp\/v2\/posts\/31092\/revisions"}],"wp:featuredmedia":[{"embeddable":true,"href":"https:\/\/r9.ieee.org\/panama\/wp-json\/wp\/v2\/media\/31093"}],"wp:attachment":[{"href":"https:\/\/r9.ieee.org\/panama\/wp-json\/wp\/v2\/media?parent=31092"}],"wp:term":[{"taxonomy":"category","embeddable":true,"href":"https:\/\/r9.ieee.org\/panama\/wp-json\/wp\/v2\/categories?post=31092"},{"taxonomy":"post_tag","embeddable":true,"href":"https:\/\/r9.ieee.org\/panama\/wp-json\/wp\/v2\/tags?post=31092"}],"curies":[{"name":"wp","href":"https:\/\/api.w.org\/{rel}","templated":true}]}},{"id":30963,"date":"2025-04-10T12:38:16","date_gmt":"2025-04-10T17:38:16","guid":{"rendered":"https:\/\/r9.ieee.org\/panama\/?p=30963"},"modified":"2025-04-10T12:38:16","modified_gmt":"2025-04-10T17:38:16","slug":"dia-del-biomedico-en-panama","status":"publish","type":"post","link":"https:\/\/r9.ieee.org\/panama\/wp-content\/uploads\/sites\/25\/2025\/04\/IEEE_Dia_Biomedico_01042025.pdf","title":{"rendered":"D\u00eda del Biom\u00e9dico en Panam\u00e1"},"content":{"rendered":"<div class=\"wpb-content-wrapper\"><p>[vc_row][vc_column][vc_column_text css=\u00bb\u00bb]<\/p>\n<p style=\"text-align: justify\">Hoy, 1 de abril de 2025, conmemoramos una fecha de gran importancia para la salud en Panam\u00e1: el D\u00eda del Biom\u00e9dico. Este es un d\u00eda para reconocer y valorar el arduo trabajo, el compromiso y la dedicaci\u00f3n de todos los profesionales de la ingenier\u00eda biom\u00e9dica que, con su conocimiento y pericia, contribuyen de manera fundamental al bienestar de nuestra sociedad.<\/p>\n<p style=\"text-align: justify\">En los \u00faltimos a\u00f1os, la profesi\u00f3n biom\u00e9dica ha experimentado un notable crecimiento en nuestro pa\u00eds. Cada vez m\u00e1s, los profesionales de la ingenier\u00eda biom\u00e9dica son piezas clave en el diagn\u00f3stico, tratamiento y prevenci\u00f3n de enfermedades, aplicando tecnolog\u00edas de vanguardia y pr\u00e1cticas cient\u00edficas para garantizar la salud de todos. Su labor ha sido esencial en la respuesta a la pandemia y en la mejora continua de los servicios m\u00e9dicos.<\/p>\n<p style=\"text-align: justify\">El avance del \u00e1rea, la actualizaci\u00f3n constante y la investigaci\u00f3n biom\u00e9dica permiten que cada vez m\u00e1s profesionales se especialicen, ofreciendo un valor agregado que beneficia directamente a los pacientes y al sistema de salud en general.<\/p>\n<p style=\"text-align: justify\">Hoy celebramos no solo a los profesionales de la ingenier\u00eda biom\u00e9dica por su trabajo diario, sino tambi\u00e9n el progreso de una profesi\u00f3n que, con esfuerzo y pasi\u00f3n, sigue creciendo y transform\u00e1ndose para hacer frente a los retos del futuro. \u00a1Gracias por su invaluable aporte a la salud p\u00fablica y por su incansable labor!<\/p>\n<p style=\"text-align: justify\">\u00a1Feliz D\u00eda del Biom\u00e9dico<\/p>\n<p>&nbsp;<\/p>\n<p>DR. ERNESTO IBARRA<br \/>\nPresidente- IEEE Secci\u00f3n Panam\u00e1[\/vc_column_text][\/vc_column][\/vc_row]<\/p>\n<\/div>","protected":false},"excerpt":{"rendered":"<p>[vc_row][vc_column][vc_column_text css=\u00bb\u00bb]<br \/>\nHoy, 1 de abril de 2025, conmemoramos una fecha de gran importancia para la salud en Panam\u00e1: el D\u00eda del Biom\u00e9dico. Este es un d\u00eda para reconocer y valorar el arduo trabajo, el compromiso y la dedicaci\u00f3n de todos los profesionales de la ingenier\u00eda &#8230;<\/p>\n","protected":false},"author":53,"featured_media":30876,"comment_status":"closed","ping_status":"closed","sticky":false,"template":"","format":"standard","meta":{"footnotes":"","_links_to":"https:\/\/r9.ieee.org\/panama\/wp-content\/uploads\/sites\/25\/2025\/04\/IEEE_Dia_Biomedico_01042025.pdf","_links_to_target":"_blank"},"categories":[133921,48],"tags":[],"class_list":["post-30963","post","type-post","status-publish","format-standard","has-post-thumbnail","hentry","category-biomedica","category-noticias"],"yoast_head":"<!-- This site is optimized with the Yoast SEO plugin v27.5 - https:\/\/yoast.com\/product\/yoast-seo-wordpress\/ -->\n<title>D\u00eda del Biom\u00e9dico en Panam\u00e1 - IEEE Secci\u00f3n Panam\u00e1<\/title>\n<meta name=\"robots\" content=\"index, follow, max-snippet:-1, max-image-preview:large, max-video-preview:-1\" \/>\n<link rel=\"canonical\" href=\"https:\/\/r9.ieee.org\/panama\/wp-content\/uploads\/sites\/25\/2025\/04\/IEEE_Dia_Biomedico_01042025.pdf\" \/>\n<meta name=\"twitter:label1\" content=\"Escrito por\" \/>\n\t<meta name=\"twitter:data1\" content=\"Tania Quiel\" \/>\n\t<meta name=\"twitter:label2\" content=\"Tiempo de lectura\" \/>\n\t<meta name=\"twitter:data2\" content=\"1 minuto\" \/>\n<script type=\"application\/ld+json\" class=\"yoast-schema-graph\">{\"@context\":\"https:\\\/\\\/schema.org\",\"@graph\":[{\"@type\":\"Article\",\"@id\":\"https:\\\/\\\/r9.ieee.org\\\/panama\\\/wp-content\\\/uploads\\\/sites\\\/25\\\/2025\\\/04\\\/IEEE_Dia_Biomedico_01042025.pdf#article\",\"isPartOf\":{\"@id\":\"https:\\\/\\\/r9.ieee.org\\\/panama\\\/wp-content\\\/uploads\\\/sites\\\/25\\\/2025\\\/04\\\/IEEE_Dia_Biomedico_01042025.pdf\"},\"author\":{\"name\":\"Tania Quiel\",\"@id\":\"https:\\\/\\\/r9.ieee.org\\\/panama\\\/#\\\/schema\\\/person\\\/55589d3235274cac7c8800bd577b27f8\"},\"headline\":\"D\u00eda del Biom\u00e9dico en Panam\u00e1\",\"datePublished\":\"2025-04-10T17:38:16+00:00\",\"mainEntityOfPage\":{\"@id\":\"https:\\\/\\\/r9.ieee.org\\\/panama\\\/wp-content\\\/uploads\\\/sites\\\/25\\\/2025\\\/04\\\/IEEE_Dia_Biomedico_01042025.pdf\"},\"wordCount\":282,\"image\":{\"@id\":\"https:\\\/\\\/r9.ieee.org\\\/panama\\\/wp-content\\\/uploads\\\/sites\\\/25\\\/2025\\\/04\\\/IEEE_Dia_Biomedico_01042025.pdf#primaryimage\"},\"thumbnailUrl\":\"https:\\\/\\\/r9.ieee.org\\\/panama\\\/wp-content\\\/uploads\\\/sites\\\/25\\\/2025\\\/03\\\/IEEE-EMBS-Panama-Color.png\",\"articleSection\":[\"Biomedica\",\"Noticias\"],\"inLanguage\":\"es\"},{\"@type\":\"WebPage\",\"@id\":\"https:\\\/\\\/r9.ieee.org\\\/panama\\\/wp-content\\\/uploads\\\/sites\\\/25\\\/2025\\\/04\\\/IEEE_Dia_Biomedico_01042025.pdf\",\"url\":\"https:\\\/\\\/r9.ieee.org\\\/panama\\\/wp-content\\\/uploads\\\/sites\\\/25\\\/2025\\\/04\\\/IEEE_Dia_Biomedico_01042025.pdf\",\"name\":\"D\u00eda del Biom\u00e9dico en Panam\u00e1 - IEEE Secci\u00f3n Panam\u00e1\",\"isPartOf\":{\"@id\":\"https:\\\/\\\/r9.ieee.org\\\/panama\\\/#website\"},\"primaryImageOfPage\":{\"@id\":\"https:\\\/\\\/r9.ieee.org\\\/panama\\\/wp-content\\\/uploads\\\/sites\\\/25\\\/2025\\\/04\\\/IEEE_Dia_Biomedico_01042025.pdf#primaryimage\"},\"image\":{\"@id\":\"https:\\\/\\\/r9.ieee.org\\\/panama\\\/wp-content\\\/uploads\\\/sites\\\/25\\\/2025\\\/04\\\/IEEE_Dia_Biomedico_01042025.pdf#primaryimage\"},\"thumbnailUrl\":\"https:\\\/\\\/r9.ieee.org\\\/panama\\\/wp-content\\\/uploads\\\/sites\\\/25\\\/2025\\\/03\\\/IEEE-EMBS-Panama-Color.png\",\"datePublished\":\"2025-04-10T17:38:16+00:00\",\"author\":{\"@id\":\"https:\\\/\\\/r9.ieee.org\\\/panama\\\/#\\\/schema\\\/person\\\/55589d3235274cac7c8800bd577b27f8\"},\"inLanguage\":\"es\",\"potentialAction\":[{\"@type\":\"ReadAction\",\"target\":[\"https:\\\/\\\/r9.ieee.org\\\/panama\\\/wp-content\\\/uploads\\\/sites\\\/25\\\/2025\\\/04\\\/IEEE_Dia_Biomedico_01042025.pdf\"]}]},{\"@type\":\"ImageObject\",\"inLanguage\":\"es\",\"@id\":\"https:\\\/\\\/r9.ieee.org\\\/panama\\\/wp-content\\\/uploads\\\/sites\\\/25\\\/2025\\\/04\\\/IEEE_Dia_Biomedico_01042025.pdf#primaryimage\",\"url\":\"https:\\\/\\\/r9.ieee.org\\\/panama\\\/wp-content\\\/uploads\\\/sites\\\/25\\\/2025\\\/03\\\/IEEE-EMBS-Panama-Color.png\",\"contentUrl\":\"https:\\\/\\\/r9.ieee.org\\\/panama\\\/wp-content\\\/uploads\\\/sites\\\/25\\\/2025\\\/03\\\/IEEE-EMBS-Panama-Color.png\",\"width\":711,\"height\":506},{\"@type\":\"WebSite\",\"@id\":\"https:\\\/\\\/r9.ieee.org\\\/panama\\\/#website\",\"url\":\"https:\\\/\\\/r9.ieee.org\\\/panama\\\/\",\"name\":\"IEEE Secci\u00f3n Panam\u00e1\",\"description\":\"\",\"potentialAction\":[{\"@type\":\"SearchAction\",\"target\":{\"@type\":\"EntryPoint\",\"urlTemplate\":\"https:\\\/\\\/r9.ieee.org\\\/panama\\\/?s={search_term_string}\"},\"query-input\":{\"@type\":\"PropertyValueSpecification\",\"valueRequired\":true,\"valueName\":\"search_term_string\"}}],\"inLanguage\":\"es\"},{\"@type\":\"Person\",\"@id\":\"https:\\\/\\\/r9.ieee.org\\\/panama\\\/#\\\/schema\\\/person\\\/55589d3235274cac7c8800bd577b27f8\",\"name\":\"Tania Quiel\",\"image\":{\"@type\":\"ImageObject\",\"inLanguage\":\"es\",\"@id\":\"https:\\\/\\\/secure.gravatar.com\\\/avatar\\\/ffa3f852d60a71e7c3d7fabf3655b0e50e5d359f4d45655f66f9ccf80322cecb?s=96&r=g\",\"url\":\"https:\\\/\\\/secure.gravatar.com\\\/avatar\\\/ffa3f852d60a71e7c3d7fabf3655b0e50e5d359f4d45655f66f9ccf80322cecb?s=96&r=g\",\"contentUrl\":\"https:\\\/\\\/secure.gravatar.com\\\/avatar\\\/ffa3f852d60a71e7c3d7fabf3655b0e50e5d359f4d45655f66f9ccf80322cecb?s=96&r=g\",\"caption\":\"Tania Quiel\"},\"url\":\"https:\\\/\\\/r9.ieee.org\\\/panama\\\/author\\\/tquiel\\\/\"}]}<\/script>\n<!-- \/ Yoast SEO plugin. -->","yoast_head_json":{"title":"D\u00eda del Biom\u00e9dico en Panam\u00e1 - IEEE Secci\u00f3n Panam\u00e1","robots":{"index":"index","follow":"follow","max-snippet":"max-snippet:-1","max-image-preview":"max-image-preview:large","max-video-preview":"max-video-preview:-1"},"canonical":"https:\/\/r9.ieee.org\/panama\/wp-content\/uploads\/sites\/25\/2025\/04\/IEEE_Dia_Biomedico_01042025.pdf","twitter_misc":{"Escrito por":"Tania Quiel","Tiempo de lectura":"1 minuto"},"schema":{"@context":"https:\/\/schema.org","@graph":[{"@type":"Article","@id":"https:\/\/r9.ieee.org\/panama\/wp-content\/uploads\/sites\/25\/2025\/04\/IEEE_Dia_Biomedico_01042025.pdf#article","isPartOf":{"@id":"https:\/\/r9.ieee.org\/panama\/wp-content\/uploads\/sites\/25\/2025\/04\/IEEE_Dia_Biomedico_01042025.pdf"},"author":{"name":"Tania Quiel","@id":"https:\/\/r9.ieee.org\/panama\/#\/schema\/person\/55589d3235274cac7c8800bd577b27f8"},"headline":"D\u00eda del Biom\u00e9dico en Panam\u00e1","datePublished":"2025-04-10T17:38:16+00:00","mainEntityOfPage":{"@id":"https:\/\/r9.ieee.org\/panama\/wp-content\/uploads\/sites\/25\/2025\/04\/IEEE_Dia_Biomedico_01042025.pdf"},"wordCount":282,"image":{"@id":"https:\/\/r9.ieee.org\/panama\/wp-content\/uploads\/sites\/25\/2025\/04\/IEEE_Dia_Biomedico_01042025.pdf#primaryimage"},"thumbnailUrl":"https:\/\/r9.ieee.org\/panama\/wp-content\/uploads\/sites\/25\/2025\/03\/IEEE-EMBS-Panama-Color.png","articleSection":["Biomedica","Noticias"],"inLanguage":"es"},{"@type":"WebPage","@id":"https:\/\/r9.ieee.org\/panama\/wp-content\/uploads\/sites\/25\/2025\/04\/IEEE_Dia_Biomedico_01042025.pdf","url":"https:\/\/r9.ieee.org\/panama\/wp-content\/uploads\/sites\/25\/2025\/04\/IEEE_Dia_Biomedico_01042025.pdf","name":"D\u00eda del Biom\u00e9dico en Panam\u00e1 - IEEE Secci\u00f3n Panam\u00e1","isPartOf":{"@id":"https:\/\/r9.ieee.org\/panama\/#website"},"primaryImageOfPage":{"@id":"https:\/\/r9.ieee.org\/panama\/wp-content\/uploads\/sites\/25\/2025\/04\/IEEE_Dia_Biomedico_01042025.pdf#primaryimage"},"image":{"@id":"https:\/\/r9.ieee.org\/panama\/wp-content\/uploads\/sites\/25\/2025\/04\/IEEE_Dia_Biomedico_01042025.pdf#primaryimage"},"thumbnailUrl":"https:\/\/r9.ieee.org\/panama\/wp-content\/uploads\/sites\/25\/2025\/03\/IEEE-EMBS-Panama-Color.png","datePublished":"2025-04-10T17:38:16+00:00","author":{"@id":"https:\/\/r9.ieee.org\/panama\/#\/schema\/person\/55589d3235274cac7c8800bd577b27f8"},"inLanguage":"es","potentialAction":[{"@type":"ReadAction","target":["https:\/\/r9.ieee.org\/panama\/wp-content\/uploads\/sites\/25\/2025\/04\/IEEE_Dia_Biomedico_01042025.pdf"]}]},{"@type":"ImageObject","inLanguage":"es","@id":"https:\/\/r9.ieee.org\/panama\/wp-content\/uploads\/sites\/25\/2025\/04\/IEEE_Dia_Biomedico_01042025.pdf#primaryimage","url":"https:\/\/r9.ieee.org\/panama\/wp-content\/uploads\/sites\/25\/2025\/03\/IEEE-EMBS-Panama-Color.png","contentUrl":"https:\/\/r9.ieee.org\/panama\/wp-content\/uploads\/sites\/25\/2025\/03\/IEEE-EMBS-Panama-Color.png","width":711,"height":506},{"@type":"WebSite","@id":"https:\/\/r9.ieee.org\/panama\/#website","url":"https:\/\/r9.ieee.org\/panama\/","name":"IEEE Secci\u00f3n Panam\u00e1","description":"","potentialAction":[{"@type":"SearchAction","target":{"@type":"EntryPoint","urlTemplate":"https:\/\/r9.ieee.org\/panama\/?s={search_term_string}"},"query-input":{"@type":"PropertyValueSpecification","valueRequired":true,"valueName":"search_term_string"}}],"inLanguage":"es"},{"@type":"Person","@id":"https:\/\/r9.ieee.org\/panama\/#\/schema\/person\/55589d3235274cac7c8800bd577b27f8","name":"Tania Quiel","image":{"@type":"ImageObject","inLanguage":"es","@id":"https:\/\/secure.gravatar.com\/avatar\/ffa3f852d60a71e7c3d7fabf3655b0e50e5d359f4d45655f66f9ccf80322cecb?s=96&r=g","url":"https:\/\/secure.gravatar.com\/avatar\/ffa3f852d60a71e7c3d7fabf3655b0e50e5d359f4d45655f66f9ccf80322cecb?s=96&r=g","contentUrl":"https:\/\/secure.gravatar.com\/avatar\/ffa3f852d60a71e7c3d7fabf3655b0e50e5d359f4d45655f66f9ccf80322cecb?s=96&r=g","caption":"Tania Quiel"},"url":"https:\/\/r9.ieee.org\/panama\/author\/tquiel\/"}]}},"_links":{"self":[{"href":"https:\/\/r9.ieee.org\/panama\/wp-json\/wp\/v2\/posts\/30963","targetHints":{"allow":["GET"]}}],"collection":[{"href":"https:\/\/r9.ieee.org\/panama\/wp-json\/wp\/v2\/posts"}],"about":[{"href":"https:\/\/r9.ieee.org\/panama\/wp-json\/wp\/v2\/types\/post"}],"author":[{"embeddable":true,"href":"https:\/\/r9.ieee.org\/panama\/wp-json\/wp\/v2\/users\/53"}],"replies":[{"embeddable":true,"href":"https:\/\/r9.ieee.org\/panama\/wp-json\/wp\/v2\/comments?post=30963"}],"version-history":[{"count":0,"href":"https:\/\/r9.ieee.org\/panama\/wp-json\/wp\/v2\/posts\/30963\/revisions"}],"wp:featuredmedia":[{"embeddable":true,"href":"https:\/\/r9.ieee.org\/panama\/wp-json\/wp\/v2\/media\/30876"}],"wp:attachment":[{"href":"https:\/\/r9.ieee.org\/panama\/wp-json\/wp\/v2\/media?parent=30963"}],"wp:term":[{"taxonomy":"category","embeddable":true,"href":"https:\/\/r9.ieee.org\/panama\/wp-json\/wp\/v2\/categories?post=30963"},{"taxonomy":"post_tag","embeddable":true,"href":"https:\/\/r9.ieee.org\/panama\/wp-json\/wp\/v2\/tags?post=30963"}],"curies":[{"name":"wp","href":"https:\/\/api.w.org\/{rel}","templated":true}]}}]